{"id":88176,"date":"2022-10-11T12:14:00","date_gmt":"2022-10-11T12:14:00","guid":{"rendered":"http:\/\/10.200.87.50\/mppee\/?p=88176"},"modified":"2022-10-13T14:15:13","modified_gmt":"2022-10-13T14:15:13","slug":"restituido-el-95-del-servicio-electrico-y-el-100-de-la-telefonia-movil-en-las-tejerias","status":"publish","type":"post","link":"https:\/\/mppee.gob.ve\/?p=88176","title":{"rendered":"Restituido el 95% del servicio el\u00e9ctrico y el 100% de la telefon\u00eda m\u00f3vil en Las Tejer\u00edas"},"content":{"rendered":"<p style=\"text-align: justify;\"><img loading=\"lazy\" decoding=\"async\" class=\"size-medium wp-image-88185 alignleft\" src=\"http:\/\/10.200.87.50\/mppee\/wp-content\/uploads\/2022\/10\/Restituido-el-95-del-servicio-el\u00e9ctrico-y-el-100-de-la-telefon\u00eda-m\u00f3vil-en-Las-Tejer\u00edas-9-300x200.jpg\" alt=\"\" width=\"300\" height=\"200\" srcset=\"https:\/\/mppee.gob.ve\/wp-content\/uploads\/2022\/10\/Restituido-el-95-del-servicio-el\u00e9ctrico-y-el-100-de-la-telefon\u00eda-m\u00f3vil-en-Las-Tejer\u00edas-9-300x200.jpg 300w, https:\/\/mppee.gob.ve\/wp-content\/uploads\/2022\/10\/Restituido-el-95-del-servicio-el\u00e9ctrico-y-el-100-de-la-telefon\u00eda-m\u00f3vil-en-Las-Tejer\u00edas-9-768x512.jpg 768w, https:\/\/mppee.gob.ve\/wp-content\/uploads\/2022\/10\/Restituido-el-95-del-servicio-el\u00e9ctrico-y-el-100-de-la-telefon\u00eda-m\u00f3vil-en-Las-Tejer\u00edas-9.jpg 912w\" sizes=\"auto, (max-width: 300px) 100vw, 300px\" \/>El vicepresidente Sectorial de Obras P\u00fablicas y Servicios, G\/J N\u00e9stor Reverol, inform\u00f3 la noche de este martes que el 95% del servicio el\u00e9ctrico y el 100% de la telefon\u00eda m\u00f3vil han sido restituidos en Las Tejer\u00edas, estado Aragua, que result\u00f3 afectada por un gran deslave producto de las fuertes lluvias.<\/p>\n<p>La informaci\u00f3n la ofreci\u00f3 el General en Jefe durante un contacto satelital con el presidente de la Rep\u00fablica Bolivariana de Venezuela, Nicol\u00e1s Maduro, quien lider\u00f3 una jornada de trabajo dedicada al balance de los trabajos de recuperaci\u00f3n en Las Tejer\u00edas y los estados afectados por las lluvias.<\/p>\n<p><strong><img loading=\"lazy\" decoding=\"async\" class=\"size-medium wp-image-88184 alignright\" src=\"http:\/\/10.200.87.50\/mppee\/wp-content\/uploads\/2022\/10\/Restituido-el-95-del-servicio-el\u00e9ctrico-y-el-100-de-la-telefon\u00eda-m\u00f3vil-en-Las-Tejer\u00edas-8-300x191.jpg\" alt=\"\" width=\"300\" height=\"191\" srcset=\"https:\/\/mppee.gob.ve\/wp-content\/uploads\/2022\/10\/Restituido-el-95-del-servicio-el\u00e9ctrico-y-el-100-de-la-telefon\u00eda-m\u00f3vil-en-Las-Tejer\u00edas-8-300x191.jpg 300w, https:\/\/mppee.gob.ve\/wp-content\/uploads\/2022\/10\/Restituido-el-95-del-servicio-el\u00e9ctrico-y-el-100-de-la-telefon\u00eda-m\u00f3vil-en-Las-Tejer\u00edas-8-1024x651.jpg 1024w, https:\/\/mppee.gob.ve\/wp-content\/uploads\/2022\/10\/Restituido-el-95-del-servicio-el\u00e9ctrico-y-el-100-de-la-telefon\u00eda-m\u00f3vil-en-Las-Tejer\u00edas-8-768x489.jpg 768w, https:\/\/mppee.gob.ve\/wp-content\/uploads\/2022\/10\/Restituido-el-95-del-servicio-el\u00e9ctrico-y-el-100-de-la-telefon\u00eda-m\u00f3vil-en-Las-Tejer\u00edas-8.jpg 1080w\" sizes=\"auto, (max-width: 300px) 100vw, 300px\" \/>\u201cTambi\u00e9n queremos informar que ma\u00f1ana vamos a entrar con fuerza en la zona industrial, tenemos esa tarea pendiente, luego de priorizar a nuestro \u00a0pueblo; al igual que las telecomunicaciones que est\u00e1n \u00a0100 % restituidas, con las tres telefon\u00edas m\u00f3viles\u201d,<\/strong> expres\u00f3 Reverol.<\/p>\n<p>Referente al servicio de la CANTV comunic\u00f3 que se requiere de un tratamiento especial, debido a que la quebrada arrastr\u00f3 todos los equipos que estaban instalados en el municipio.<\/p>\n<p><strong><img loading=\"lazy\" decoding=\"async\" class=\"size-medium wp-image-88183 alignleft\" src=\"http:\/\/10.200.87.50\/mppee\/wp-content\/uploads\/2022\/10\/Restituido-el-95-del-servicio-el\u00e9ctrico-y-el-100-de-la-telefon\u00eda-m\u00f3vil-en-Las-Tejer\u00edas-7-200x300.jpg\" alt=\"\" width=\"200\" height=\"300\" srcset=\"https:\/\/mppee.gob.ve\/wp-content\/uploads\/2022\/10\/Restituido-el-95-del-servicio-el\u00e9ctrico-y-el-100-de-la-telefon\u00eda-m\u00f3vil-en-Las-Tejer\u00edas-7-200x300.jpg 200w, https:\/\/mppee.gob.ve\/wp-content\/uploads\/2022\/10\/Restituido-el-95-del-servicio-el\u00e9ctrico-y-el-100-de-la-telefon\u00eda-m\u00f3vil-en-Las-Tejer\u00edas-7-682x1024.jpg 682w, https:\/\/mppee.gob.ve\/wp-content\/uploads\/2022\/10\/Restituido-el-95-del-servicio-el\u00e9ctrico-y-el-100-de-la-telefon\u00eda-m\u00f3vil-en-Las-Tejer\u00edas-7-768x1152.jpg 768w, https:\/\/mppee.gob.ve\/wp-content\/uploads\/2022\/10\/Restituido-el-95-del-servicio-el\u00e9ctrico-y-el-100-de-la-telefon\u00eda-m\u00f3vil-en-Las-Tejer\u00edas-7.jpg 853w\" sizes=\"auto, (max-width: 200px) 100vw, 200px\" \/>\u201cIgualmente, el tema de la recolecci\u00f3n de basura, ya coordinamos con el alcalde y con los alcaldes de los municipios vecinos para hacer la recolecci\u00f3n de basura en horas nocturnas para no afectar las labores de trabajo y de b\u00fasqueda y rescate de las personas que se encuentran desaparecidas\u201d,<\/strong> precis\u00f3.<\/p>\n<p>El tambi\u00e9n ministro para la Energ\u00eda El\u00e9ctrica asegur\u00f3 que m\u00e1s de mil trabajadores de obras p\u00fablicas se encuentran desplegados en ocho frentes de trabajo, atendiendo con 32 maquinarias, 18 volquetas y 25 equipos, los \u00a0diversos aspectos en esta comunidad.<\/p>\n<p><strong>\u201cSe atendi\u00f3 paralelamente las v\u00edas principales, los ramales y un equipo especial que atendi\u00f3 a la poblaci\u00f3n para limpiar sus viviendas. Estamos atendiendo las cuatros quebradas que se desbordaron y el eje transversal del r\u00edo Tuy, lo estamos atendiendo desde ayer con 17 m\u00e1quinas\u201d<\/strong>, explic\u00f3.<\/p>\n<p><img loading=\"lazy\" decoding=\"async\" class=\"size-medium wp-image-88182 alignright\" src=\"http:\/\/10.200.87.50\/mppee\/wp-content\/uploads\/2022\/10\/Restituido-el-95-del-servicio-el\u00e9ctrico-y-el-100-de-la-telefon\u00eda-m\u00f3vil-en-Las-Tejer\u00edas-6-300x200.jpg\" alt=\"\" width=\"300\" height=\"200\" srcset=\"https:\/\/mppee.gob.ve\/wp-content\/uploads\/2022\/10\/Restituido-el-95-del-servicio-el\u00e9ctrico-y-el-100-de-la-telefon\u00eda-m\u00f3vil-en-Las-Tejer\u00edas-6-300x200.jpg 300w, https:\/\/mppee.gob.ve\/wp-content\/uploads\/2022\/10\/Restituido-el-95-del-servicio-el\u00e9ctrico-y-el-100-de-la-telefon\u00eda-m\u00f3vil-en-Las-Tejer\u00edas-6-768x512.jpg 768w, https:\/\/mppee.gob.ve\/wp-content\/uploads\/2022\/10\/Restituido-el-95-del-servicio-el\u00e9ctrico-y-el-100-de-la-telefon\u00eda-m\u00f3vil-en-Las-Tejer\u00edas-6.jpg 912w\" sizes=\"auto, (max-width: 300px) 100vw, 300px\" \/>Finalmente, afirm\u00f3 que en un lapso de tres o cuatros d\u00edas se debe estar subsanando los problemas de la mayor\u00eda de las avenidas y las calles de los sectores afectados.<\/p>\n<p><strong>Prensa Mppee<\/strong><\/p>\n<p><img loading=\"lazy\" decoding=\"async\" class=\"alignnone wp-image-88181 size-full\" src=\"http:\/\/10.200.87.50\/mppee\/wp-content\/uploads\/2022\/10\/Restituido-el-95-del-servicio-el\u00e9ctrico-y-el-100-de-la-telefon\u00eda-m\u00f3vil-en-Las-Tejer\u00edas-5.jpg\" alt=\"\" width=\"912\" height=\"608\" srcset=\"https:\/\/mppee.gob.ve\/wp-content\/uploads\/2022\/10\/Restituido-el-95-del-servicio-el\u00e9ctrico-y-el-100-de-la-telefon\u00eda-m\u00f3vil-en-Las-Tejer\u00edas-5.jpg 912w, https:\/\/mppee.gob.ve\/wp-content\/uploads\/2022\/10\/Restituido-el-95-del-servicio-el\u00e9ctrico-y-el-100-de-la-telefon\u00eda-m\u00f3vil-en-Las-Tejer\u00edas-5-300x200.jpg 300w, https:\/\/mppee.gob.ve\/wp-content\/uploads\/2022\/10\/Restituido-el-95-del-servicio-el\u00e9ctrico-y-el-100-de-la-telefon\u00eda-m\u00f3vil-en-Las-Tejer\u00edas-5-768x512.jpg 768w\" sizes=\"auto, (max-width: 912px) 100vw, 912px\" \/> <img loading=\"lazy\" decoding=\"async\" class=\"alignnone wp-image-88180 size-full\" src=\"http:\/\/10.200.87.50\/mppee\/wp-content\/uploads\/2022\/10\/Restituido-el-95-del-servicio-el\u00e9ctrico-y-el-100-de-la-telefon\u00eda-m\u00f3vil-en-Las-Tejer\u00edas-4.jpg\" alt=\"\" width=\"1080\" height=\"698\" srcset=\"https:\/\/mppee.gob.ve\/wp-content\/uploads\/2022\/10\/Restituido-el-95-del-servicio-el\u00e9ctrico-y-el-100-de-la-telefon\u00eda-m\u00f3vil-en-Las-Tejer\u00edas-4.jpg 1080w, https:\/\/mppee.gob.ve\/wp-content\/uploads\/2022\/10\/Restituido-el-95-del-servicio-el\u00e9ctrico-y-el-100-de-la-telefon\u00eda-m\u00f3vil-en-Las-Tejer\u00edas-4-300x194.jpg 300w, https:\/\/mppee.gob.ve\/wp-content\/uploads\/2022\/10\/Restituido-el-95-del-servicio-el\u00e9ctrico-y-el-100-de-la-telefon\u00eda-m\u00f3vil-en-Las-Tejer\u00edas-4-1024x662.jpg 1024w, https:\/\/mppee.gob.ve\/wp-content\/uploads\/2022\/10\/Restituido-el-95-del-servicio-el\u00e9ctrico-y-el-100-de-la-telefon\u00eda-m\u00f3vil-en-Las-Tejer\u00edas-4-768x496.jpg 768w\" sizes=\"auto, (max-width: 1080px) 100vw, 1080px\" \/> <img loading=\"lazy\" decoding=\"async\" class=\"alignnone wp-image-88179 size-full\" src=\"http:\/\/10.200.87.50\/mppee\/wp-content\/uploads\/2022\/10\/Restituido-el-95-del-servicio-el\u00e9ctrico-y-el-100-de-la-telefon\u00eda-m\u00f3vil-en-Las-Tejer\u00edas-3.jpg\" alt=\"\" width=\"1080\" height=\"670\" srcset=\"https:\/\/mppee.gob.ve\/wp-content\/uploads\/2022\/10\/Restituido-el-95-del-servicio-el\u00e9ctrico-y-el-100-de-la-telefon\u00eda-m\u00f3vil-en-Las-Tejer\u00edas-3.jpg 1080w, https:\/\/mppee.gob.ve\/wp-content\/uploads\/2022\/10\/Restituido-el-95-del-servicio-el\u00e9ctrico-y-el-100-de-la-telefon\u00eda-m\u00f3vil-en-Las-Tejer\u00edas-3-300x186.jpg 300w, https:\/\/mppee.gob.ve\/wp-content\/uploads\/2022\/10\/Restituido-el-95-del-servicio-el\u00e9ctrico-y-el-100-de-la-telefon\u00eda-m\u00f3vil-en-Las-Tejer\u00edas-3-1024x635.jpg 1024w, https:\/\/mppee.gob.ve\/wp-content\/uploads\/2022\/10\/Restituido-el-95-del-servicio-el\u00e9ctrico-y-el-100-de-la-telefon\u00eda-m\u00f3vil-en-Las-Tejer\u00edas-3-768x476.jpg 768w\" sizes=\"auto, (max-width: 1080px) 100vw, 1080px\" \/> <img loading=\"lazy\" decoding=\"async\" class=\"alignnone wp-image-88178 size-full\" src=\"http:\/\/10.200.87.50\/mppee\/wp-content\/uploads\/2022\/10\/Restituido-el-95-del-servicio-el\u00e9ctrico-y-el-100-de-la-telefon\u00eda-m\u00f3vil-en-Las-Tejer\u00edas-2.jpg\" alt=\"\" width=\"1080\" height=\"755\" srcset=\"https:\/\/mppee.gob.ve\/wp-content\/uploads\/2022\/10\/Restituido-el-95-del-servicio-el\u00e9ctrico-y-el-100-de-la-telefon\u00eda-m\u00f3vil-en-Las-Tejer\u00edas-2.jpg 1080w, https:\/\/mppee.gob.ve\/wp-content\/uploads\/2022\/10\/Restituido-el-95-del-servicio-el\u00e9ctrico-y-el-100-de-la-telefon\u00eda-m\u00f3vil-en-Las-Tejer\u00edas-2-300x210.jpg 300w, https:\/\/mppee.gob.ve\/wp-content\/uploads\/2022\/10\/Restituido-el-95-del-servicio-el\u00e9ctrico-y-el-100-de-la-telefon\u00eda-m\u00f3vil-en-Las-Tejer\u00edas-2-1024x716.jpg 1024w, https:\/\/mppee.gob.ve\/wp-content\/uploads\/2022\/10\/Restituido-el-95-del-servicio-el\u00e9ctrico-y-el-100-de-la-telefon\u00eda-m\u00f3vil-en-Las-Tejer\u00edas-2-768x537.jpg 768w, https:\/\/mppee.gob.ve\/wp-content\/uploads\/2022\/10\/Restituido-el-95-del-servicio-el\u00e9ctrico-y-el-100-de-la-telefon\u00eda-m\u00f3vil-en-Las-Tejer\u00edas-2-130x90.jpg 130w\" sizes=\"auto, (max-width: 1080px) 100vw, 1080px\" \/> <img loading=\"lazy\" decoding=\"async\" class=\"alignnone wp-image-88177 size-full\" src=\"http:\/\/10.200.87.50\/mppee\/wp-content\/uploads\/2022\/10\/Restituido-el-95-del-servicio-el\u00e9ctrico-y-el-100-de-la-telefon\u00eda-m\u00f3vil-en-Las-Tejer\u00edas-1.jpg\" alt=\"\" width=\"1024\" height=\"683\" srcset=\"https:\/\/mppee.gob.ve\/wp-content\/uploads\/2022\/10\/Restituido-el-95-del-servicio-el\u00e9ctrico-y-el-100-de-la-telefon\u00eda-m\u00f3vil-en-Las-Tejer\u00edas-1.jpg 1024w, https:\/\/mppee.gob.ve\/wp-content\/uploads\/2022\/10\/Restituido-el-95-del-servicio-el\u00e9ctrico-y-el-100-de-la-telefon\u00eda-m\u00f3vil-en-Las-Tejer\u00edas-1-300x200.jpg 300w, https:\/\/mppee.gob.ve\/wp-content\/uploads\/2022\/10\/Restituido-el-95-del-servicio-el\u00e9ctrico-y-el-100-de-la-telefon\u00eda-m\u00f3vil-en-Las-Tejer\u00edas-1-768x512.jpg 768w\" sizes=\"auto, (max-width: 1024px) 100vw, 1024px\" \/><\/p>\n","protected":false},"excerpt":{"rendered":"<p>El vicepresidente Sectorial de Obras P\u00fablicas y Servicios, G\/J N\u00e9stor Reverol, inform\u00f3 la noche de este martes que el 95%<\/p>\n","protected":false},"author":12,"featured_media":88186,"comment_status":"open","ping_status":"open","sticky":false,"template":"","format":"standard","meta":{"footnotes":""},"categories":[30],"tags":[],"class_list":["post-88176","post","type-post","status-publish","format-standard","has-post-thumbnail","hentry","category-regionales"],"_links":{"self":[{"href":"https:\/\/mppee.gob.ve\/index.php?rest_route=\/wp\/v2\/posts\/88176","targetHints":{"allow":["GET"]}}],"collection":[{"href":"https:\/\/mppee.gob.ve\/index.php?rest_route=\/wp\/v2\/posts"}],"about":[{"href":"https:\/\/mppee.gob.ve\/index.php?rest_route=\/wp\/v2\/types\/post"}],"author":[{"embeddable":true,"href":"https:\/\/mppee.gob.ve\/index.php?rest_route=\/wp\/v2\/users\/12"}],"replies":[{"embeddable":true,"href":"https:\/\/mppee.gob.ve\/index.php?rest_route=%2Fwp%2Fv2%2Fcomments&post=88176"}],"version-history":[{"count":1,"href":"https:\/\/mppee.gob.ve\/index.php?rest_route=\/wp\/v2\/posts\/88176\/revisions"}],"predecessor-version":[{"id":88187,"href":"https:\/\/mppee.gob.ve\/index.php?rest_route=\/wp\/v2\/posts\/88176\/revisions\/88187"}],"wp:featuredmedia":[{"embeddable":true,"href":"https:\/\/mppee.gob.ve\/index.php?rest_route=\/wp\/v2\/media\/88186"}],"wp:attachment":[{"href":"https:\/\/mppee.gob.ve\/index.php?rest_route=%2Fwp%2Fv2%2Fmedia&parent=88176"}],"wp:term":[{"taxonomy":"category","embeddable":true,"href":"https:\/\/mppee.gob.ve\/index.php?rest_route=%2Fwp%2Fv2%2Fcategories&post=88176"},{"taxonomy":"post_tag","embeddable":true,"href":"https:\/\/mppee.gob.ve\/index.php?rest_route=%2Fwp%2Fv2%2Ftags&post=88176"}],"curies":[{"name":"wp","href":"https:\/\/api.w.org\/{rel}","templated":true}]}}