{"id":88205,"date":"2022-10-21T17:01:00","date_gmt":"2022-10-21T17:01:00","guid":{"rendered":"http:\/\/10.200.87.50\/mppee\/?p=88205"},"modified":"2022-11-14T17:04:03","modified_gmt":"2022-11-14T17:04:03","slug":"recuperados-servicios-publicos-en-las-tejerias","status":"publish","type":"post","link":"https:\/\/mppee.gob.ve\/?p=88205","title":{"rendered":"Recuperados servicios p\u00fablicos en Las Tejer\u00edas"},"content":{"rendered":"<p style=\"text-align: justify;\"><img loading=\"lazy\" decoding=\"async\" class=\"wp-image-14355 size-medium alignleft\" src=\"http:\/\/intranet.mppee.gob.ve\/wordpress\/wp-content\/uploads\/2022\/10\/Recuperados-servicios-p%C3%BAblicos-en-Las-Tejer%C3%ADas-9-300x195.jpg\" sizes=\"auto, (max-width: 300px) 100vw, 300px\" srcset=\"http:\/\/intranet.mppee.gob.ve\/wordpress\/wp-content\/uploads\/2022\/10\/Recuperados-servicios-p\u00fablicos-en-Las-Tejer\u00edas-9-300x195.jpg 300w, http:\/\/intranet.mppee.gob.ve\/wordpress\/wp-content\/uploads\/2022\/10\/Recuperados-servicios-p\u00fablicos-en-Las-Tejer\u00edas-9-768x498.jpg 768w, http:\/\/intranet.mppee.gob.ve\/wordpress\/wp-content\/uploads\/2022\/10\/Recuperados-servicios-p\u00fablicos-en-Las-Tejer\u00edas-9-1024x664.jpg 1024w, http:\/\/intranet.mppee.gob.ve\/wordpress\/wp-content\/uploads\/2022\/10\/Recuperados-servicios-p\u00fablicos-en-Las-Tejer\u00edas-9.jpg 1280w\" alt=\"\" width=\"300\" height=\"195\" \/>La fuerza trabajadora de la Corporaci\u00f3n El\u00e9ctrica Nacional (Corpoelec), logr\u00f3 recuperar en cien por ciento el servicio el\u00e9ctrico en la poblaci\u00f3n de Las Tejer\u00edas, municipio Santos Michelena del estado Aragua, cuyos habitantes resultaron afectados por el deslave originado a ra\u00edz de las fuertes lluvias registradas el pasado s\u00e1bado 8 de octubre del presente a\u00f1o.<\/p>\n<p style=\"text-align: justify;\">As\u00ed lo asever\u00f3 el vicepresidente Sectorial de Obras P\u00fablicas y Servicios, G\/J N\u00e9stor Reverol, quien tambi\u00e9n asegur\u00f3 que se logr\u00f3 restablecer en 100% en la zona industrial de la referida localidad arag\u00fce\u00f1a, mientras que se restaur\u00f3 en 89% la operatividad del suministro de agua, ya que se reactivaron 16 pozos profundos, de los 18 que se encuentran en el lugar.<\/p>\n<p style=\"text-align: justify;\">A\u00f1adi\u00f3 que hay un sistema complementario de distribuci\u00f3n de agua por cisterna,\u00a0<strong>\u201chemos repartido m\u00e1s de 250 tanques, se encuentran 36 cisternas a la orden de la Guardia del Pueblo repartiendo agua en los diferentes sectores, y hemos distribuido m\u00e1s de 15 millones de litros de agua\u201d,<\/strong>\u00a0afirm\u00f3.<\/p>\n<p style=\"text-align: justify;\"><img loading=\"lazy\" decoding=\"async\" class=\"wp-image-14353 size-medium alignright\" src=\"http:\/\/intranet.mppee.gob.ve\/wordpress\/wp-content\/uploads\/2022\/10\/Recuperados-servicios-p%C3%BAblicos-en-Las-Tejer%C3%ADas-7-300x200.jpg\" sizes=\"auto, (max-width: 300px) 100vw, 300px\" srcset=\"http:\/\/intranet.mppee.gob.ve\/wordpress\/wp-content\/uploads\/2022\/10\/Recuperados-servicios-p\u00fablicos-en-Las-Tejer\u00edas-7-300x200.jpg 300w, http:\/\/intranet.mppee.gob.ve\/wordpress\/wp-content\/uploads\/2022\/10\/Recuperados-servicios-p\u00fablicos-en-Las-Tejer\u00edas-7-768x512.jpg 768w, http:\/\/intranet.mppee.gob.ve\/wordpress\/wp-content\/uploads\/2022\/10\/Recuperados-servicios-p\u00fablicos-en-Las-Tejer\u00edas-7-1024x682.jpg 1024w, http:\/\/intranet.mppee.gob.ve\/wordpress\/wp-content\/uploads\/2022\/10\/Recuperados-servicios-p\u00fablicos-en-Las-Tejer\u00edas-7.jpg 1280w\" alt=\"\" width=\"300\" height=\"200\" \/>Reverol Torres indic\u00f3 que la zona afectada por el deslave ya cuenta con 100% del servicio de telecomunicaciones que brindan las empresas de telefon\u00eda m\u00f3vil, en tanto que la Compa\u00f1\u00eda An\u00f3nima Nacional Tel\u00e9fonos de Venezuela, (Cantv) coloc\u00f3 Internet a 656 usuarios del casco central de esta localidad, al tiempo que a\u00f1adi\u00f3, que esa empresa nacional contin\u00faa sus labores por fases, dado que el fen\u00f3meno natural afect\u00f3 muchos de sus equipos e instalaciones.<\/p>\n<p style=\"text-align: justify;\">El General en Jefe precis\u00f3 que se han retirado 100 mil 120 metros c\u00fabicos de desechos y sedimentos, producto de la ejecuci\u00f3n de m\u00e1s de 4.120 viajes con 156 maquinarias y equipos que funcionan las 24 horas del d\u00eda en tres turnos.<\/p>\n<p style=\"text-align: justify;\">A\u00f1adi\u00f3 que se recuper\u00f3 el cauce de la quebrada Los Patos, mientras que se logr\u00f3 el 80% de despeje de escombros y saneamiento del casco central del lugar, gracias al esfuerzo de m\u00e1s de mil trabajadores con trece d\u00edas de ardua labor. Asimismo, indic\u00f3 que tambi\u00e9n se cuenta con 6.500 funcionarios de los diferentes cuerpos de seguridad y de la Fuerza Armada Nacional Bolivariana que trabajan las 24 horas del d\u00eda para atender a la poblaci\u00f3n del sector.<\/p>\n<p style=\"text-align: justify;\"><strong><img loading=\"lazy\" decoding=\"async\" class=\"wp-image-14352 size-medium alignleft\" src=\"http:\/\/intranet.mppee.gob.ve\/wordpress\/wp-content\/uploads\/2022\/10\/Recuperados-servicios-p%C3%BAblicos-en-Las-Tejer%C3%ADas-6-300x215.jpg\" sizes=\"auto, (max-width: 300px) 100vw, 300px\" srcset=\"http:\/\/intranet.mppee.gob.ve\/wordpress\/wp-content\/uploads\/2022\/10\/Recuperados-servicios-p\u00fablicos-en-Las-Tejer\u00edas-6-300x215.jpg 300w, http:\/\/intranet.mppee.gob.ve\/wordpress\/wp-content\/uploads\/2022\/10\/Recuperados-servicios-p\u00fablicos-en-Las-Tejer\u00edas-6-768x550.jpg 768w, http:\/\/intranet.mppee.gob.ve\/wordpress\/wp-content\/uploads\/2022\/10\/Recuperados-servicios-p\u00fablicos-en-Las-Tejer\u00edas-6-1024x733.jpg 1024w, http:\/\/intranet.mppee.gob.ve\/wordpress\/wp-content\/uploads\/2022\/10\/Recuperados-servicios-p\u00fablicos-en-Las-Tejer\u00edas-6.jpg 1280w\" alt=\"\" width=\"300\" height=\"215\" \/>\u201cEn el tema de alimentaci\u00f3n, se han atendido a m\u00e1s de 13.500 familias con m\u00e1s de 824 toneladas de alimentos. Tenemos 33 comedores instalados, son m\u00e1s de 18.000 comidas diarias calientes que\u00a0 se est\u00e1n repartiendo en los 23 sectores\u201d<\/strong>, afirm\u00f3 el tambi\u00e9n Ministro del Poder Popular para la Energ\u00eda El\u00e9ctrica.<\/p>\n<p><strong>Prensa Mppee<\/strong><\/p>\n<p><img loading=\"lazy\" decoding=\"async\" class=\"alignnone size-full wp-image-14351\" src=\"http:\/\/intranet.mppee.gob.ve\/wordpress\/wp-content\/uploads\/2022\/10\/Recuperados-servicios-p%C3%BAblicos-en-Las-Tejer%C3%ADas-5.jpg\" sizes=\"auto, (max-width: 1280px) 100vw, 1280px\" srcset=\"http:\/\/intranet.mppee.gob.ve\/wordpress\/wp-content\/uploads\/2022\/10\/Recuperados-servicios-p\u00fablicos-en-Las-Tejer\u00edas-5.jpg 1280w, http:\/\/intranet.mppee.gob.ve\/wordpress\/wp-content\/uploads\/2022\/10\/Recuperados-servicios-p\u00fablicos-en-Las-Tejer\u00edas-5-300x218.jpg 300w, http:\/\/intranet.mppee.gob.ve\/wordpress\/wp-content\/uploads\/2022\/10\/Recuperados-servicios-p\u00fablicos-en-Las-Tejer\u00edas-5-768x559.jpg 768w, http:\/\/intranet.mppee.gob.ve\/wordpress\/wp-content\/uploads\/2022\/10\/Recuperados-servicios-p\u00fablicos-en-Las-Tejer\u00edas-5-1024x746.jpg 1024w\" alt=\"\" width=\"1280\" height=\"932\" \/><img loading=\"lazy\" decoding=\"async\" class=\"alignnone size-full wp-image-14350\" src=\"http:\/\/intranet.mppee.gob.ve\/wordpress\/wp-content\/uploads\/2022\/10\/Recuperados-servicios-p%C3%BAblicos-en-Las-Tejer%C3%ADas-4.jpg\" sizes=\"auto, (max-width: 1280px) 100vw, 1280px\" srcset=\"http:\/\/intranet.mppee.gob.ve\/wordpress\/wp-content\/uploads\/2022\/10\/Recuperados-servicios-p\u00fablicos-en-Las-Tejer\u00edas-4.jpg 1280w, http:\/\/intranet.mppee.gob.ve\/wordpress\/wp-content\/uploads\/2022\/10\/Recuperados-servicios-p\u00fablicos-en-Las-Tejer\u00edas-4-300x200.jpg 300w, http:\/\/intranet.mppee.gob.ve\/wordpress\/wp-content\/uploads\/2022\/10\/Recuperados-servicios-p\u00fablicos-en-Las-Tejer\u00edas-4-768x512.jpg 768w, http:\/\/intranet.mppee.gob.ve\/wordpress\/wp-content\/uploads\/2022\/10\/Recuperados-servicios-p\u00fablicos-en-Las-Tejer\u00edas-4-1024x682.jpg 1024w\" alt=\"\" width=\"1280\" height=\"853\" \/><img loading=\"lazy\" decoding=\"async\" class=\"alignnone size-full wp-image-14349\" src=\"http:\/\/intranet.mppee.gob.ve\/wordpress\/wp-content\/uploads\/2022\/10\/Recuperados-servicios-p%C3%BAblicos-en-Las-Tejer%C3%ADas-3.jpg\" sizes=\"auto, (max-width: 1280px) 100vw, 1280px\" srcset=\"http:\/\/intranet.mppee.gob.ve\/wordpress\/wp-content\/uploads\/2022\/10\/Recuperados-servicios-p\u00fablicos-en-Las-Tejer\u00edas-3.jpg 1280w, http:\/\/intranet.mppee.gob.ve\/wordpress\/wp-content\/uploads\/2022\/10\/Recuperados-servicios-p\u00fablicos-en-Las-Tejer\u00edas-3-300x200.jpg 300w, http:\/\/intranet.mppee.gob.ve\/wordpress\/wp-content\/uploads\/2022\/10\/Recuperados-servicios-p\u00fablicos-en-Las-Tejer\u00edas-3-768x512.jpg 768w, http:\/\/intranet.mppee.gob.ve\/wordpress\/wp-content\/uploads\/2022\/10\/Recuperados-servicios-p\u00fablicos-en-Las-Tejer\u00edas-3-1024x682.jpg 1024w\" alt=\"\" width=\"1280\" height=\"853\" \/><img loading=\"lazy\" decoding=\"async\" class=\"alignnone size-full wp-image-14348\" src=\"http:\/\/intranet.mppee.gob.ve\/wordpress\/wp-content\/uploads\/2022\/10\/Recuperados-servicios-p%C3%BAblicos-en-Las-Tejer%C3%ADas-2.jpg\" sizes=\"auto, (max-width: 1280px) 100vw, 1280px\" srcset=\"http:\/\/intranet.mppee.gob.ve\/wordpress\/wp-content\/uploads\/2022\/10\/Recuperados-servicios-p\u00fablicos-en-Las-Tejer\u00edas-2.jpg 1280w, http:\/\/intranet.mppee.gob.ve\/wordpress\/wp-content\/uploads\/2022\/10\/Recuperados-servicios-p\u00fablicos-en-Las-Tejer\u00edas-2-300x211.jpg 300w, http:\/\/intranet.mppee.gob.ve\/wordpress\/wp-content\/uploads\/2022\/10\/Recuperados-servicios-p\u00fablicos-en-Las-Tejer\u00edas-2-768x540.jpg 768w, http:\/\/intranet.mppee.gob.ve\/wordpress\/wp-content\/uploads\/2022\/10\/Recuperados-servicios-p\u00fablicos-en-Las-Tejer\u00edas-2-1024x720.jpg 1024w\" alt=\"\" width=\"1280\" height=\"900\" \/><img loading=\"lazy\" decoding=\"async\" class=\"alignnone size-full wp-image-14347\" src=\"http:\/\/intranet.mppee.gob.ve\/wordpress\/wp-content\/uploads\/2022\/10\/Recuperados-servicios-p%C3%BAblicos-en-Las-Tejer%C3%ADas-1.jpg\" sizes=\"auto, (max-width: 1280px) 100vw, 1280px\" srcset=\"http:\/\/intranet.mppee.gob.ve\/wordpress\/wp-content\/uploads\/2022\/10\/Recuperados-servicios-p\u00fablicos-en-Las-Tejer\u00edas-1.jpg 1280w, http:\/\/intranet.mppee.gob.ve\/wordpress\/wp-content\/uploads\/2022\/10\/Recuperados-servicios-p\u00fablicos-en-Las-Tejer\u00edas-1-300x200.jpg 300w, http:\/\/intranet.mppee.gob.ve\/wordpress\/wp-content\/uploads\/2022\/10\/Recuperados-servicios-p\u00fablicos-en-Las-Tejer\u00edas-1-768x512.jpg 768w, http:\/\/intranet.mppee.gob.ve\/wordpress\/wp-content\/uploads\/2022\/10\/Recuperados-servicios-p\u00fablicos-en-Las-Tejer\u00edas-1-1024x682.jpg 1024w\" alt=\"\" width=\"1280\" height=\"853\" \/><\/p>\n<div class=\"post-views post-14346 entry-meta\"><\/div>\n","protected":false},"excerpt":{"rendered":"<p>La fuerza trabajadora de la Corporaci\u00f3n El\u00e9ctrica Nacional (Corpoelec), logr\u00f3 recuperar en cien por ciento el servicio el\u00e9ctrico en la<\/p>\n","protected":false},"author":12,"featured_media":88206,"comment_status":"open","ping_status":"open","sticky":false,"template":"","format":"standard","meta":{"footnotes":""},"categories":[30],"tags":[11],"class_list":["post-88205","post","type-post","status-publish","format-standard","has-post-thumbnail","hentry","category-regionales","tag-mppee"],"_links":{"self":[{"href":"https:\/\/mppee.gob.ve\/index.php?rest_route=\/wp\/v2\/posts\/88205","targetHints":{"allow":["GET"]}}],"collection":[{"href":"https:\/\/mppee.gob.ve\/index.php?rest_route=\/wp\/v2\/posts"}],"about":[{"href":"https:\/\/mppee.gob.ve\/index.php?rest_route=\/wp\/v2\/types\/post"}],"author":[{"embeddable":true,"href":"https:\/\/mppee.gob.ve\/index.php?rest_route=\/wp\/v2\/users\/12"}],"replies":[{"embeddable":true,"href":"https:\/\/mppee.gob.ve\/index.php?rest_route=%2Fwp%2Fv2%2Fcomments&post=88205"}],"version-history":[{"count":1,"href":"https:\/\/mppee.gob.ve\/index.php?rest_route=\/wp\/v2\/posts\/88205\/revisions"}],"predecessor-version":[{"id":88207,"href":"https:\/\/mppee.gob.ve\/index.php?rest_route=\/wp\/v2\/posts\/88205\/revisions\/88207"}],"wp:featuredmedia":[{"embeddable":true,"href":"https:\/\/mppee.gob.ve\/index.php?rest_route=\/wp\/v2\/media\/88206"}],"wp:attachment":[{"href":"https:\/\/mppee.gob.ve\/index.php?rest_route=%2Fwp%2Fv2%2Fmedia&parent=88205"}],"wp:term":[{"taxonomy":"category","embeddable":true,"href":"https:\/\/mppee.gob.ve\/index.php?rest_route=%2Fwp%2Fv2%2Fcategories&post=88205"},{"taxonomy":"post_tag","embeddable":true,"href":"https:\/\/mppee.gob.ve\/index.php?rest_route=%2Fwp%2Fv2%2Ftags&post=88205"}],"curies":[{"name":"wp","href":"https:\/\/api.w.org\/{rel}","templated":true}]}}