{"id":88213,"date":"2022-10-21T14:06:00","date_gmt":"2022-10-21T14:06:00","guid":{"rendered":"http:\/\/10.200.87.50\/mppee\/?p=88213"},"modified":"2022-11-15T14:11:34","modified_gmt":"2022-11-15T14:11:34","slug":"gobierno-bolivariano-avanza-en-la-recuperacion-de-los-servicios-publicos-a-18-dias-del-deslave-en-las-tejeria","status":"publish","type":"post","link":"https:\/\/mppee.gob.ve\/?p=88213","title":{"rendered":"Gobierno Bolivariano avanza en la recuperaci\u00f3n de los servicios p\u00fablicos a 18 d\u00edas del deslave en Las Tejer\u00eda"},"content":{"rendered":"<p style=\"text-align: justify;\"><img loading=\"lazy\" decoding=\"async\" class=\"wp-image-14426 size-medium alignleft\" src=\"http:\/\/intranet.mppee.gob.ve\/wordpress\/wp-content\/uploads\/2022\/10\/Gobierno-Bolivariano-avanza-en-la-recuperaci%C3%B3n-de-los-servicios-p%C3%BAblicos-a-18-d%C3%ADas-del-deslave-en-Las-Tejer%C3%ADas-8-300x175.jpg\" sizes=\"auto, (max-width: 300px) 100vw, 300px\" srcset=\"http:\/\/intranet.mppee.gob.ve\/wordpress\/wp-content\/uploads\/2022\/10\/Gobierno-Bolivariano-avanza-en-la-recuperaci\u00f3n-de-los-servicios-p\u00fablicos-a-18-d\u00edas-del-deslave-en-Las-Tejer\u00edas-8-300x175.jpg 300w, http:\/\/intranet.mppee.gob.ve\/wordpress\/wp-content\/uploads\/2022\/10\/Gobierno-Bolivariano-avanza-en-la-recuperaci\u00f3n-de-los-servicios-p\u00fablicos-a-18-d\u00edas-del-deslave-en-Las-Tejer\u00edas-8-768x449.jpg 768w, http:\/\/intranet.mppee.gob.ve\/wordpress\/wp-content\/uploads\/2022\/10\/Gobierno-Bolivariano-avanza-en-la-recuperaci\u00f3n-de-los-servicios-p\u00fablicos-a-18-d\u00edas-del-deslave-en-Las-Tejer\u00edas-8-1024x598.jpg 1024w, http:\/\/intranet.mppee.gob.ve\/wordpress\/wp-content\/uploads\/2022\/10\/Gobierno-Bolivariano-avanza-en-la-recuperaci\u00f3n-de-los-servicios-p\u00fablicos-a-18-d\u00edas-del-deslave-en-Las-Tejer\u00edas-8.jpg 1080w\" alt=\"\" width=\"300\" height=\"175\" \/>El vicepresidente Sectorial de Obras P\u00fablicas y Servicios, G\/J N\u00e9stor Reverol, ofreci\u00f3 un balance este jueves sobre el despliegue que realiza el Gobierno Bolivariano en materia de servicios p\u00fablicos en Las Tejer\u00edas, estado Aragua, luego de 18 d\u00edas del deslave que afect\u00f3 de gran manera a las comunidades que hacen vida en este sector.<\/p>\n<p style=\"text-align: justify;\">El General en Jefe asegur\u00f3 que actualmente contin\u00faan 11 frentes de trabajo desplegados en las \u00e1reas afectadas, con m\u00e1s de 480 hombres y mujeres de Obras P\u00fablicas, 118 maquinarias y equipos de trabajo para la recuperaci\u00f3n integral de Las Tejer\u00edas.<\/p>\n<p style=\"text-align: justify;\"><strong>\u201cHasta ahora se han removido 255 mil 514 metros c\u00fabicos de escombros y sedimentos, se han realizado 5.071 viajes en volqueta en tan solo 18 d\u00edas. Es un esfuerzo extraordinario que est\u00e1 haciendo el Gobierno Bolivariano dirigido por el presidente Nicol\u00e1s Maduro\u201d,<\/strong>\u00a0expres\u00f3 Reverol desde el Puesto de Comando Presidencial de Las Tejer\u00edas, donde estuvo acompa\u00f1ado por representantes de los ministerios y entes adscritos que conforman la Vicepresidencia Sectorial de Obras P\u00fablicas y Servicios.<\/p>\n<p style=\"text-align: justify;\"><img loading=\"lazy\" decoding=\"async\" class=\"wp-image-14424 size-medium alignright\" src=\"http:\/\/intranet.mppee.gob.ve\/wordpress\/wp-content\/uploads\/2022\/10\/Gobierno-Bolivariano-avanza-en-la-recuperaci%C3%B3n-de-los-servicios-p%C3%BAblicos-a-18-d%C3%ADas-del-deslave-en-Las-Tejer%C3%ADas-6-300x203.jpg\" sizes=\"auto, (max-width: 300px) 100vw, 300px\" srcset=\"http:\/\/intranet.mppee.gob.ve\/wordpress\/wp-content\/uploads\/2022\/10\/Gobierno-Bolivariano-avanza-en-la-recuperaci\u00f3n-de-los-servicios-p\u00fablicos-a-18-d\u00edas-del-deslave-en-Las-Tejer\u00edas-6-300x203.jpg 300w, http:\/\/intranet.mppee.gob.ve\/wordpress\/wp-content\/uploads\/2022\/10\/Gobierno-Bolivariano-avanza-en-la-recuperaci\u00f3n-de-los-servicios-p\u00fablicos-a-18-d\u00edas-del-deslave-en-Las-Tejer\u00edas-6-768x518.jpg 768w, http:\/\/intranet.mppee.gob.ve\/wordpress\/wp-content\/uploads\/2022\/10\/Gobierno-Bolivariano-avanza-en-la-recuperaci\u00f3n-de-los-servicios-p\u00fablicos-a-18-d\u00edas-del-deslave-en-Las-Tejer\u00edas-6-1024x691.jpg 1024w, http:\/\/intranet.mppee.gob.ve\/wordpress\/wp-content\/uploads\/2022\/10\/Gobierno-Bolivariano-avanza-en-la-recuperaci\u00f3n-de-los-servicios-p\u00fablicos-a-18-d\u00edas-del-deslave-en-Las-Tejer\u00edas-6.jpg 1080w\" alt=\"\" width=\"300\" height=\"203\" \/>El tambi\u00e9n ministro del Poder Popular para la Energ\u00eda El\u00e9ctrica reiter\u00f3 que fue recuperado en un 100% el servicio el\u00e9ctrico en Las Tejer\u00edas.\u00a0<strong>\u201cEstamos haciendo seccionamiento casa por casa, industria por industria para revisar todo el tema de la distribuci\u00f3n del servicio el\u00e9ctrico, para ver qu\u00e9 problema tiene alguna vivienda o alguna industria en el tema el\u00e9ctrico. Pero a nivel de alta, media y baja tensi\u00f3n est\u00e1 recuperado el servicio en 100%\u201d<\/strong>, sostuvo.<\/p>\n<p style=\"text-align: justify;\">Referente al servicio del agua potable indic\u00f3 que los 18 pozos del vital l\u00edquido se encuentran recuperados a nivel de fuente, han sido entregados 300 tanques de agua, activados 37 cisternas y\u00a0 distribuidos, en estos 18 d\u00edas, m\u00e1s de 17 millones 720 mil litros de agua a la poblaci\u00f3n.<\/p>\n<p style=\"text-align: justify;\"><strong>\u201cAhora nos queda la tarea a nivel de distribuci\u00f3n revisar que llegue el agua a cada hogar de Las Tejer\u00edas, igualmente en el tema de agua servida que fue bien afectado, ya est\u00e1 en un proceso de recuperaci\u00f3n. Una vez que se haga toda la limpieza definitiva, entonces vamos con el tema de los colectores, las aguas servidas y todo el mantenimiento y saneamiento\u201d<\/strong>, explic\u00f3.<\/p>\n<p style=\"text-align: justify;\"><img loading=\"lazy\" decoding=\"async\" class=\"wp-image-14423 size-medium alignleft\" src=\"http:\/\/intranet.mppee.gob.ve\/wordpress\/wp-content\/uploads\/2022\/10\/Gobierno-Bolivariano-avanza-en-la-recuperaci%C3%B3n-de-los-servicios-p%C3%BAblicos-a-18-d%C3%ADas-del-deslave-en-Las-Tejer%C3%ADas-5-176x300.jpg\" sizes=\"auto, (max-width: 176px) 100vw, 176px\" srcset=\"http:\/\/intranet.mppee.gob.ve\/wordpress\/wp-content\/uploads\/2022\/10\/Gobierno-Bolivariano-avanza-en-la-recuperaci\u00f3n-de-los-servicios-p\u00fablicos-a-18-d\u00edas-del-deslave-en-Las-Tejer\u00edas-5-176x300.jpg 176w, http:\/\/intranet.mppee.gob.ve\/wordpress\/wp-content\/uploads\/2022\/10\/Gobierno-Bolivariano-avanza-en-la-recuperaci\u00f3n-de-los-servicios-p\u00fablicos-a-18-d\u00edas-del-deslave-en-Las-Tejer\u00edas-5-601x1024.jpg 601w, http:\/\/intranet.mppee.gob.ve\/wordpress\/wp-content\/uploads\/2022\/10\/Gobierno-Bolivariano-avanza-en-la-recuperaci\u00f3n-de-los-servicios-p\u00fablicos-a-18-d\u00edas-del-deslave-en-Las-Tejer\u00edas-5.jpg 634w\" alt=\"\" width=\"176\" height=\"300\" \/>En cuanto a la vialidad, Reverol destac\u00f3 que se ejecutar\u00e1 un Plan Nacional de Bacheo, de se\u00f1al\u00e9tica de manera conjunta con el Ministerio del Poder Popular para el Transporte.\u00a0<strong>\u201cLa empresa Puentes Cagua adscrita al ministerio de Transporte revis\u00f3 todo el tema de las pasarelas\u201d,<\/strong>\u00a0precis\u00f3.<\/p>\n<p style=\"text-align: justify;\">Por otra parte, comunic\u00f3 que en el \u00e1rea de telecomunicaciones ya se est\u00e1 dando servicio de Internet a 656 usuarios de Las Tejer\u00edas en una primera fase. \u201c<strong>Despu\u00e9s vendr\u00e1 una segunda fase para llegar a 2 mil 300 usuarios y seguir avanzando hasta tener cubierto todo el municipio ya que el servicio de Cantv fue uno de los m\u00e1s afectados desde el punto de vista de servicios p\u00fablicos\u201d,<\/strong>\u00a0acot\u00f3.<\/p>\n<p style=\"text-align: justify;\">En el tema de gas, manifest\u00f3 que Gas Comunal se encuentra desplegado con el Plan de Distribuci\u00f3n de las bombonas casa a casa, mientras que trabajadores de Pdvsa Gas est\u00e1n realizando una inspecci\u00f3n minuciosa del gasoducto que abastece a la zona industrial de Las Tejer\u00edas para dejarlo operativo en un 100%.<\/p>\n<p style=\"text-align: justify;\"><strong>\u201cNosotros nos vamos a desplegar en diferentes sectores de los 23 afectados, pero hay 26 sectores que no fueron afectados y necesitan un abordaje especial para volver a la normalidad y a la vida cotidiana de los habitantes de Las Tejer\u00edas\u201d<\/strong>, a\u00f1adi\u00f3.<\/p>\n<p><em><b>Gobierno Bolivariano atiende a familias de Las Tejer\u00edas<\/b><\/em><\/p>\n<p style=\"text-align: justify;\"><img loading=\"lazy\" decoding=\"async\" class=\"wp-image-14422 size-medium alignright\" src=\"http:\/\/intranet.mppee.gob.ve\/wordpress\/wp-content\/uploads\/2022\/10\/Gobierno-Bolivariano-avanza-en-la-recuperaci%C3%B3n-de-los-servicios-p%C3%BAblicos-a-18-d%C3%ADas-del-deslave-en-Las-Tejer%C3%ADas-4-300x187.jpg\" sizes=\"auto, (max-width: 300px) 100vw, 300px\" srcset=\"http:\/\/intranet.mppee.gob.ve\/wordpress\/wp-content\/uploads\/2022\/10\/Gobierno-Bolivariano-avanza-en-la-recuperaci\u00f3n-de-los-servicios-p\u00fablicos-a-18-d\u00edas-del-deslave-en-Las-Tejer\u00edas-4-300x187.jpg 300w, http:\/\/intranet.mppee.gob.ve\/wordpress\/wp-content\/uploads\/2022\/10\/Gobierno-Bolivariano-avanza-en-la-recuperaci\u00f3n-de-los-servicios-p\u00fablicos-a-18-d\u00edas-del-deslave-en-Las-Tejer\u00edas-4-768x478.jpg 768w, http:\/\/intranet.mppee.gob.ve\/wordpress\/wp-content\/uploads\/2022\/10\/Gobierno-Bolivariano-avanza-en-la-recuperaci\u00f3n-de-los-servicios-p\u00fablicos-a-18-d\u00edas-del-deslave-en-Las-Tejer\u00edas-4-1024x637.jpg 1024w, http:\/\/intranet.mppee.gob.ve\/wordpress\/wp-content\/uploads\/2022\/10\/Gobierno-Bolivariano-avanza-en-la-recuperaci\u00f3n-de-los-servicios-p\u00fablicos-a-18-d\u00edas-del-deslave-en-Las-Tejer\u00edas-4.jpg 1280w\" alt=\"\" width=\"300\" height=\"187\" \/>El ministro Reverol inform\u00f3 adem\u00e1s que contin\u00faan activos 62 comedores, donde se entregan diariamente m\u00e1s de 18 mil comidas a comensales de Las Tejer\u00edas.\u00a0<strong>\u201cSe han atendido 22 mil 084 personas en materia de salud, incluidos m\u00e1s de 5 mil ni\u00f1os a un promedio de 936 personas diarias y se han entregado m\u00e1s de 18 mil 350 medicamentos totalmente gratuitos\u201d<\/strong>, sentenci\u00f3.<\/p>\n<p style=\"text-align: justify;\">Finalmente, particip\u00f3 que el Ministerio para el Ecosocialismo con la comisi\u00f3n que design\u00f3 el presidente Nicol\u00e1s Maduro, lleva a cabo la evaluaci\u00f3n de las quebradas y el r\u00edo Tuy que tambi\u00e9n se le est\u00e1 haciendo un abordaje especial.<\/p>\n<p style=\"text-align: justify;\"><strong>\u201cTambi\u00e9n hemos hecho algunas evaluaciones de la zona de El Casta\u00f1o, donde estamos avanzando en los trabajos y seguimos en comunicaci\u00f3n permanente con nuestro pueblo para garantizar la estabilidad y devolverle la normalidad y la vida social\u201d<\/strong>, concluy\u00f3.<\/p>\n<p><strong>Prensa Mppee<\/strong><\/p>\n<p><img loading=\"lazy\" decoding=\"async\" class=\"alignnone size-full wp-image-14421\" src=\"http:\/\/intranet.mppee.gob.ve\/wordpress\/wp-content\/uploads\/2022\/10\/Gobierno-Bolivariano-avanza-en-la-recuperaci%C3%B3n-de-los-servicios-p%C3%BAblicos-a-18-d%C3%ADas-del-deslave-en-Las-Tejer%C3%ADas-3.jpg\" sizes=\"auto, (max-width: 1080px) 100vw, 1080px\" srcset=\"http:\/\/intranet.mppee.gob.ve\/wordpress\/wp-content\/uploads\/2022\/10\/Gobierno-Bolivariano-avanza-en-la-recuperaci\u00f3n-de-los-servicios-p\u00fablicos-a-18-d\u00edas-del-deslave-en-Las-Tejer\u00edas-3.jpg 1080w, http:\/\/intranet.mppee.gob.ve\/wordpress\/wp-content\/uploads\/2022\/10\/Gobierno-Bolivariano-avanza-en-la-recuperaci\u00f3n-de-los-servicios-p\u00fablicos-a-18-d\u00edas-del-deslave-en-Las-Tejer\u00edas-3-300x204.jpg 300w, http:\/\/intranet.mppee.gob.ve\/wordpress\/wp-content\/uploads\/2022\/10\/Gobierno-Bolivariano-avanza-en-la-recuperaci\u00f3n-de-los-servicios-p\u00fablicos-a-18-d\u00edas-del-deslave-en-Las-Tejer\u00edas-3-768x521.jpg 768w, http:\/\/intranet.mppee.gob.ve\/wordpress\/wp-content\/uploads\/2022\/10\/Gobierno-Bolivariano-avanza-en-la-recuperaci\u00f3n-de-los-servicios-p\u00fablicos-a-18-d\u00edas-del-deslave-en-Las-Tejer\u00edas-3-1024x695.jpg 1024w\" alt=\"\" width=\"1080\" height=\"733\" \/><img loading=\"lazy\" decoding=\"async\" class=\"alignnone size-full wp-image-14420\" src=\"http:\/\/intranet.mppee.gob.ve\/wordpress\/wp-content\/uploads\/2022\/10\/Gobierno-Bolivariano-avanza-en-la-recuperaci%C3%B3n-de-los-servicios-p%C3%BAblicos-a-18-d%C3%ADas-del-deslave-en-Las-Tejer%C3%ADas-2.jpg\" sizes=\"auto, (max-width: 1280px) 100vw, 1280px\" srcset=\"http:\/\/intranet.mppee.gob.ve\/wordpress\/wp-content\/uploads\/2022\/10\/Gobierno-Bolivariano-avanza-en-la-recuperaci\u00f3n-de-los-servicios-p\u00fablicos-a-18-d\u00edas-del-deslave-en-Las-Tejer\u00edas-2.jpg 1280w, http:\/\/intranet.mppee.gob.ve\/wordpress\/wp-content\/uploads\/2022\/10\/Gobierno-Bolivariano-avanza-en-la-recuperaci\u00f3n-de-los-servicios-p\u00fablicos-a-18-d\u00edas-del-deslave-en-Las-Tejer\u00edas-2-300x200.jpg 300w, http:\/\/intranet.mppee.gob.ve\/wordpress\/wp-content\/uploads\/2022\/10\/Gobierno-Bolivariano-avanza-en-la-recuperaci\u00f3n-de-los-servicios-p\u00fablicos-a-18-d\u00edas-del-deslave-en-Las-Tejer\u00edas-2-768x512.jpg 768w, http:\/\/intranet.mppee.gob.ve\/wordpress\/wp-content\/uploads\/2022\/10\/Gobierno-Bolivariano-avanza-en-la-recuperaci\u00f3n-de-los-servicios-p\u00fablicos-a-18-d\u00edas-del-deslave-en-Las-Tejer\u00edas-2-1024x682.jpg 1024w\" alt=\"\" width=\"1280\" height=\"853\" \/><img loading=\"lazy\" decoding=\"async\" class=\"alignnone size-full wp-image-14419\" src=\"http:\/\/intranet.mppee.gob.ve\/wordpress\/wp-content\/uploads\/2022\/10\/Gobierno-Bolivariano-avanza-en-la-recuperaci%C3%B3n-de-los-servicios-p%C3%BAblicos-a-18-d%C3%ADas-del-deslave-en-Las-Tejer%C3%ADas-1.jpg\" sizes=\"auto, (max-width: 1280px) 100vw, 1280px\" srcset=\"http:\/\/intranet.mppee.gob.ve\/wordpress\/wp-content\/uploads\/2022\/10\/Gobierno-Bolivariano-avanza-en-la-recuperaci\u00f3n-de-los-servicios-p\u00fablicos-a-18-d\u00edas-del-deslave-en-Las-Tejer\u00edas-1.jpg 1280w, http:\/\/intranet.mppee.gob.ve\/wordpress\/wp-content\/uploads\/2022\/10\/Gobierno-Bolivariano-avanza-en-la-recuperaci\u00f3n-de-los-servicios-p\u00fablicos-a-18-d\u00edas-del-deslave-en-Las-Tejer\u00edas-1-300x200.jpg 300w, http:\/\/intranet.mppee.gob.ve\/wordpress\/wp-content\/uploads\/2022\/10\/Gobierno-Bolivariano-avanza-en-la-recuperaci\u00f3n-de-los-servicios-p\u00fablicos-a-18-d\u00edas-del-deslave-en-Las-Tejer\u00edas-1-768x512.jpg 768w, http:\/\/intranet.mppee.gob.ve\/wordpress\/wp-content\/uploads\/2022\/10\/Gobierno-Bolivariano-avanza-en-la-recuperaci\u00f3n-de-los-servicios-p\u00fablicos-a-18-d\u00edas-del-deslave-en-Las-Tejer\u00edas-1-1024x682.jpg 1024w\" alt=\"\" width=\"1280\" height=\"853\" \/><\/p>\n<div class=\"post-views post-14416 entry-meta\"><\/div>\n","protected":false},"excerpt":{"rendered":"<p>El vicepresidente Sectorial de Obras P\u00fablicas y Servicios, G\/J N\u00e9stor Reverol, ofreci\u00f3 un balance este jueves sobre el despliegue que<\/p>\n","protected":false},"author":12,"featured_media":88216,"comment_status":"open","ping_status":"open","sticky":false,"template":"","format":"standard","meta":{"footnotes":""},"categories":[30],"tags":[],"class_list":["post-88213","post","type-post","status-publish","format-standard","has-post-thumbnail","hentry","category-regionales"],"_links":{"self":[{"href":"https:\/\/mppee.gob.ve\/index.php?rest_route=\/wp\/v2\/posts\/88213","targetHints":{"allow":["GET"]}}],"collection":[{"href":"https:\/\/mppee.gob.ve\/index.php?rest_route=\/wp\/v2\/posts"}],"about":[{"href":"https:\/\/mppee.gob.ve\/index.php?rest_route=\/wp\/v2\/types\/post"}],"author":[{"embeddable":true,"href":"https:\/\/mppee.gob.ve\/index.php?rest_route=\/wp\/v2\/users\/12"}],"replies":[{"embeddable":true,"href":"https:\/\/mppee.gob.ve\/index.php?rest_route=%2Fwp%2Fv2%2Fcomments&post=88213"}],"version-history":[{"count":1,"href":"https:\/\/mppee.gob.ve\/index.php?rest_route=\/wp\/v2\/posts\/88213\/revisions"}],"predecessor-version":[{"id":88215,"href":"https:\/\/mppee.gob.ve\/index.php?rest_route=\/wp\/v2\/posts\/88213\/revisions\/88215"}],"wp:featuredmedia":[{"embeddable":true,"href":"https:\/\/mppee.gob.ve\/index.php?rest_route=\/wp\/v2\/media\/88216"}],"wp:attachment":[{"href":"https:\/\/mppee.gob.ve\/index.php?rest_route=%2Fwp%2Fv2%2Fmedia&parent=88213"}],"wp:term":[{"taxonomy":"category","embeddable":true,"href":"https:\/\/mppee.gob.ve\/index.php?rest_route=%2Fwp%2Fv2%2Fcategories&post=88213"},{"taxonomy":"post_tag","embeddable":true,"href":"https:\/\/mppee.gob.ve\/index.php?rest_route=%2Fwp%2Fv2%2Ftags&post=88213"}],"curies":[{"name":"wp","href":"https:\/\/api.w.org\/{rel}","templated":true}]}}