{"id":88217,"date":"2022-10-25T14:11:00","date_gmt":"2022-10-25T14:11:00","guid":{"rendered":"http:\/\/10.200.87.50\/mppee\/?p=88217"},"modified":"2022-11-15T14:20:12","modified_gmt":"2022-11-15T14:20:12","slug":"reverol-mas-del-60-de-los-casos-han-sido-atendidos-a-traves-del-1x10-del-buen-gobierno-para-mejorar-el-sen","status":"publish","type":"post","link":"https:\/\/mppee.gob.ve\/?p=88217","title":{"rendered":"Reverol: M\u00e1s del 60% de los casos han sido atendidos a trav\u00e9s del 1\u00d710 del Buen Gobierno para mejorar el SEN"},"content":{"rendered":"<p style=\"text-align: justify;\"><img loading=\"lazy\" decoding=\"async\" class=\"wp-image-14386 size-medium alignleft\" src=\"http:\/\/intranet.mppee.gob.ve\/wordpress\/wp-content\/uploads\/2022\/10\/Reverol-M%C3%A1s-del-60-de-los-casos-han-sido-atendidos-a-trav%C3%A9s-del-1x10-del-Buen-Gobierno-para-mejorar-el-SEN-9-300x200.jpg\" sizes=\"auto, (max-width: 300px) 100vw, 300px\" srcset=\"http:\/\/intranet.mppee.gob.ve\/wordpress\/wp-content\/uploads\/2022\/10\/Reverol-M\u00e1s-del-60-de-los-casos-han-sido-atendidos-a-trav\u00e9s-del-1x10-del-Buen-Gobierno-para-mejorar-el-SEN-9-300x200.jpg 300w, http:\/\/intranet.mppee.gob.ve\/wordpress\/wp-content\/uploads\/2022\/10\/Reverol-M\u00e1s-del-60-de-los-casos-han-sido-atendidos-a-trav\u00e9s-del-1x10-del-Buen-Gobierno-para-mejorar-el-SEN-9-768x512.jpg 768w, http:\/\/intranet.mppee.gob.ve\/wordpress\/wp-content\/uploads\/2022\/10\/Reverol-M\u00e1s-del-60-de-los-casos-han-sido-atendidos-a-trav\u00e9s-del-1x10-del-Buen-Gobierno-para-mejorar-el-SEN-9-1024x683.jpg 1024w, http:\/\/intranet.mppee.gob.ve\/wordpress\/wp-content\/uploads\/2022\/10\/Reverol-M\u00e1s-del-60-de-los-casos-han-sido-atendidos-a-trav\u00e9s-del-1x10-del-Buen-Gobierno-para-mejorar-el-SEN-9.jpg 1080w\" alt=\"\" width=\"300\" height=\"200\" \/>El vicepresidente Sectorial de Obras P\u00fablicas y Servicios, G\/J N\u00e9stor Reverol, asever\u00f3 este martes que actualmente se ha cumplido con m\u00e1s del 60% de los casos atendidos a trav\u00e9s del 1\u00d710 del Buen Gobierno para mejorar el buen funcionamiento del Sistema El\u00e9ctrico Nacional (SEN).<\/p>\n<p style=\"text-align: justify;\">La informaci\u00f3n la dio a conocer el General en Jefe durante la novena entrega de materiales y equipos que se llev\u00f3 a cabo en el Centro de Servicio El Convento, ubicado en el municipio Sucre del estado Miranda.<br \/><strong>\u00a0<\/strong><br \/><strong>\u201cHoy vamos a distribuir en todo el territorio nacional 23 mil 80 l\u00e1minas LED, gracias a este sistema novedoso en tiempos de adversidad. Sustituimos el vapor de sodio le hacemos una recuperaci\u00f3n completa a la carcasa de la luminaria e introducimos una l\u00e1mina LED para tener nueva iluminaci\u00f3n de bajo consumo\u201d<\/strong>, explic\u00f3 Reverol quien estuvo acompa\u00f1ado por diferentes autoridades del SEN.<\/p>\n<p style=\"text-align: justify;\">Destac\u00f3, adem\u00e1s, que fueron entregadas un total de 2 mil 947 luminarias y 150 transformadores de potencia que van a beneficiar a 105 mil 513 familias de mil 640 casos del 1\u00d710 del Buen Gobierno, cumpliendo con la l\u00ednea estrat\u00e9gica n\u00famero tres del derecho a la ciudad, al ambiente y a los servicios p\u00fablicos.<\/p>\n<p style=\"text-align: justify;\"><img loading=\"lazy\" decoding=\"async\" class=\"wp-image-14385 size-medium alignright\" src=\"http:\/\/intranet.mppee.gob.ve\/wordpress\/wp-content\/uploads\/2022\/10\/Reverol-M%C3%A1s-del-60-de-los-casos-han-sido-atendidos-a-trav%C3%A9s-del-1x10-del-Buen-Gobierno-para-mejorar-el-SEN-8-300x200.jpg\" sizes=\"auto, (max-width: 300px) 100vw, 300px\" srcset=\"http:\/\/intranet.mppee.gob.ve\/wordpress\/wp-content\/uploads\/2022\/10\/Reverol-M\u00e1s-del-60-de-los-casos-han-sido-atendidos-a-trav\u00e9s-del-1x10-del-Buen-Gobierno-para-mejorar-el-SEN-8-300x200.jpg 300w, http:\/\/intranet.mppee.gob.ve\/wordpress\/wp-content\/uploads\/2022\/10\/Reverol-M\u00e1s-del-60-de-los-casos-han-sido-atendidos-a-trav\u00e9s-del-1x10-del-Buen-Gobierno-para-mejorar-el-SEN-8-768x512.jpg 768w, http:\/\/intranet.mppee.gob.ve\/wordpress\/wp-content\/uploads\/2022\/10\/Reverol-M\u00e1s-del-60-de-los-casos-han-sido-atendidos-a-trav\u00e9s-del-1x10-del-Buen-Gobierno-para-mejorar-el-SEN-8-1024x683.jpg 1024w, http:\/\/intranet.mppee.gob.ve\/wordpress\/wp-content\/uploads\/2022\/10\/Reverol-M\u00e1s-del-60-de-los-casos-han-sido-atendidos-a-trav\u00e9s-del-1x10-del-Buen-Gobierno-para-mejorar-el-SEN-8.jpg 1080w\" alt=\"\" width=\"300\" height=\"200\" \/>En ese contexto, el tambi\u00e9n ministro para la Energ\u00eda El\u00e9ctrica detall\u00f3 que se han instalado durante este 2022 un total de 281 mil 821 luminarias, como parte del Plan Integral de Iluminaci\u00f3n en V\u00edas Expresas.<\/p>\n<p style=\"text-align: justify;\">Por otra parte, el ministro Reverol resalt\u00f3 que cumpliendo instrucciones del presidente de la Rep\u00fablica Bolivariana de Venezuela, Nicol\u00e1s Maduro, la fuerza trabajadora de la Corporaci\u00f3n El\u00e9ctrica Nacional (Corpoelec) est\u00e1 realizando actualmente la sustituci\u00f3n de luminarias en la Autopista Regional del Centro, desde el kil\u00f3metro cero hasta el t\u00fanel La Cabrera, en el estado Aragua, con el fin de mejorar el alumbrado p\u00fablico en tan importante arteria vial del centro del pa\u00eds.<br \/><strong>\u00a0<\/strong><br \/><strong>Prensa Mppee<\/strong><\/p>\n<p><img loading=\"lazy\" decoding=\"async\" class=\"alignnone size-full wp-image-14384\" src=\"http:\/\/intranet.mppee.gob.ve\/wordpress\/wp-content\/uploads\/2022\/10\/Reverol-M%C3%A1s-del-60-de-los-casos-han-sido-atendidos-a-trav%C3%A9s-del-1x10-del-Buen-Gobierno-para-mejorar-el-SEN-7.jpg\" sizes=\"auto, (max-width: 1080px) 100vw, 1080px\" srcset=\"http:\/\/intranet.mppee.gob.ve\/wordpress\/wp-content\/uploads\/2022\/10\/Reverol-M\u00e1s-del-60-de-los-casos-han-sido-atendidos-a-trav\u00e9s-del-1x10-del-Buen-Gobierno-para-mejorar-el-SEN-7.jpg 1080w, http:\/\/intranet.mppee.gob.ve\/wordpress\/wp-content\/uploads\/2022\/10\/Reverol-M\u00e1s-del-60-de-los-casos-han-sido-atendidos-a-trav\u00e9s-del-1x10-del-Buen-Gobierno-para-mejorar-el-SEN-7-300x224.jpg 300w, http:\/\/intranet.mppee.gob.ve\/wordpress\/wp-content\/uploads\/2022\/10\/Reverol-M\u00e1s-del-60-de-los-casos-han-sido-atendidos-a-trav\u00e9s-del-1x10-del-Buen-Gobierno-para-mejorar-el-SEN-7-768x575.jpg 768w, http:\/\/intranet.mppee.gob.ve\/wordpress\/wp-content\/uploads\/2022\/10\/Reverol-M\u00e1s-del-60-de-los-casos-han-sido-atendidos-a-trav\u00e9s-del-1x10-del-Buen-Gobierno-para-mejorar-el-SEN-7-1024x766.jpg 1024w, http:\/\/intranet.mppee.gob.ve\/wordpress\/wp-content\/uploads\/2022\/10\/Reverol-M\u00e1s-del-60-de-los-casos-han-sido-atendidos-a-trav\u00e9s-del-1x10-del-Buen-Gobierno-para-mejorar-el-SEN-7-326x245.jpg 326w, http:\/\/intranet.mppee.gob.ve\/wordpress\/wp-content\/uploads\/2022\/10\/Reverol-M\u00e1s-del-60-de-los-casos-han-sido-atendidos-a-trav\u00e9s-del-1x10-del-Buen-Gobierno-para-mejorar-el-SEN-7-80x60.jpg 80w\" alt=\"\" width=\"1080\" height=\"808\" \/><img loading=\"lazy\" decoding=\"async\" class=\"alignnone size-full wp-image-14382\" src=\"http:\/\/intranet.mppee.gob.ve\/wordpress\/wp-content\/uploads\/2022\/10\/Reverol-M%C3%A1s-del-60-de-los-casos-han-sido-atendidos-a-trav%C3%A9s-del-1x10-del-Buen-Gobierno-para-mejorar-el-SEN-5.jpg\" sizes=\"auto, (max-width: 1080px) 100vw, 1080px\" srcset=\"http:\/\/intranet.mppee.gob.ve\/wordpress\/wp-content\/uploads\/2022\/10\/Reverol-M\u00e1s-del-60-de-los-casos-han-sido-atendidos-a-trav\u00e9s-del-1x10-del-Buen-Gobierno-para-mejorar-el-SEN-5.jpg 1080w, http:\/\/intranet.mppee.gob.ve\/wordpress\/wp-content\/uploads\/2022\/10\/Reverol-M\u00e1s-del-60-de-los-casos-han-sido-atendidos-a-trav\u00e9s-del-1x10-del-Buen-Gobierno-para-mejorar-el-SEN-5-300x200.jpg 300w, http:\/\/intranet.mppee.gob.ve\/wordpress\/wp-content\/uploads\/2022\/10\/Reverol-M\u00e1s-del-60-de-los-casos-han-sido-atendidos-a-trav\u00e9s-del-1x10-del-Buen-Gobierno-para-mejorar-el-SEN-5-768x512.jpg 768w, http:\/\/intranet.mppee.gob.ve\/wordpress\/wp-content\/uploads\/2022\/10\/Reverol-M\u00e1s-del-60-de-los-casos-han-sido-atendidos-a-trav\u00e9s-del-1x10-del-Buen-Gobierno-para-mejorar-el-SEN-5-1024x683.jpg 1024w\" alt=\"\" width=\"1080\" height=\"720\" \/><img loading=\"lazy\" decoding=\"async\" class=\"alignnone size-full wp-image-14381\" src=\"http:\/\/intranet.mppee.gob.ve\/wordpress\/wp-content\/uploads\/2022\/10\/Reverol-M%C3%A1s-del-60-de-los-casos-han-sido-atendidos-a-trav%C3%A9s-del-1x10-del-Buen-Gobierno-para-mejorar-el-SEN-4.jpg\" sizes=\"auto, (max-width: 1080px) 100vw, 1080px\" srcset=\"http:\/\/intranet.mppee.gob.ve\/wordpress\/wp-content\/uploads\/2022\/10\/Reverol-M\u00e1s-del-60-de-los-casos-han-sido-atendidos-a-trav\u00e9s-del-1x10-del-Buen-Gobierno-para-mejorar-el-SEN-4.jpg 1080w, http:\/\/intranet.mppee.gob.ve\/wordpress\/wp-content\/uploads\/2022\/10\/Reverol-M\u00e1s-del-60-de-los-casos-han-sido-atendidos-a-trav\u00e9s-del-1x10-del-Buen-Gobierno-para-mejorar-el-SEN-4-300x200.jpg 300w, http:\/\/intranet.mppee.gob.ve\/wordpress\/wp-content\/uploads\/2022\/10\/Reverol-M\u00e1s-del-60-de-los-casos-han-sido-atendidos-a-trav\u00e9s-del-1x10-del-Buen-Gobierno-para-mejorar-el-SEN-4-768x512.jpg 768w, http:\/\/intranet.mppee.gob.ve\/wordpress\/wp-content\/uploads\/2022\/10\/Reverol-M\u00e1s-del-60-de-los-casos-han-sido-atendidos-a-trav\u00e9s-del-1x10-del-Buen-Gobierno-para-mejorar-el-SEN-4-1024x683.jpg 1024w\" alt=\"\" width=\"1080\" height=\"720\" \/><img loading=\"lazy\" decoding=\"async\" class=\"alignnone size-full wp-image-14380\" src=\"http:\/\/intranet.mppee.gob.ve\/wordpress\/wp-content\/uploads\/2022\/10\/Reverol-M%C3%A1s-del-60-de-los-casos-han-sido-atendidos-a-trav%C3%A9s-del-1x10-del-Buen-Gobierno-para-mejorar-el-SEN-3.jpg\" sizes=\"auto, (max-width: 1080px) 100vw, 1080px\" srcset=\"http:\/\/intranet.mppee.gob.ve\/wordpress\/wp-content\/uploads\/2022\/10\/Reverol-M\u00e1s-del-60-de-los-casos-han-sido-atendidos-a-trav\u00e9s-del-1x10-del-Buen-Gobierno-para-mejorar-el-SEN-3.jpg 1080w, http:\/\/intranet.mppee.gob.ve\/wordpress\/wp-content\/uploads\/2022\/10\/Reverol-M\u00e1s-del-60-de-los-casos-han-sido-atendidos-a-trav\u00e9s-del-1x10-del-Buen-Gobierno-para-mejorar-el-SEN-3-300x200.jpg 300w, http:\/\/intranet.mppee.gob.ve\/wordpress\/wp-content\/uploads\/2022\/10\/Reverol-M\u00e1s-del-60-de-los-casos-han-sido-atendidos-a-trav\u00e9s-del-1x10-del-Buen-Gobierno-para-mejorar-el-SEN-3-768x512.jpg 768w, http:\/\/intranet.mppee.gob.ve\/wordpress\/wp-content\/uploads\/2022\/10\/Reverol-M\u00e1s-del-60-de-los-casos-han-sido-atendidos-a-trav\u00e9s-del-1x10-del-Buen-Gobierno-para-mejorar-el-SEN-3-1024x683.jpg 1024w\" alt=\"\" width=\"1080\" height=\"720\" \/><img loading=\"lazy\" decoding=\"async\" class=\"alignnone size-full wp-image-14379\" src=\"http:\/\/intranet.mppee.gob.ve\/wordpress\/wp-content\/uploads\/2022\/10\/Reverol-M%C3%A1s-del-60-de-los-casos-han-sido-atendidos-a-trav%C3%A9s-del-1x10-del-Buen-Gobierno-para-mejorar-el-SEN-2.jpg\" sizes=\"auto, (max-width: 1080px) 100vw, 1080px\" srcset=\"http:\/\/intranet.mppee.gob.ve\/wordpress\/wp-content\/uploads\/2022\/10\/Reverol-M\u00e1s-del-60-de-los-casos-han-sido-atendidos-a-trav\u00e9s-del-1x10-del-Buen-Gobierno-para-mejorar-el-SEN-2.jpg 1080w, http:\/\/intranet.mppee.gob.ve\/wordpress\/wp-content\/uploads\/2022\/10\/Reverol-M\u00e1s-del-60-de-los-casos-han-sido-atendidos-a-trav\u00e9s-del-1x10-del-Buen-Gobierno-para-mejorar-el-SEN-2-300x200.jpg 300w, http:\/\/intranet.mppee.gob.ve\/wordpress\/wp-content\/uploads\/2022\/10\/Reverol-M\u00e1s-del-60-de-los-casos-han-sido-atendidos-a-trav\u00e9s-del-1x10-del-Buen-Gobierno-para-mejorar-el-SEN-2-768x512.jpg 768w, http:\/\/intranet.mppee.gob.ve\/wordpress\/wp-content\/uploads\/2022\/10\/Reverol-M\u00e1s-del-60-de-los-casos-han-sido-atendidos-a-trav\u00e9s-del-1x10-del-Buen-Gobierno-para-mejorar-el-SEN-2-1024x683.jpg 1024w\" alt=\"\" width=\"1080\" height=\"720\" \/><\/p>\n<div class=\"post-views post-14377 entry-meta\">\u00a0<\/div>\n\n\n<p><\/p>\n","protected":false},"excerpt":{"rendered":"<p>El vicepresidente Sectorial de Obras P\u00fablicas y Servicios, G\/J N\u00e9stor Reverol, asever\u00f3 este martes que actualmente se ha cumplido con<\/p>\n","protected":false},"author":12,"featured_media":88218,"comment_status":"open","ping_status":"open","sticky":false,"template":"","format":"standard","meta":{"footnotes":""},"categories":[15],"tags":[],"class_list":["post-88217","post","type-post","status-publish","format-standard","has-post-thumbnail","hentry","category-nacionales"],"_links":{"self":[{"href":"https:\/\/mppee.gob.ve\/index.php?rest_route=\/wp\/v2\/posts\/88217","targetHints":{"allow":["GET"]}}],"collection":[{"href":"https:\/\/mppee.gob.ve\/index.php?rest_route=\/wp\/v2\/posts"}],"about":[{"href":"https:\/\/mppee.gob.ve\/index.php?rest_route=\/wp\/v2\/types\/post"}],"author":[{"embeddable":true,"href":"https:\/\/mppee.gob.ve\/index.php?rest_route=\/wp\/v2\/users\/12"}],"replies":[{"embeddable":true,"href":"https:\/\/mppee.gob.ve\/index.php?rest_route=%2Fwp%2Fv2%2Fcomments&post=88217"}],"version-history":[{"count":1,"href":"https:\/\/mppee.gob.ve\/index.php?rest_route=\/wp\/v2\/posts\/88217\/revisions"}],"predecessor-version":[{"id":88219,"href":"https:\/\/mppee.gob.ve\/index.php?rest_route=\/wp\/v2\/posts\/88217\/revisions\/88219"}],"wp:featuredmedia":[{"embeddable":true,"href":"https:\/\/mppee.gob.ve\/index.php?rest_route=\/wp\/v2\/media\/88218"}],"wp:attachment":[{"href":"https:\/\/mppee.gob.ve\/index.php?rest_route=%2Fwp%2Fv2%2Fmedia&parent=88217"}],"wp:term":[{"taxonomy":"category","embeddable":true,"href":"https:\/\/mppee.gob.ve\/index.php?rest_route=%2Fwp%2Fv2%2Fcategories&post=88217"},{"taxonomy":"post_tag","embeddable":true,"href":"https:\/\/mppee.gob.ve\/index.php?rest_route=%2Fwp%2Fv2%2Ftags&post=88217"}],"curies":[{"name":"wp","href":"https:\/\/api.w.org\/{rel}","templated":true}]}}