{"id":88220,"date":"2022-10-25T14:20:00","date_gmt":"2022-10-25T14:20:00","guid":{"rendered":"http:\/\/10.200.87.50\/mppee\/?p=88220"},"modified":"2022-11-15T14:32:26","modified_gmt":"2022-11-15T14:32:26","slug":"garantizan-bienestar-de-fuerza-trabajadora-del-sector-electrico-con-nuevo-servicio-medico-y-comedor","status":"publish","type":"post","link":"https:\/\/mppee.gob.ve\/?p=88220","title":{"rendered":"Garantizan bienestar de fuerza trabajadora del sector el\u00e9ctrico con nuevo Servicio M\u00e9dico y comedor"},"content":{"rendered":"<p style=\"text-align: justify;\"><img loading=\"lazy\" decoding=\"async\" class=\"wp-image-14399 size-medium alignleft\" src=\"http:\/\/intranet.mppee.gob.ve\/wordpress\/wp-content\/uploads\/2022\/10\/Garantizan-bienestar-de-fuerza-trabajadora-del-sector-el%C3%A9ctrico-con-nuevo-Servicio-M%C3%A9dico-y-comedor-11-300x200.jpg\" sizes=\"auto, (max-width: 300px) 100vw, 300px\" srcset=\"http:\/\/intranet.mppee.gob.ve\/wordpress\/wp-content\/uploads\/2022\/10\/Garantizan-bienestar-de-fuerza-trabajadora-del-sector-el\u00e9ctrico-con-nuevo-Servicio-M\u00e9dico-y-comedor-11-300x200.jpg 300w, http:\/\/intranet.mppee.gob.ve\/wordpress\/wp-content\/uploads\/2022\/10\/Garantizan-bienestar-de-fuerza-trabajadora-del-sector-el\u00e9ctrico-con-nuevo-Servicio-M\u00e9dico-y-comedor-11-768x512.jpg 768w, http:\/\/intranet.mppee.gob.ve\/wordpress\/wp-content\/uploads\/2022\/10\/Garantizan-bienestar-de-fuerza-trabajadora-del-sector-el\u00e9ctrico-con-nuevo-Servicio-M\u00e9dico-y-comedor-11-1024x683.jpg 1024w, http:\/\/intranet.mppee.gob.ve\/wordpress\/wp-content\/uploads\/2022\/10\/Garantizan-bienestar-de-fuerza-trabajadora-del-sector-el\u00e9ctrico-con-nuevo-Servicio-M\u00e9dico-y-comedor-11.jpg 1080w\" alt=\"\" width=\"300\" height=\"200\">Con el objetivo de seguir garantizando el bienestar social de la fuerza trabajadora del sector el\u00e9ctrico, este martes fue reinaugurado el centro de salud, una farmacia y un comedor en el Centro de Servicio El Convento, ubicado en el municipio Sucre del estado Miranda.<\/p>\n<p style=\"text-align: justify;\">El vicepresidente Sectorial de Obras P\u00fablicas y Servicios y ministro del Poder Popular para la Energ\u00eda El\u00e9ctrica (Mppee), G\/J N\u00e9stor Reverol, se\u00f1al\u00f3 que este Centro de Salud de Asistencia Primaria tiene una capacidad de atenci\u00f3n para 36 pacientes diarios y ser\u00e1 dirigido por el Fondo Autoadministrado de Salud del Mppee (Fasmee)<\/p>\n<p style=\"text-align: justify;\">Reverol Torres dijo que con esta rehabilitaci\u00f3n ya suman 53 Centros de Atenci\u00f3n Primaria existentes en todo el pa\u00eds y explic\u00f3 que desde enero de este a\u00f1o hasta la presente fecha, han sido atendidos m\u00e1s 200 mil pacientes de la familia del sector el\u00e9ctrico.<\/p>\n<p style=\"text-align: justify;\">Sobre el particular, la gerente de Servicios M\u00e9dicos del Fasmee en el Distrito Capital, Zulmary Medina, agradeci\u00f3 al Ministro para la Energ\u00eda El\u00e9ctrica y al presidente del fondo de salud, Rafael Betancourt, por la recuperaci\u00f3n del recinto asistencial, debido a la importancia que significa brindar un \u00f3ptimo servicio m\u00e9dico a la fuerza trabajadora.<\/p>\n<p style=\"text-align: justify;\"><img loading=\"lazy\" decoding=\"async\" class=\"wp-image-14398 size-medium alignright\" src=\"http:\/\/intranet.mppee.gob.ve\/wordpress\/wp-content\/uploads\/2022\/10\/Garantizan-bienestar-de-fuerza-trabajadora-del-sector-el%C3%A9ctrico-con-nuevo-Servicio-M%C3%A9dico-y-comedor-10-300x200.jpg\" sizes=\"auto, (max-width: 300px) 100vw, 300px\" srcset=\"http:\/\/intranet.mppee.gob.ve\/wordpress\/wp-content\/uploads\/2022\/10\/Garantizan-bienestar-de-fuerza-trabajadora-del-sector-el\u00e9ctrico-con-nuevo-Servicio-M\u00e9dico-y-comedor-10-300x200.jpg 300w, http:\/\/intranet.mppee.gob.ve\/wordpress\/wp-content\/uploads\/2022\/10\/Garantizan-bienestar-de-fuerza-trabajadora-del-sector-el\u00e9ctrico-con-nuevo-Servicio-M\u00e9dico-y-comedor-10-768x512.jpg 768w, http:\/\/intranet.mppee.gob.ve\/wordpress\/wp-content\/uploads\/2022\/10\/Garantizan-bienestar-de-fuerza-trabajadora-del-sector-el\u00e9ctrico-con-nuevo-Servicio-M\u00e9dico-y-comedor-10-1024x683.jpg 1024w, http:\/\/intranet.mppee.gob.ve\/wordpress\/wp-content\/uploads\/2022\/10\/Garantizan-bienestar-de-fuerza-trabajadora-del-sector-el\u00e9ctrico-con-nuevo-Servicio-M\u00e9dico-y-comedor-10.jpg 1080w\" alt=\"\" width=\"300\" height=\"200\">De igual manera, la m\u00e1xima autoridad del Sistema&nbsp; El\u00e9ctrico Nacional inform\u00f3 que en el mismo espacio fue inaugurado un comedor para 400 empleadas y empleados, que es el n\u00famero 32 que se le otorga a la fuerza trabajadora del pa\u00eds.<\/p>\n<p style=\"text-align: justify;\"><strong>\u201cCon este comedor ya estamos atendiendo 13 mil 840 comensales, son los trabajadores que est\u00e1n comprometidos en la recuperaci\u00f3n, la estabilizaci\u00f3n y la seguridad del Sistema El\u00e9ctrico Nacional\u201d<\/strong>, indic\u00f3.<\/p>\n<p style=\"text-align: justify;\">Entre tanto, la coordinadora de Talento Humano del Centro de Servicio El Convento, Ivette Morales, expres\u00f3 su gratitud por la rehabilitaci\u00f3n de la Gerencia de Talento Humano, dado que el lugar ahora cuenta con todos los recursos para brindarle una \u00f3ptima atenci\u00f3n acorde con las expectativas del personal.<\/p>\n<p style=\"text-align: justify;\"><strong>\u201cEstamos sumamente satisfechos por todas las mejoras que van dignificar a todos los trabajadores del Centro de Servicio El Convento y a todos los que necesiten de atenci\u00f3n de parte nuestra como talento humano\u201d<\/strong>, sostuvo la funcionaria.<\/p>\n<p><strong>Prensa Mppee<\/strong><\/p>\n<p><img loading=\"lazy\" decoding=\"async\" class=\"alignnone size-full wp-image-14397\" src=\"http:\/\/intranet.mppee.gob.ve\/wordpress\/wp-content\/uploads\/2022\/10\/Garantizan-bienestar-de-fuerza-trabajadora-del-sector-el%C3%A9ctrico-con-nuevo-Servicio-M%C3%A9dico-y-comedor-9.jpg\" sizes=\"auto, (max-width: 1080px) 100vw, 1080px\" srcset=\"http:\/\/intranet.mppee.gob.ve\/wordpress\/wp-content\/uploads\/2022\/10\/Garantizan-bienestar-de-fuerza-trabajadora-del-sector-el\u00e9ctrico-con-nuevo-Servicio-M\u00e9dico-y-comedor-9.jpg 1080w, http:\/\/intranet.mppee.gob.ve\/wordpress\/wp-content\/uploads\/2022\/10\/Garantizan-bienestar-de-fuerza-trabajadora-del-sector-el\u00e9ctrico-con-nuevo-Servicio-M\u00e9dico-y-comedor-9-300x200.jpg 300w, http:\/\/intranet.mppee.gob.ve\/wordpress\/wp-content\/uploads\/2022\/10\/Garantizan-bienestar-de-fuerza-trabajadora-del-sector-el\u00e9ctrico-con-nuevo-Servicio-M\u00e9dico-y-comedor-9-768x512.jpg 768w, http:\/\/intranet.mppee.gob.ve\/wordpress\/wp-content\/uploads\/2022\/10\/Garantizan-bienestar-de-fuerza-trabajadora-del-sector-el\u00e9ctrico-con-nuevo-Servicio-M\u00e9dico-y-comedor-9-1024x683.jpg 1024w\" alt=\"\" width=\"1080\" height=\"720\"><img loading=\"lazy\" decoding=\"async\" class=\"alignnone size-full wp-image-14396\" src=\"http:\/\/intranet.mppee.gob.ve\/wordpress\/wp-content\/uploads\/2022\/10\/Garantizan-bienestar-de-fuerza-trabajadora-del-sector-el%C3%A9ctrico-con-nuevo-Servicio-M%C3%A9dico-y-comedor-8.jpg\" sizes=\"auto, (max-width: 1080px) 100vw, 1080px\" srcset=\"http:\/\/intranet.mppee.gob.ve\/wordpress\/wp-content\/uploads\/2022\/10\/Garantizan-bienestar-de-fuerza-trabajadora-del-sector-el\u00e9ctrico-con-nuevo-Servicio-M\u00e9dico-y-comedor-8.jpg 1080w, http:\/\/intranet.mppee.gob.ve\/wordpress\/wp-content\/uploads\/2022\/10\/Garantizan-bienestar-de-fuerza-trabajadora-del-sector-el\u00e9ctrico-con-nuevo-Servicio-M\u00e9dico-y-comedor-8-300x200.jpg 300w, http:\/\/intranet.mppee.gob.ve\/wordpress\/wp-content\/uploads\/2022\/10\/Garantizan-bienestar-de-fuerza-trabajadora-del-sector-el\u00e9ctrico-con-nuevo-Servicio-M\u00e9dico-y-comedor-8-768x512.jpg 768w, http:\/\/intranet.mppee.gob.ve\/wordpress\/wp-content\/uploads\/2022\/10\/Garantizan-bienestar-de-fuerza-trabajadora-del-sector-el\u00e9ctrico-con-nuevo-Servicio-M\u00e9dico-y-comedor-8-1024x683.jpg 1024w\" alt=\"\" width=\"1080\" height=\"720\"><img loading=\"lazy\" decoding=\"async\" class=\"alignnone size-full wp-image-14394\" src=\"http:\/\/intranet.mppee.gob.ve\/wordpress\/wp-content\/uploads\/2022\/10\/Garantizan-bienestar-de-fuerza-trabajadora-del-sector-el%C3%A9ctrico-con-nuevo-Servicio-M%C3%A9dico-y-comedor-6.jpg\" sizes=\"auto, (max-width: 1080px) 100vw, 1080px\" srcset=\"http:\/\/intranet.mppee.gob.ve\/wordpress\/wp-content\/uploads\/2022\/10\/Garantizan-bienestar-de-fuerza-trabajadora-del-sector-el\u00e9ctrico-con-nuevo-Servicio-M\u00e9dico-y-comedor-6.jpg 1080w, http:\/\/intranet.mppee.gob.ve\/wordpress\/wp-content\/uploads\/2022\/10\/Garantizan-bienestar-de-fuerza-trabajadora-del-sector-el\u00e9ctrico-con-nuevo-Servicio-M\u00e9dico-y-comedor-6-300x200.jpg 300w, http:\/\/intranet.mppee.gob.ve\/wordpress\/wp-content\/uploads\/2022\/10\/Garantizan-bienestar-de-fuerza-trabajadora-del-sector-el\u00e9ctrico-con-nuevo-Servicio-M\u00e9dico-y-comedor-6-768x512.jpg 768w, http:\/\/intranet.mppee.gob.ve\/wordpress\/wp-content\/uploads\/2022\/10\/Garantizan-bienestar-de-fuerza-trabajadora-del-sector-el\u00e9ctrico-con-nuevo-Servicio-M\u00e9dico-y-comedor-6-1024x683.jpg 1024w\" alt=\"\" width=\"1080\" height=\"720\"><img loading=\"lazy\" decoding=\"async\" class=\"alignnone size-full wp-image-14393\" src=\"http:\/\/intranet.mppee.gob.ve\/wordpress\/wp-content\/uploads\/2022\/10\/Garantizan-bienestar-de-fuerza-trabajadora-del-sector-el%C3%A9ctrico-con-nuevo-Servicio-M%C3%A9dico-y-comedor-5.jpg\" sizes=\"auto, (max-width: 1080px) 100vw, 1080px\" srcset=\"http:\/\/intranet.mppee.gob.ve\/wordpress\/wp-content\/uploads\/2022\/10\/Garantizan-bienestar-de-fuerza-trabajadora-del-sector-el\u00e9ctrico-con-nuevo-Servicio-M\u00e9dico-y-comedor-5.jpg 1080w, http:\/\/intranet.mppee.gob.ve\/wordpress\/wp-content\/uploads\/2022\/10\/Garantizan-bienestar-de-fuerza-trabajadora-del-sector-el\u00e9ctrico-con-nuevo-Servicio-M\u00e9dico-y-comedor-5-300x205.jpg 300w, http:\/\/intranet.mppee.gob.ve\/wordpress\/wp-content\/uploads\/2022\/10\/Garantizan-bienestar-de-fuerza-trabajadora-del-sector-el\u00e9ctrico-con-nuevo-Servicio-M\u00e9dico-y-comedor-5-768x526.jpg 768w, http:\/\/intranet.mppee.gob.ve\/wordpress\/wp-content\/uploads\/2022\/10\/Garantizan-bienestar-de-fuerza-trabajadora-del-sector-el\u00e9ctrico-con-nuevo-Servicio-M\u00e9dico-y-comedor-5-1024x701.jpg 1024w\" alt=\"\" width=\"1080\" height=\"739\"><img loading=\"lazy\" decoding=\"async\" class=\"alignnone size-full wp-image-14392\" src=\"http:\/\/intranet.mppee.gob.ve\/wordpress\/wp-content\/uploads\/2022\/10\/Garantizan-bienestar-de-fuerza-trabajadora-del-sector-el%C3%A9ctrico-con-nuevo-Servicio-M%C3%A9dico-y-comedor-4.jpg\" sizes=\"auto, (max-width: 1080px) 100vw, 1080px\" srcset=\"http:\/\/intranet.mppee.gob.ve\/wordpress\/wp-content\/uploads\/2022\/10\/Garantizan-bienestar-de-fuerza-trabajadora-del-sector-el\u00e9ctrico-con-nuevo-Servicio-M\u00e9dico-y-comedor-4.jpg 1080w, http:\/\/intranet.mppee.gob.ve\/wordpress\/wp-content\/uploads\/2022\/10\/Garantizan-bienestar-de-fuerza-trabajadora-del-sector-el\u00e9ctrico-con-nuevo-Servicio-M\u00e9dico-y-comedor-4-300x200.jpg 300w, http:\/\/intranet.mppee.gob.ve\/wordpress\/wp-content\/uploads\/2022\/10\/Garantizan-bienestar-de-fuerza-trabajadora-del-sector-el\u00e9ctrico-con-nuevo-Servicio-M\u00e9dico-y-comedor-4-768x512.jpg 768w, http:\/\/intranet.mppee.gob.ve\/wordpress\/wp-content\/uploads\/2022\/10\/Garantizan-bienestar-de-fuerza-trabajadora-del-sector-el\u00e9ctrico-con-nuevo-Servicio-M\u00e9dico-y-comedor-4-1024x683.jpg 1024w\" alt=\"\" width=\"1080\" height=\"720\"><img loading=\"lazy\" decoding=\"async\" class=\"alignnone size-full wp-image-14391\" src=\"http:\/\/intranet.mppee.gob.ve\/wordpress\/wp-content\/uploads\/2022\/10\/Garantizan-bienestar-de-fuerza-trabajadora-del-sector-el%C3%A9ctrico-con-nuevo-Servicio-M%C3%A9dico-y-comedor-3.jpg\" sizes=\"auto, (max-width: 1080px) 100vw, 1080px\" srcset=\"http:\/\/intranet.mppee.gob.ve\/wordpress\/wp-content\/uploads\/2022\/10\/Garantizan-bienestar-de-fuerza-trabajadora-del-sector-el\u00e9ctrico-con-nuevo-Servicio-M\u00e9dico-y-comedor-3.jpg 1080w, http:\/\/intranet.mppee.gob.ve\/wordpress\/wp-content\/uploads\/2022\/10\/Garantizan-bienestar-de-fuerza-trabajadora-del-sector-el\u00e9ctrico-con-nuevo-Servicio-M\u00e9dico-y-comedor-3-300x200.jpg 300w, http:\/\/intranet.mppee.gob.ve\/wordpress\/wp-content\/uploads\/2022\/10\/Garantizan-bienestar-de-fuerza-trabajadora-del-sector-el\u00e9ctrico-con-nuevo-Servicio-M\u00e9dico-y-comedor-3-768x512.jpg 768w, http:\/\/intranet.mppee.gob.ve\/wordpress\/wp-content\/uploads\/2022\/10\/Garantizan-bienestar-de-fuerza-trabajadora-del-sector-el\u00e9ctrico-con-nuevo-Servicio-M\u00e9dico-y-comedor-3-1024x683.jpg 1024w\" alt=\"\" width=\"1080\" height=\"720\"><img loading=\"lazy\" decoding=\"async\" class=\"alignnone size-full wp-image-14390\" src=\"http:\/\/intranet.mppee.gob.ve\/wordpress\/wp-content\/uploads\/2022\/10\/Garantizan-bienestar-de-fuerza-trabajadora-del-sector-el%C3%A9ctrico-con-nuevo-Servicio-M%C3%A9dico-y-comedor-2.jpg\" sizes=\"auto, (max-width: 1080px) 100vw, 1080px\" srcset=\"http:\/\/intranet.mppee.gob.ve\/wordpress\/wp-content\/uploads\/2022\/10\/Garantizan-bienestar-de-fuerza-trabajadora-del-sector-el\u00e9ctrico-con-nuevo-Servicio-M\u00e9dico-y-comedor-2.jpg 1080w, http:\/\/intranet.mppee.gob.ve\/wordpress\/wp-content\/uploads\/2022\/10\/Garantizan-bienestar-de-fuerza-trabajadora-del-sector-el\u00e9ctrico-con-nuevo-Servicio-M\u00e9dico-y-comedor-2-300x200.jpg 300w, http:\/\/intranet.mppee.gob.ve\/wordpress\/wp-content\/uploads\/2022\/10\/Garantizan-bienestar-de-fuerza-trabajadora-del-sector-el\u00e9ctrico-con-nuevo-Servicio-M\u00e9dico-y-comedor-2-768x512.jpg 768w, http:\/\/intranet.mppee.gob.ve\/wordpress\/wp-content\/uploads\/2022\/10\/Garantizan-bienestar-de-fuerza-trabajadora-del-sector-el\u00e9ctrico-con-nuevo-Servicio-M\u00e9dico-y-comedor-2-1024x683.jpg 1024w\" alt=\"\" width=\"1080\" height=\"720\"><img loading=\"lazy\" decoding=\"async\" class=\"alignnone size-full wp-image-14389\" src=\"http:\/\/intranet.mppee.gob.ve\/wordpress\/wp-content\/uploads\/2022\/10\/Garantizan-bienestar-de-fuerza-trabajadora-del-sector-el%C3%A9ctrico-con-nuevo-Servicio-M%C3%A9dico-y-comedor-1.jpg\" sizes=\"auto, (max-width: 1080px) 100vw, 1080px\" srcset=\"http:\/\/intranet.mppee.gob.ve\/wordpress\/wp-content\/uploads\/2022\/10\/Garantizan-bienestar-de-fuerza-trabajadora-del-sector-el\u00e9ctrico-con-nuevo-Servicio-M\u00e9dico-y-comedor-1.jpg 1080w, http:\/\/intranet.mppee.gob.ve\/wordpress\/wp-content\/uploads\/2022\/10\/Garantizan-bienestar-de-fuerza-trabajadora-del-sector-el\u00e9ctrico-con-nuevo-Servicio-M\u00e9dico-y-comedor-1-300x201.jpg 300w, http:\/\/intranet.mppee.gob.ve\/wordpress\/wp-content\/uploads\/2022\/10\/Garantizan-bienestar-de-fuerza-trabajadora-del-sector-el\u00e9ctrico-con-nuevo-Servicio-M\u00e9dico-y-comedor-1-768x514.jpg 768w, http:\/\/intranet.mppee.gob.ve\/wordpress\/wp-content\/uploads\/2022\/10\/Garantizan-bienestar-de-fuerza-trabajadora-del-sector-el\u00e9ctrico-con-nuevo-Servicio-M\u00e9dico-y-comedor-1-1024x686.jpg 1024w\" alt=\"\" width=\"1080\" height=\"723\"><\/p>\n<div class=\"post-views post-14388 entry-meta\">&nbsp;<\/div>\n\n\n<p><\/p>\n","protected":false},"excerpt":{"rendered":"<p>Con el objetivo de seguir garantizando el bienestar social de la fuerza trabajadora del sector el\u00e9ctrico, este martes fue reinaugurado<\/p>\n","protected":false},"author":12,"featured_media":88225,"comment_status":"open","ping_status":"open","sticky":false,"template":"","format":"standard","meta":{"footnotes":""},"categories":[30],"tags":[255,11],"class_list":["post-88220","post","type-post","status-publish","format-standard","has-post-thumbnail","hentry","category-regionales","tag-fasmee","tag-mppee"],"_links":{"self":[{"href":"https:\/\/mppee.gob.ve\/index.php?rest_route=\/wp\/v2\/posts\/88220","targetHints":{"allow":["GET"]}}],"collection":[{"href":"https:\/\/mppee.gob.ve\/index.php?rest_route=\/wp\/v2\/posts"}],"about":[{"href":"https:\/\/mppee.gob.ve\/index.php?rest_route=\/wp\/v2\/types\/post"}],"author":[{"embeddable":true,"href":"https:\/\/mppee.gob.ve\/index.php?rest_route=\/wp\/v2\/users\/12"}],"replies":[{"embeddable":true,"href":"https:\/\/mppee.gob.ve\/index.php?rest_route=%2Fwp%2Fv2%2Fcomments&post=88220"}],"version-history":[{"count":2,"href":"https:\/\/mppee.gob.ve\/index.php?rest_route=\/wp\/v2\/posts\/88220\/revisions"}],"predecessor-version":[{"id":88226,"href":"https:\/\/mppee.gob.ve\/index.php?rest_route=\/wp\/v2\/posts\/88220\/revisions\/88226"}],"wp:featuredmedia":[{"embeddable":true,"href":"https:\/\/mppee.gob.ve\/index.php?rest_route=\/wp\/v2\/media\/88225"}],"wp:attachment":[{"href":"https:\/\/mppee.gob.ve\/index.php?rest_route=%2Fwp%2Fv2%2Fmedia&parent=88220"}],"wp:term":[{"taxonomy":"category","embeddable":true,"href":"https:\/\/mppee.gob.ve\/index.php?rest_route=%2Fwp%2Fv2%2Fcategories&post=88220"},{"taxonomy":"post_tag","embeddable":true,"href":"https:\/\/mppee.gob.ve\/index.php?rest_route=%2Fwp%2Fv2%2Ftags&post=88220"}],"curies":[{"name":"wp","href":"https:\/\/api.w.org\/{rel}","templated":true}]}}