{"id":88222,"date":"2022-10-28T14:28:00","date_gmt":"2022-10-28T14:28:00","guid":{"rendered":"http:\/\/10.200.87.50\/mppee\/?p=88222"},"modified":"2022-11-15T14:31:54","modified_gmt":"2022-11-15T14:31:54","slug":"condecorados-186-trabajadores-del-sector-electrico-durante-xiii-aniversario-del-mppee","status":"publish","type":"post","link":"https:\/\/mppee.gob.ve\/?p=88222","title":{"rendered":"Condecorados 186 trabajadores del sector el\u00e9ctrico durante XIII Aniversario del Mppee"},"content":{"rendered":"<p style=\"text-align: justify;\"><img loading=\"lazy\" decoding=\"async\" class=\"wp-image-14414 size-medium alignleft\" src=\"http:\/\/intranet.mppee.gob.ve\/wordpress\/wp-content\/uploads\/2022\/10\/Condecorados-186-trabajadores-del-sector-el%C3%A9ctrico-durante-XIII-Aniversario-del-Mppee-12-300x217.jpg\" sizes=\"auto, (max-width: 300px) 100vw, 300px\" srcset=\"http:\/\/intranet.mppee.gob.ve\/wordpress\/wp-content\/uploads\/2022\/10\/Condecorados-186-trabajadores-del-sector-el\u00e9ctrico-durante-XIII-Aniversario-del-Mppee-12-300x217.jpg 300w, http:\/\/intranet.mppee.gob.ve\/wordpress\/wp-content\/uploads\/2022\/10\/Condecorados-186-trabajadores-del-sector-el\u00e9ctrico-durante-XIII-Aniversario-del-Mppee-12-768x554.jpg 768w, http:\/\/intranet.mppee.gob.ve\/wordpress\/wp-content\/uploads\/2022\/10\/Condecorados-186-trabajadores-del-sector-el\u00e9ctrico-durante-XIII-Aniversario-del-Mppee-12.jpg 1024w\" alt=\"\" width=\"300\" height=\"217\" \/>El vicepresidente Sectorial de Obras P\u00fablicas y Servicios, G\/J N\u00e9stor Reverol otorg\u00f3 186 condecoraciones a trabajadores y trabajadoras del Sistema El\u00e9ctrico Nacional (SEN), con motivo de celebrarse el XIII Aniversario del Ministerio del Poder Popular para la Energ\u00eda El\u00e9ctrica (Mppee).<\/p>\n<p style=\"text-align: justify;\"><strong>\u201cEl d\u00eda de hoy hemos reconocido a 186 compa\u00f1eros con la Orden Don Luis Zambrano en su 1era, 2da y 3era clase, adem\u00e1s de entregar 79 botones por el compromiso, dedicaci\u00f3n y constancia, de quienes representan a los m\u00e1s de 34 mil trabajadores que tenemos en el Sistema El\u00e9ctrico Nacional\u201d<\/strong>, indic\u00f3 Reverol Torres durante el evento celebrado este jueves en la sede del citado ente gubernamental en San Bernardino, Caracas.<\/p>\n<p style=\"text-align: justify;\">El General en Jefe record\u00f3 la creaci\u00f3n del Mppee por parte del Comandante Eterno Hugo Ch\u00e1vez como una pol\u00edtica de desarrollo para el Sistema El\u00e9ctrico Nacional,\u00a0<strong>\u201cque va a la par del progreso del pa\u00eds, de la vida econ\u00f3mica y social de la Patria, encaminada a un futuro autosustentable, con una cultura de pago del servicio el\u00e9ctrico; as\u00ed como el uso de la energ\u00eda solar donde tenemos importantes elementos de estudios y evaluaci\u00f3n\u201d,<\/strong>\u00a0precis\u00f3.<\/p>\n<p style=\"text-align: justify;\"><img loading=\"lazy\" decoding=\"async\" class=\"wp-image-14413 size-medium alignright\" src=\"http:\/\/intranet.mppee.gob.ve\/wordpress\/wp-content\/uploads\/2022\/10\/Condecorados-186-trabajadores-del-sector-el%C3%A9ctrico-durante-XIII-Aniversario-del-Mppee-11-300x200.jpg\" sizes=\"auto, (max-width: 300px) 100vw, 300px\" srcset=\"http:\/\/intranet.mppee.gob.ve\/wordpress\/wp-content\/uploads\/2022\/10\/Condecorados-186-trabajadores-del-sector-el\u00e9ctrico-durante-XIII-Aniversario-del-Mppee-11-300x200.jpg 300w, http:\/\/intranet.mppee.gob.ve\/wordpress\/wp-content\/uploads\/2022\/10\/Condecorados-186-trabajadores-del-sector-el\u00e9ctrico-durante-XIII-Aniversario-del-Mppee-11-768x512.jpg 768w, http:\/\/intranet.mppee.gob.ve\/wordpress\/wp-content\/uploads\/2022\/10\/Condecorados-186-trabajadores-del-sector-el\u00e9ctrico-durante-XIII-Aniversario-del-Mppee-11.jpg 1024w\" alt=\"\" width=\"300\" height=\"200\" \/>Durante el acto central, expres\u00f3 palabras de reconocimiento a los hombres y mujeres que recuperaron el servicio el\u00e9ctrico tanto en Las Tejer\u00edas como en el sector El Casta\u00f1o en el estado Aragua; al tiempo que oficiales de la Fuerza Armada Nacional Bolivariana y del Instituto Nacional de Meteorolog\u00eda e Hidrolog\u00eda (Inameh), recibieron su justo reconocimiento por su aporte al sector el\u00e9ctrico.<\/p>\n<p style=\"text-align: justify;\"><strong>\u201cEstamos seguros que con el apoyo de todos los trabajadores desde sus diferentes trincheras, vamos a lograr la recuperaci\u00f3n definitiva del Sistema El\u00e9ctrico Nacional, para darle el mantenimiento debido, la confiabilidad y la seguridad\u201d<\/strong>, asever\u00f3 el tambi\u00e9n Ministro del Poder Popular para la Energ\u00eda El\u00e9ctrica.<\/p>\n<p style=\"text-align: justify;\">Por su parte, la viceministra para la Articulaci\u00f3n y Participaci\u00f3n Social, Nuris Perozo, se\u00f1al\u00f3 que la condecoraci\u00f3n recibida representa el valor de la lealtad y tanto su compromiso personal como el de la fuerza trabajadora, para garantizar un \u00f3ptimo servicio el\u00e9ctrico al pueblo venezolano.<\/p>\n<p style=\"text-align: justify;\"><img loading=\"lazy\" decoding=\"async\" class=\"wp-image-14412 size-medium alignleft\" src=\"http:\/\/intranet.mppee.gob.ve\/wordpress\/wp-content\/uploads\/2022\/10\/Condecorados-186-trabajadores-del-sector-el%C3%A9ctrico-durante-XIII-Aniversario-del-Mppee-10-300x200.jpg\" sizes=\"auto, (max-width: 300px) 100vw, 300px\" srcset=\"http:\/\/intranet.mppee.gob.ve\/wordpress\/wp-content\/uploads\/2022\/10\/Condecorados-186-trabajadores-del-sector-el\u00e9ctrico-durante-XIII-Aniversario-del-Mppee-10-300x200.jpg 300w, http:\/\/intranet.mppee.gob.ve\/wordpress\/wp-content\/uploads\/2022\/10\/Condecorados-186-trabajadores-del-sector-el\u00e9ctrico-durante-XIII-Aniversario-del-Mppee-10-768x512.jpg 768w, http:\/\/intranet.mppee.gob.ve\/wordpress\/wp-content\/uploads\/2022\/10\/Condecorados-186-trabajadores-del-sector-el\u00e9ctrico-durante-XIII-Aniversario-del-Mppee-10.jpg 1024w\" alt=\"\" width=\"300\" height=\"200\" \/>Finalmente, Nelson Zerpa, quien es empleado de Corpoelec en La Yaguara, Distrito Capital, manifest\u00f3 su orgullo por contribuir a la recuperaci\u00f3n del servicio el\u00e9ctrico en Las Tejer\u00edas, estado Aragua, por lo que tambi\u00e9n manifest\u00f3 su satisfacci\u00f3n por el homenaje que tanto su persona como sus compa\u00f1eros de trabajo, recibieron de parte del Ministro del Poder Popular Para la Energ\u00eda El\u00e9ctrica G\/J N\u00e9stor Reverol.<\/p>\n<p><strong>Prensa Mppee<\/strong><\/p>\n<p><img loading=\"lazy\" decoding=\"async\" class=\"alignnone size-full wp-image-14410\" src=\"http:\/\/intranet.mppee.gob.ve\/wordpress\/wp-content\/uploads\/2022\/10\/Condecorados-186-trabajadores-del-sector-el%C3%A9ctrico-durante-XIII-Aniversario-del-Mppee-8.jpg\" sizes=\"auto, (max-width: 1024px) 100vw, 1024px\" srcset=\"http:\/\/intranet.mppee.gob.ve\/wordpress\/wp-content\/uploads\/2022\/10\/Condecorados-186-trabajadores-del-sector-el\u00e9ctrico-durante-XIII-Aniversario-del-Mppee-8.jpg 1024w, http:\/\/intranet.mppee.gob.ve\/wordpress\/wp-content\/uploads\/2022\/10\/Condecorados-186-trabajadores-del-sector-el\u00e9ctrico-durante-XIII-Aniversario-del-Mppee-8-300x200.jpg 300w, http:\/\/intranet.mppee.gob.ve\/wordpress\/wp-content\/uploads\/2022\/10\/Condecorados-186-trabajadores-del-sector-el\u00e9ctrico-durante-XIII-Aniversario-del-Mppee-8-768x512.jpg 768w\" alt=\"\" width=\"1024\" height=\"683\" \/><img loading=\"lazy\" decoding=\"async\" class=\"alignnone size-full wp-image-14409\" src=\"http:\/\/intranet.mppee.gob.ve\/wordpress\/wp-content\/uploads\/2022\/10\/Condecorados-186-trabajadores-del-sector-el%C3%A9ctrico-durante-XIII-Aniversario-del-Mppee-7.jpg\" sizes=\"auto, (max-width: 1280px) 100vw, 1280px\" srcset=\"http:\/\/intranet.mppee.gob.ve\/wordpress\/wp-content\/uploads\/2022\/10\/Condecorados-186-trabajadores-del-sector-el\u00e9ctrico-durante-XIII-Aniversario-del-Mppee-7.jpg 1280w, http:\/\/intranet.mppee.gob.ve\/wordpress\/wp-content\/uploads\/2022\/10\/Condecorados-186-trabajadores-del-sector-el\u00e9ctrico-durante-XIII-Aniversario-del-Mppee-7-300x200.jpg 300w, http:\/\/intranet.mppee.gob.ve\/wordpress\/wp-content\/uploads\/2022\/10\/Condecorados-186-trabajadores-del-sector-el\u00e9ctrico-durante-XIII-Aniversario-del-Mppee-7-768x512.jpg 768w, http:\/\/intranet.mppee.gob.ve\/wordpress\/wp-content\/uploads\/2022\/10\/Condecorados-186-trabajadores-del-sector-el\u00e9ctrico-durante-XIII-Aniversario-del-Mppee-7-1024x682.jpg 1024w\" alt=\"\" width=\"1280\" height=\"853\" \/><img loading=\"lazy\" decoding=\"async\" class=\"alignnone size-full wp-image-14408\" src=\"http:\/\/intranet.mppee.gob.ve\/wordpress\/wp-content\/uploads\/2022\/10\/Condecorados-186-trabajadores-del-sector-el%C3%A9ctrico-durante-XIII-Aniversario-del-Mppee-6.jpg\" sizes=\"auto, (max-width: 1024px) 100vw, 1024px\" srcset=\"http:\/\/intranet.mppee.gob.ve\/wordpress\/wp-content\/uploads\/2022\/10\/Condecorados-186-trabajadores-del-sector-el\u00e9ctrico-durante-XIII-Aniversario-del-Mppee-6.jpg 1024w, http:\/\/intranet.mppee.gob.ve\/wordpress\/wp-content\/uploads\/2022\/10\/Condecorados-186-trabajadores-del-sector-el\u00e9ctrico-durante-XIII-Aniversario-del-Mppee-6-300x200.jpg 300w, http:\/\/intranet.mppee.gob.ve\/wordpress\/wp-content\/uploads\/2022\/10\/Condecorados-186-trabajadores-del-sector-el\u00e9ctrico-durante-XIII-Aniversario-del-Mppee-6-768x512.jpg 768w\" alt=\"\" width=\"1024\" height=\"683\" \/><img loading=\"lazy\" decoding=\"async\" class=\"alignnone size-full wp-image-14407\" src=\"http:\/\/intranet.mppee.gob.ve\/wordpress\/wp-content\/uploads\/2022\/10\/Condecorados-186-trabajadores-del-sector-el%C3%A9ctrico-durante-XIII-Aniversario-del-Mppee-5.jpg\" sizes=\"auto, (max-width: 1024px) 100vw, 1024px\" srcset=\"http:\/\/intranet.mppee.gob.ve\/wordpress\/wp-content\/uploads\/2022\/10\/Condecorados-186-trabajadores-del-sector-el\u00e9ctrico-durante-XIII-Aniversario-del-Mppee-5.jpg 1024w, http:\/\/intranet.mppee.gob.ve\/wordpress\/wp-content\/uploads\/2022\/10\/Condecorados-186-trabajadores-del-sector-el\u00e9ctrico-durante-XIII-Aniversario-del-Mppee-5-300x200.jpg 300w, http:\/\/intranet.mppee.gob.ve\/wordpress\/wp-content\/uploads\/2022\/10\/Condecorados-186-trabajadores-del-sector-el\u00e9ctrico-durante-XIII-Aniversario-del-Mppee-5-768x512.jpg 768w\" alt=\"\" width=\"1024\" height=\"683\" \/><\/p>\n<div class=\"post-views post-14402 entry-meta\">\u00a0<\/div>\n\n\n<p><\/p>\n","protected":false},"excerpt":{"rendered":"<p>El vicepresidente Sectorial de Obras P\u00fablicas y Servicios, G\/J N\u00e9stor Reverol otorg\u00f3 186 condecoraciones a trabajadores y trabajadoras del Sistema<\/p>\n","protected":false},"author":12,"featured_media":88223,"comment_status":"open","ping_status":"open","sticky":false,"template":"","format":"standard","meta":{"footnotes":""},"categories":[1],"tags":[11],"class_list":["post-88222","post","type-post","status-publish","format-standard","has-post-thumbnail","hentry","category-mppee","tag-mppee"],"_links":{"self":[{"href":"https:\/\/mppee.gob.ve\/index.php?rest_route=\/wp\/v2\/posts\/88222","targetHints":{"allow":["GET"]}}],"collection":[{"href":"https:\/\/mppee.gob.ve\/index.php?rest_route=\/wp\/v2\/posts"}],"about":[{"href":"https:\/\/mppee.gob.ve\/index.php?rest_route=\/wp\/v2\/types\/post"}],"author":[{"embeddable":true,"href":"https:\/\/mppee.gob.ve\/index.php?rest_route=\/wp\/v2\/users\/12"}],"replies":[{"embeddable":true,"href":"https:\/\/mppee.gob.ve\/index.php?rest_route=%2Fwp%2Fv2%2Fcomments&post=88222"}],"version-history":[{"count":1,"href":"https:\/\/mppee.gob.ve\/index.php?rest_route=\/wp\/v2\/posts\/88222\/revisions"}],"predecessor-version":[{"id":88224,"href":"https:\/\/mppee.gob.ve\/index.php?rest_route=\/wp\/v2\/posts\/88222\/revisions\/88224"}],"wp:featuredmedia":[{"embeddable":true,"href":"https:\/\/mppee.gob.ve\/index.php?rest_route=\/wp\/v2\/media\/88223"}],"wp:attachment":[{"href":"https:\/\/mppee.gob.ve\/index.php?rest_route=%2Fwp%2Fv2%2Fmedia&parent=88222"}],"wp:term":[{"taxonomy":"category","embeddable":true,"href":"https:\/\/mppee.gob.ve\/index.php?rest_route=%2Fwp%2Fv2%2Fcategories&post=88222"},{"taxonomy":"post_tag","embeddable":true,"href":"https:\/\/mppee.gob.ve\/index.php?rest_route=%2Fwp%2Fv2%2Ftags&post=88222"}],"curies":[{"name":"wp","href":"https:\/\/api.w.org\/{rel}","templated":true}]}}