{"id":88242,"date":"2022-11-05T15:10:00","date_gmt":"2022-11-05T15:10:00","guid":{"rendered":"http:\/\/10.200.87.50\/mppee\/?p=88242"},"modified":"2022-11-15T15:13:03","modified_gmt":"2022-11-15T15:13:03","slug":"reactivan-taller-de-recuperacion-de-transformadores-en-el-estado-zulia","status":"publish","type":"post","link":"https:\/\/mppee.gob.ve\/?p=88242","title":{"rendered":"Reactivan Taller de Recuperaci\u00f3n de Transformadores en el estado Zulia"},"content":{"rendered":"<p style=\"text-align: justify;\"><img loading=\"lazy\" decoding=\"async\" class=\"wp-image-14517 size-medium alignleft\" src=\"http:\/\/intranet.mppee.gob.ve\/wordpress\/wp-content\/uploads\/2022\/11\/Reactivan-Taller-de-Recuperaci%C3%B3n-de-Transformadores-en-el-estado-Zulia-8-300x200.jpg\" sizes=\"auto, (max-width: 300px) 100vw, 300px\" srcset=\"http:\/\/intranet.mppee.gob.ve\/wordpress\/wp-content\/uploads\/2022\/11\/Reactivan-Taller-de-Recuperaci\u00f3n-de-Transformadores-en-el-estado-Zulia-8-300x200.jpg 300w, http:\/\/intranet.mppee.gob.ve\/wordpress\/wp-content\/uploads\/2022\/11\/Reactivan-Taller-de-Recuperaci\u00f3n-de-Transformadores-en-el-estado-Zulia-8-768x512.jpg 768w, http:\/\/intranet.mppee.gob.ve\/wordpress\/wp-content\/uploads\/2022\/11\/Reactivan-Taller-de-Recuperaci\u00f3n-de-Transformadores-en-el-estado-Zulia-8.jpg 912w\" alt=\"\" width=\"300\" height=\"200\" \/>El Ministerio del Poder Popular para la Energ\u00eda El\u00e9ctrica (Mppee), reactiv\u00f3 el Taller de Recuperaci\u00f3n de Transformadores El Amparo,\u00a0 en la parroquia Cacique Mara del municipio Maracaibo, estado Zulia, uno de los cinco centros de mantenimiento con los cuales cuenta el Sistema El\u00e9ctrico Nacional.<\/p>\n<p style=\"text-align: justify;\">As\u00ed lo dio a conocer el vicepresidente Sectorial de Obras P\u00fablicas y Servicios, G\/J N\u00e9stor Reverol,\u00a0<strong>\u201cnos encontramos con los trabajadores en el Centro de Servicio de la Corporaci\u00f3n El\u00e9ctrica Nacional (Corpoelec), para dar un reimpulso a esta importante empresa creada por nuestro Comandante Supremo Hugo Ch\u00e1vez y que tiene como objetivo la elaboraci\u00f3n de partes, piezas y equipos para el sector el\u00e9ctrico\u201d.<\/strong><\/p>\n<p style=\"text-align: justify;\">En el marco del despliegue operacional fueron entregados 69 equipos de potencia para la prestaci\u00f3n del servicio en las comunidades, y cumplir con los procesos de distribuci\u00f3n de energ\u00eda el\u00e9ctrica de manera continua y estable.<\/p>\n<p style=\"text-align: justify;\"><strong><img loading=\"lazy\" decoding=\"async\" class=\"wp-image-14516 size-medium alignright\" src=\"http:\/\/intranet.mppee.gob.ve\/wordpress\/wp-content\/uploads\/2022\/11\/Reactivan-Taller-de-Recuperaci%C3%B3n-de-Transformadores-en-el-estado-Zulia-7-300x200.jpg\" sizes=\"auto, (max-width: 300px) 100vw, 300px\" srcset=\"http:\/\/intranet.mppee.gob.ve\/wordpress\/wp-content\/uploads\/2022\/11\/Reactivan-Taller-de-Recuperaci\u00f3n-de-Transformadores-en-el-estado-Zulia-7-300x200.jpg 300w, http:\/\/intranet.mppee.gob.ve\/wordpress\/wp-content\/uploads\/2022\/11\/Reactivan-Taller-de-Recuperaci\u00f3n-de-Transformadores-en-el-estado-Zulia-7-768x512.jpg 768w, http:\/\/intranet.mppee.gob.ve\/wordpress\/wp-content\/uploads\/2022\/11\/Reactivan-Taller-de-Recuperaci\u00f3n-de-Transformadores-en-el-estado-Zulia-7.jpg 1024w\" alt=\"\" width=\"300\" height=\"200\" \/>\u201cCon la inventiva de la fuerza trabajadora de Corpoelec impulsamos la recuperaci\u00f3n de equipos para optimizar el servicio el\u00e9ctrico en la entidad zuliana\u201d<\/strong>, agreg\u00f3 el General en Jefe.<\/p>\n<p><strong>Prensa Mppee<\/strong><\/p>\n<p><img loading=\"lazy\" decoding=\"async\" class=\"alignnone size-full wp-image-14515\" src=\"http:\/\/intranet.mppee.gob.ve\/wordpress\/wp-content\/uploads\/2022\/11\/Reactivan-Taller-de-Recuperaci%C3%B3n-de-Transformadores-en-el-estado-Zulia-6.jpg\" sizes=\"auto, (max-width: 1024px) 100vw, 1024px\" srcset=\"http:\/\/intranet.mppee.gob.ve\/wordpress\/wp-content\/uploads\/2022\/11\/Reactivan-Taller-de-Recuperaci\u00f3n-de-Transformadores-en-el-estado-Zulia-6.jpg 1024w, http:\/\/intranet.mppee.gob.ve\/wordpress\/wp-content\/uploads\/2022\/11\/Reactivan-Taller-de-Recuperaci\u00f3n-de-Transformadores-en-el-estado-Zulia-6-300x200.jpg 300w, http:\/\/intranet.mppee.gob.ve\/wordpress\/wp-content\/uploads\/2022\/11\/Reactivan-Taller-de-Recuperaci\u00f3n-de-Transformadores-en-el-estado-Zulia-6-768x512.jpg 768w\" alt=\"\" width=\"1024\" height=\"683\" \/><img loading=\"lazy\" decoding=\"async\" class=\"alignnone size-full wp-image-14514\" src=\"http:\/\/intranet.mppee.gob.ve\/wordpress\/wp-content\/uploads\/2022\/11\/Reactivan-Taller-de-Recuperaci%C3%B3n-de-Transformadores-en-el-estado-Zulia-5.jpg\" sizes=\"auto, (max-width: 1024px) 100vw, 1024px\" srcset=\"http:\/\/intranet.mppee.gob.ve\/wordpress\/wp-content\/uploads\/2022\/11\/Reactivan-Taller-de-Recuperaci\u00f3n-de-Transformadores-en-el-estado-Zulia-5.jpg 1024w, http:\/\/intranet.mppee.gob.ve\/wordpress\/wp-content\/uploads\/2022\/11\/Reactivan-Taller-de-Recuperaci\u00f3n-de-Transformadores-en-el-estado-Zulia-5-300x200.jpg 300w, http:\/\/intranet.mppee.gob.ve\/wordpress\/wp-content\/uploads\/2022\/11\/Reactivan-Taller-de-Recuperaci\u00f3n-de-Transformadores-en-el-estado-Zulia-5-768x512.jpg 768w\" alt=\"\" width=\"1024\" height=\"683\" \/><img loading=\"lazy\" decoding=\"async\" class=\"alignnone size-full wp-image-14513\" src=\"http:\/\/intranet.mppee.gob.ve\/wordpress\/wp-content\/uploads\/2022\/11\/Reactivan-Taller-de-Recuperaci%C3%B3n-de-Transformadores-en-el-estado-Zulia-4.jpg\" sizes=\"auto, (max-width: 1024px) 100vw, 1024px\" srcset=\"http:\/\/intranet.mppee.gob.ve\/wordpress\/wp-content\/uploads\/2022\/11\/Reactivan-Taller-de-Recuperaci\u00f3n-de-Transformadores-en-el-estado-Zulia-4.jpg 1024w, http:\/\/intranet.mppee.gob.ve\/wordpress\/wp-content\/uploads\/2022\/11\/Reactivan-Taller-de-Recuperaci\u00f3n-de-Transformadores-en-el-estado-Zulia-4-300x200.jpg 300w, http:\/\/intranet.mppee.gob.ve\/wordpress\/wp-content\/uploads\/2022\/11\/Reactivan-Taller-de-Recuperaci\u00f3n-de-Transformadores-en-el-estado-Zulia-4-768x512.jpg 768w\" alt=\"\" width=\"1024\" height=\"683\" \/><img loading=\"lazy\" decoding=\"async\" class=\"alignnone size-full wp-image-14511\" src=\"http:\/\/intranet.mppee.gob.ve\/wordpress\/wp-content\/uploads\/2022\/11\/Reactivan-Taller-de-Recuperaci%C3%B3n-de-Transformadores-en-el-estado-Zulia-2.jpg\" sizes=\"auto, (max-width: 1080px) 100vw, 1080px\" srcset=\"http:\/\/intranet.mppee.gob.ve\/wordpress\/wp-content\/uploads\/2022\/11\/Reactivan-Taller-de-Recuperaci\u00f3n-de-Transformadores-en-el-estado-Zulia-2.jpg 1080w, http:\/\/intranet.mppee.gob.ve\/wordpress\/wp-content\/uploads\/2022\/11\/Reactivan-Taller-de-Recuperaci\u00f3n-de-Transformadores-en-el-estado-Zulia-2-300x217.jpg 300w, http:\/\/intranet.mppee.gob.ve\/wordpress\/wp-content\/uploads\/2022\/11\/Reactivan-Taller-de-Recuperaci\u00f3n-de-Transformadores-en-el-estado-Zulia-2-768x555.jpg 768w, http:\/\/intranet.mppee.gob.ve\/wordpress\/wp-content\/uploads\/2022\/11\/Reactivan-Taller-de-Recuperaci\u00f3n-de-Transformadores-en-el-estado-Zulia-2-1024x740.jpg 1024w\" alt=\"\" width=\"1080\" height=\"780\" \/><img loading=\"lazy\" decoding=\"async\" class=\"alignnone size-full wp-image-14510\" src=\"http:\/\/intranet.mppee.gob.ve\/wordpress\/wp-content\/uploads\/2022\/11\/Reactivan-Taller-de-Recuperaci%C3%B3n-de-Transformadores-en-el-estado-Zulia-1.jpg\" sizes=\"auto, (max-width: 1024px) 100vw, 1024px\" srcset=\"http:\/\/intranet.mppee.gob.ve\/wordpress\/wp-content\/uploads\/2022\/11\/Reactivan-Taller-de-Recuperaci\u00f3n-de-Transformadores-en-el-estado-Zulia-1.jpg 1024w, http:\/\/intranet.mppee.gob.ve\/wordpress\/wp-content\/uploads\/2022\/11\/Reactivan-Taller-de-Recuperaci\u00f3n-de-Transformadores-en-el-estado-Zulia-1-300x207.jpg 300w, http:\/\/intranet.mppee.gob.ve\/wordpress\/wp-content\/uploads\/2022\/11\/Reactivan-Taller-de-Recuperaci\u00f3n-de-Transformadores-en-el-estado-Zulia-1-768x530.jpg 768w\" alt=\"\" width=\"1024\" height=\"707\" \/><\/p>\n<div class=\"post-views post-14509 entry-meta\"><\/div>\n","protected":false},"excerpt":{"rendered":"<p>El Ministerio del Poder Popular para la Energ\u00eda El\u00e9ctrica (Mppee), reactiv\u00f3 el Taller de Recuperaci\u00f3n de Transformadores El Amparo,\u00a0 en<\/p>\n","protected":false},"author":12,"featured_media":88243,"comment_status":"open","ping_status":"open","sticky":false,"template":"","format":"standard","meta":{"footnotes":""},"categories":[1],"tags":[11],"class_list":["post-88242","post","type-post","status-publish","format-standard","has-post-thumbnail","hentry","category-mppee","tag-mppee"],"_links":{"self":[{"href":"https:\/\/mppee.gob.ve\/index.php?rest_route=\/wp\/v2\/posts\/88242","targetHints":{"allow":["GET"]}}],"collection":[{"href":"https:\/\/mppee.gob.ve\/index.php?rest_route=\/wp\/v2\/posts"}],"about":[{"href":"https:\/\/mppee.gob.ve\/index.php?rest_route=\/wp\/v2\/types\/post"}],"author":[{"embeddable":true,"href":"https:\/\/mppee.gob.ve\/index.php?rest_route=\/wp\/v2\/users\/12"}],"replies":[{"embeddable":true,"href":"https:\/\/mppee.gob.ve\/index.php?rest_route=%2Fwp%2Fv2%2Fcomments&post=88242"}],"version-history":[{"count":1,"href":"https:\/\/mppee.gob.ve\/index.php?rest_route=\/wp\/v2\/posts\/88242\/revisions"}],"predecessor-version":[{"id":88244,"href":"https:\/\/mppee.gob.ve\/index.php?rest_route=\/wp\/v2\/posts\/88242\/revisions\/88244"}],"wp:featuredmedia":[{"embeddable":true,"href":"https:\/\/mppee.gob.ve\/index.php?rest_route=\/wp\/v2\/media\/88243"}],"wp:attachment":[{"href":"https:\/\/mppee.gob.ve\/index.php?rest_route=%2Fwp%2Fv2%2Fmedia&parent=88242"}],"wp:term":[{"taxonomy":"category","embeddable":true,"href":"https:\/\/mppee.gob.ve\/index.php?rest_route=%2Fwp%2Fv2%2Fcategories&post=88242"},{"taxonomy":"post_tag","embeddable":true,"href":"https:\/\/mppee.gob.ve\/index.php?rest_route=%2Fwp%2Fv2%2Ftags&post=88242"}],"curies":[{"name":"wp","href":"https:\/\/api.w.org\/{rel}","templated":true}]}}