{"id":88248,"date":"2022-11-09T15:24:00","date_gmt":"2022-11-09T15:24:00","guid":{"rendered":"http:\/\/10.200.87.50\/mppee\/?p=88248"},"modified":"2022-11-15T15:29:31","modified_gmt":"2022-11-15T15:29:31","slug":"venezuela-y-cuba-fortalecen-lazos-de-cooperacion-en-materia-de-energia-electrica","status":"publish","type":"post","link":"https:\/\/mppee.gob.ve\/?p=88248","title":{"rendered":"Venezuela y Cuba fortalecen lazos de cooperaci\u00f3n en materia de energ\u00eda el\u00e9ctrica"},"content":{"rendered":"<p style=\"text-align: justify;\"><img loading=\"lazy\" decoding=\"async\" class=\"wp-image-14553 size-medium alignleft\" src=\"http:\/\/intranet.mppee.gob.ve\/wordpress\/wp-content\/uploads\/2022\/11\/Venezuela-y-Cuba-fortalecen-lazos-de-cooperaci%C3%B3n-en-materia-de-energ%C3%ADa-el%C3%A9ctrica-1-300x185.jpg\" sizes=\"auto, (max-width: 300px) 100vw, 300px\" srcset=\"http:\/\/intranet.mppee.gob.ve\/wordpress\/wp-content\/uploads\/2022\/11\/Venezuela-y-Cuba-fortalecen-lazos-de-cooperaci\u00f3n-en-materia-de-energ\u00eda-el\u00e9ctrica-1-300x185.jpg 300w, http:\/\/intranet.mppee.gob.ve\/wordpress\/wp-content\/uploads\/2022\/11\/Venezuela-y-Cuba-fortalecen-lazos-de-cooperaci\u00f3n-en-materia-de-energ\u00eda-el\u00e9ctrica-1-768x473.jpg 768w, http:\/\/intranet.mppee.gob.ve\/wordpress\/wp-content\/uploads\/2022\/11\/Venezuela-y-Cuba-fortalecen-lazos-de-cooperaci\u00f3n-en-materia-de-energ\u00eda-el\u00e9ctrica-1-1024x631.jpg 1024w, http:\/\/intranet.mppee.gob.ve\/wordpress\/wp-content\/uploads\/2022\/11\/Venezuela-y-Cuba-fortalecen-lazos-de-cooperaci\u00f3n-en-materia-de-energ\u00eda-el\u00e9ctrica-1.jpg 1080w\" alt=\"\" width=\"300\" height=\"185\" \/>El vicepresidente Sectorial de Obras P\u00fablicas y Servicios, G\/J N\u00e9stor Reverol, sostuvo la tarde de este mi\u00e9rcoles un encuentro con el viceprimer ministro de Cuba, Ramiro Vald\u00e9s Men\u00e9ndez, el ministro de Energ\u00eda y Minas, Vicente de la O Levy, el embajador cubano en Venezuela, Dagoberto Rodr\u00edguez y otros miembros de la delegaci\u00f3n cubana para continuar fortaleciendo los lazos de cooperaci\u00f3n entre ambas naciones.<\/p>\n<p style=\"text-align: justify;\">La informaci\u00f3n la dio a conocer el General en Jefe a trav\u00e9s de una publicaci\u00f3n en su cuenta oficial en la red social Instagram @reverolnestor, donde detall\u00f3 que se evaluaron diferentes aspectos del Sistema El\u00e9ctrico Nacional (SEN) que pudieran aplicarse en la isla caribe\u00f1a.<\/p>\n<p style=\"text-align: justify;\"><strong>\u201cRa\u00edces hist\u00f3ricas unen a Cuba y Venezuela en la lucha por la integraci\u00f3n de los pueblos latinoamericanos en la defensa de la soberan\u00eda e independencia, prop\u00f3sito que sigue hoy m\u00e1s firme que nunca con el presidente de la Rep\u00fablica, Nicol\u00e1s Maduro\u201d<\/strong>, escribi\u00f3 el tambi\u00e9n ministro para la Energ\u00eda El\u00e9ctrica.<\/p>\n<p style=\"text-align: justify;\"><img loading=\"lazy\" decoding=\"async\" class=\"wp-image-14554 size-medium alignright\" src=\"http:\/\/intranet.mppee.gob.ve\/wordpress\/wp-content\/uploads\/2022\/11\/Venezuela-y-Cuba-fortalecen-lazos-de-cooperaci%C3%B3n-en-materia-de-energ%C3%ADa-el%C3%A9ctrica-2-300x200.jpg\" sizes=\"auto, (max-width: 300px) 100vw, 300px\" srcset=\"http:\/\/intranet.mppee.gob.ve\/wordpress\/wp-content\/uploads\/2022\/11\/Venezuela-y-Cuba-fortalecen-lazos-de-cooperaci\u00f3n-en-materia-de-energ\u00eda-el\u00e9ctrica-2-300x200.jpg 300w, http:\/\/intranet.mppee.gob.ve\/wordpress\/wp-content\/uploads\/2022\/11\/Venezuela-y-Cuba-fortalecen-lazos-de-cooperaci\u00f3n-en-materia-de-energ\u00eda-el\u00e9ctrica-2-768x512.jpg 768w, http:\/\/intranet.mppee.gob.ve\/wordpress\/wp-content\/uploads\/2022\/11\/Venezuela-y-Cuba-fortalecen-lazos-de-cooperaci\u00f3n-en-materia-de-energ\u00eda-el\u00e9ctrica-2-1024x682.jpg 1024w, http:\/\/intranet.mppee.gob.ve\/wordpress\/wp-content\/uploads\/2022\/11\/Venezuela-y-Cuba-fortalecen-lazos-de-cooperaci\u00f3n-en-materia-de-energ\u00eda-el\u00e9ctrica-2.jpg 1280w\" alt=\"\" width=\"300\" height=\"200\" \/>Vale destacar que m\u00e1s temprano Reverol Torres estuvo junto a otros miembros del Gabinete Ministerial y la vicepresidenta Ejecutiva de la Rep\u00fablica, Delcy Rodr\u00edguez, quien tambi\u00e9n se reuni\u00f3 con esta delegaci\u00f3n cubana con el prop\u00f3sito de profundizar la cooperaci\u00f3n bilateral, que data de m\u00e1s de dos d\u00e9cadas y examinar los avances del convenio integral suscrito entre ambos pa\u00edses.<\/p>\n<p><strong>Prensa Mppee<\/strong><\/p>\n<div class=\"post-views post-14552 entry-meta\">\u00a0<\/div>\n\n\n<p><\/p>\n","protected":false},"excerpt":{"rendered":"<p>El vicepresidente Sectorial de Obras P\u00fablicas y Servicios, G\/J N\u00e9stor Reverol, sostuvo la tarde de este mi\u00e9rcoles un encuentro con<\/p>\n","protected":false},"author":12,"featured_media":88249,"comment_status":"open","ping_status":"open","sticky":false,"template":"","format":"standard","meta":{"footnotes":""},"categories":[15],"tags":[],"class_list":["post-88248","post","type-post","status-publish","format-standard","has-post-thumbnail","hentry","category-nacionales"],"_links":{"self":[{"href":"https:\/\/mppee.gob.ve\/index.php?rest_route=\/wp\/v2\/posts\/88248","targetHints":{"allow":["GET"]}}],"collection":[{"href":"https:\/\/mppee.gob.ve\/index.php?rest_route=\/wp\/v2\/posts"}],"about":[{"href":"https:\/\/mppee.gob.ve\/index.php?rest_route=\/wp\/v2\/types\/post"}],"author":[{"embeddable":true,"href":"https:\/\/mppee.gob.ve\/index.php?rest_route=\/wp\/v2\/users\/12"}],"replies":[{"embeddable":true,"href":"https:\/\/mppee.gob.ve\/index.php?rest_route=%2Fwp%2Fv2%2Fcomments&post=88248"}],"version-history":[{"count":1,"href":"https:\/\/mppee.gob.ve\/index.php?rest_route=\/wp\/v2\/posts\/88248\/revisions"}],"predecessor-version":[{"id":88250,"href":"https:\/\/mppee.gob.ve\/index.php?rest_route=\/wp\/v2\/posts\/88248\/revisions\/88250"}],"wp:featuredmedia":[{"embeddable":true,"href":"https:\/\/mppee.gob.ve\/index.php?rest_route=\/wp\/v2\/media\/88249"}],"wp:attachment":[{"href":"https:\/\/mppee.gob.ve\/index.php?rest_route=%2Fwp%2Fv2%2Fmedia&parent=88248"}],"wp:term":[{"taxonomy":"category","embeddable":true,"href":"https:\/\/mppee.gob.ve\/index.php?rest_route=%2Fwp%2Fv2%2Fcategories&post=88248"},{"taxonomy":"post_tag","embeddable":true,"href":"https:\/\/mppee.gob.ve\/index.php?rest_route=%2Fwp%2Fv2%2Ftags&post=88248"}],"curies":[{"name":"wp","href":"https:\/\/api.w.org\/{rel}","templated":true}]}}