{"id":88251,"date":"2022-11-09T15:36:00","date_gmt":"2022-11-09T15:36:00","guid":{"rendered":"http:\/\/10.200.87.50\/mppee\/?p=88251"},"modified":"2022-11-15T15:39:50","modified_gmt":"2022-11-15T15:39:50","slug":"sector-electrico-y-transporte-exponen-ideas-en-jornada-de-energias-renovables","status":"publish","type":"post","link":"https:\/\/mppee.gob.ve\/?p=88251","title":{"rendered":"Sector El\u00e9ctrico y Transporte exponen ideas en Jornada de Energ\u00edas Renovables"},"content":{"rendered":"<p style=\"text-align: justify;\"><img loading=\"lazy\" decoding=\"async\" class=\"wp-image-14542 size-medium alignleft\" src=\"http:\/\/intranet.mppee.gob.ve\/wordpress\/wp-content\/uploads\/2022\/11\/WhatsApp-Image-2022-11-09-at-4.53.53-PM-300x193.jpeg\" sizes=\"auto, (max-width: 300px) 100vw, 300px\" srcset=\"http:\/\/intranet.mppee.gob.ve\/wordpress\/wp-content\/uploads\/2022\/11\/WhatsApp-Image-2022-11-09-at-4.53.53-PM-300x193.jpeg 300w, http:\/\/intranet.mppee.gob.ve\/wordpress\/wp-content\/uploads\/2022\/11\/WhatsApp-Image-2022-11-09-at-4.53.53-PM-768x494.jpeg 768w, http:\/\/intranet.mppee.gob.ve\/wordpress\/wp-content\/uploads\/2022\/11\/WhatsApp-Image-2022-11-09-at-4.53.53-PM-1024x658.jpeg 1024w, http:\/\/intranet.mppee.gob.ve\/wordpress\/wp-content\/uploads\/2022\/11\/WhatsApp-Image-2022-11-09-at-4.53.53-PM.jpeg 1089w\" alt=\"\" width=\"300\" height=\"193\" \/>Para dar soluciones en la lucha contra el cambio clim\u00e1tico y mejorar todo lo concerniente a los servicios p\u00fablicos, se dio inicio este mi\u00e9rcoles a la primera Jornada de Energ\u00edas Renovables aplicadas al Sector Transporte, en el Auditorio del Ministerio de Poder Popular para la Energ\u00eda El\u00e9ctrica (Mppee) en Caracas.<\/p>\n<p style=\"text-align: justify;\">Este encuentro reuni\u00f3 a los principales entes adscritos de los sectores Transporte y El\u00e9ctrico con el objetivo de mostrar todas las investigaciones y experiencias sobre el uso de energ\u00edas renovables en los sistemas de transporte p\u00fablico en el pa\u00eds.<\/p>\n<p style=\"text-align: justify;\">Tania Masea, viceministra para Nuevas Fuentes y Uso Racional de la Energ\u00eda El\u00e9ctrica, consider\u00f3 adecuada la realizaci\u00f3n de esta jornada que coincide con la visita del presidente de la Rep\u00fablica Bolivariana de Venezuela, Nicol\u00e1s Maduro, a la 27\u00aa Conferencia de las Naciones Unidas sobre el Cambio Clim\u00e1tico, en Sharm El Sheikh \u2013 Egipto.<\/p>\n<p style=\"text-align: justify;\">Masea puntualiz\u00f3 que<strong>\u00a0\u201cse est\u00e1 trabajando el tema de las energ\u00edas limpias, c\u00f3mo hacemos para recuperar el da\u00f1o que le hacemos al ambiente\u201d aplicando el uso de nuevas tecnolog\u00edas, adem\u00e1s de conocer lo que est\u00e1 realizando el talento humano venezolano, el potencial que tenemos en el pa\u00eds para poder abordar estos temas y c\u00f3mo aplicamos las energ\u00edas renovables, no solamente en la generaci\u00f3n, sino tambi\u00e9n en el sector transporte\u201d.<\/strong><\/p>\n<p style=\"text-align: justify;\"><img loading=\"lazy\" decoding=\"async\" class=\"wp-image-14541 size-medium alignright\" src=\"http:\/\/intranet.mppee.gob.ve\/wordpress\/wp-content\/uploads\/2022\/11\/WhatsApp-Image-2022-11-09-at-4.53.52-PM-300x168.jpeg\" sizes=\"auto, (max-width: 300px) 100vw, 300px\" srcset=\"http:\/\/intranet.mppee.gob.ve\/wordpress\/wp-content\/uploads\/2022\/11\/WhatsApp-Image-2022-11-09-at-4.53.52-PM-300x168.jpeg 300w, http:\/\/intranet.mppee.gob.ve\/wordpress\/wp-content\/uploads\/2022\/11\/WhatsApp-Image-2022-11-09-at-4.53.52-PM-768x429.jpeg 768w, http:\/\/intranet.mppee.gob.ve\/wordpress\/wp-content\/uploads\/2022\/11\/WhatsApp-Image-2022-11-09-at-4.53.52-PM-1024x572.jpeg 1024w, http:\/\/intranet.mppee.gob.ve\/wordpress\/wp-content\/uploads\/2022\/11\/WhatsApp-Image-2022-11-09-at-4.53.52-PM-450x250.jpeg 450w, http:\/\/intranet.mppee.gob.ve\/wordpress\/wp-content\/uploads\/2022\/11\/WhatsApp-Image-2022-11-09-at-4.53.52-PM-678x381.jpeg 678w, http:\/\/intranet.mppee.gob.ve\/wordpress\/wp-content\/uploads\/2022\/11\/WhatsApp-Image-2022-11-09-at-4.53.52-PM.jpeg 1253w\" alt=\"\" width=\"300\" height=\"168\" \/>En este sentido, el presidente de Industria Ferroviaria y Sistema por Cable de Venezuela S.A. (Ferroven), Ing. Nelson D\u00edaz Rodr\u00edguez, explic\u00f3 la importancia de la articulaci\u00f3n entre el Mppee y la empresa en lo concerniente al tema de alimentaci\u00f3n de los sistemas de transporte ferroviarios del pa\u00eds.<\/p>\n<p style=\"text-align: justify;\"><strong>\u201cEste evento requiere bastante pertinencia, puesto que tenemos que buscar fuentes alternativas para alimentar el sistema de transporte, en este caso por bater\u00edas de litio, de sodio, utilizar los hidr\u00f3genos, los parques e\u00f3licos y parte de energ\u00eda solar\u201d,<\/strong>\u00a0explic\u00f3.<\/p>\n<p style=\"text-align: justify;\">Por su parte, Siulmar Guevara, directora general de Uso Racional y Eficiente de la Energ\u00eda del Mppee, indic\u00f3 la importancia de este evento para combatir el cambio clim\u00e1tico.<\/p>\n<p style=\"text-align: justify;\"><strong>\u201cNo es un esfuerzo aislado, sino que todos desde nuestros \u00e1mbitos de competencia, podamos dar ese impacto positivo, que se vea reflejado en esa agenda de mitigaci\u00f3n y adaptaci\u00f3n al cambio clim\u00e1tico que tan evidente ha sido en el pa\u00eds\u201d<\/strong>, sostuvo.<\/p>\n<p style=\"text-align: justify;\"><img loading=\"lazy\" decoding=\"async\" class=\"wp-image-14539 size-medium alignleft\" src=\"http:\/\/intranet.mppee.gob.ve\/wordpress\/wp-content\/uploads\/2022\/11\/WhatsApp-Image-2022-11-09-at-4.53.52-PM-2-300x181.jpeg\" sizes=\"auto, (max-width: 300px) 100vw, 300px\" srcset=\"http:\/\/intranet.mppee.gob.ve\/wordpress\/wp-content\/uploads\/2022\/11\/WhatsApp-Image-2022-11-09-at-4.53.52-PM-2-300x181.jpeg 300w, http:\/\/intranet.mppee.gob.ve\/wordpress\/wp-content\/uploads\/2022\/11\/WhatsApp-Image-2022-11-09-at-4.53.52-PM-2-768x464.jpeg 768w, http:\/\/intranet.mppee.gob.ve\/wordpress\/wp-content\/uploads\/2022\/11\/WhatsApp-Image-2022-11-09-at-4.53.52-PM-2-1024x618.jpeg 1024w, http:\/\/intranet.mppee.gob.ve\/wordpress\/wp-content\/uploads\/2022\/11\/WhatsApp-Image-2022-11-09-at-4.53.52-PM-2.jpeg 1159w\" alt=\"\" width=\"300\" height=\"181\" \/>Finalmente, Guevara agradeci\u00f3 la presencia de los representantes del sector transporte e invitados especiales, y al Vicepresidente Sectorial de Obras P\u00fablicas y Servicios y ministro de la cartera de Energ\u00eda El\u00e9ctrica, G\/J N\u00e9stor Reverol, por el apoyo e impulso de estos planes estrat\u00e9gicos y todos los proyectos que van a tributar en una disminuci\u00f3n del impacto ambiental.<\/p>\n<p><strong>Prensa Mppee<\/strong><\/p>\n<figure id=\"attachment_14538\" class=\"wp-caption alignnone\"><img loading=\"lazy\" decoding=\"async\" class=\"wp-image-14538 size-full\" src=\"http:\/\/intranet.mppee.gob.ve\/wordpress\/wp-content\/uploads\/2022\/11\/WhatsApp-Image-2022-11-09-at-4.53.52-PM-1.jpeg\" sizes=\"auto, (max-width: 1033px) 100vw, 1033px\" srcset=\"http:\/\/intranet.mppee.gob.ve\/wordpress\/wp-content\/uploads\/2022\/11\/WhatsApp-Image-2022-11-09-at-4.53.52-PM-1.jpeg 1033w, http:\/\/intranet.mppee.gob.ve\/wordpress\/wp-content\/uploads\/2022\/11\/WhatsApp-Image-2022-11-09-at-4.53.52-PM-1-300x203.jpeg 300w, http:\/\/intranet.mppee.gob.ve\/wordpress\/wp-content\/uploads\/2022\/11\/WhatsApp-Image-2022-11-09-at-4.53.52-PM-1-768x520.jpeg 768w, http:\/\/intranet.mppee.gob.ve\/wordpress\/wp-content\/uploads\/2022\/11\/WhatsApp-Image-2022-11-09-at-4.53.52-PM-1-1024x694.jpeg 1024w\" alt=\"\" width=\"1033\" height=\"700\" \/>\n<figcaption class=\"wp-caption-text\">Tania Masea, viceministra para Nuevas Fuentes y Uso Racional de la Energ\u00eda El\u00e9ctrica<\/figcaption>\n<\/figure>\n<p><img loading=\"lazy\" decoding=\"async\" class=\"alignnone size-full wp-image-14537\" src=\"http:\/\/intranet.mppee.gob.ve\/wordpress\/wp-content\/uploads\/2022\/11\/WhatsApp-Image-2022-11-09-at-4.53.51-PM.jpeg\" sizes=\"auto, (max-width: 1091px) 100vw, 1091px\" srcset=\"http:\/\/intranet.mppee.gob.ve\/wordpress\/wp-content\/uploads\/2022\/11\/WhatsApp-Image-2022-11-09-at-4.53.51-PM.jpeg 1091w, http:\/\/intranet.mppee.gob.ve\/wordpress\/wp-content\/uploads\/2022\/11\/WhatsApp-Image-2022-11-09-at-4.53.51-PM-300x192.jpeg 300w, http:\/\/intranet.mppee.gob.ve\/wordpress\/wp-content\/uploads\/2022\/11\/WhatsApp-Image-2022-11-09-at-4.53.51-PM-768x493.jpeg 768w, http:\/\/intranet.mppee.gob.ve\/wordpress\/wp-content\/uploads\/2022\/11\/WhatsApp-Image-2022-11-09-at-4.53.51-PM-1024x657.jpeg 1024w\" alt=\"\" width=\"1091\" height=\"700\" \/><img loading=\"lazy\" decoding=\"async\" class=\"alignnone size-full wp-image-14536\" src=\"http:\/\/intranet.mppee.gob.ve\/wordpress\/wp-content\/uploads\/2022\/11\/WhatsApp-Image-2022-11-09-at-4.53.51-PM-2.jpeg\" sizes=\"auto, (max-width: 1124px) 100vw, 1124px\" srcset=\"http:\/\/intranet.mppee.gob.ve\/wordpress\/wp-content\/uploads\/2022\/11\/WhatsApp-Image-2022-11-09-at-4.53.51-PM-2.jpeg 1124w, http:\/\/intranet.mppee.gob.ve\/wordpress\/wp-content\/uploads\/2022\/11\/WhatsApp-Image-2022-11-09-at-4.53.51-PM-2-300x187.jpeg 300w, http:\/\/intranet.mppee.gob.ve\/wordpress\/wp-content\/uploads\/2022\/11\/WhatsApp-Image-2022-11-09-at-4.53.51-PM-2-768x478.jpeg 768w, http:\/\/intranet.mppee.gob.ve\/wordpress\/wp-content\/uploads\/2022\/11\/WhatsApp-Image-2022-11-09-at-4.53.51-PM-2-1024x638.jpeg 1024w\" alt=\"\" width=\"1124\" height=\"700\" \/><img loading=\"lazy\" decoding=\"async\" class=\"alignnone size-full wp-image-14535\" src=\"http:\/\/intranet.mppee.gob.ve\/wordpress\/wp-content\/uploads\/2022\/11\/WhatsApp-Image-2022-11-09-at-4.53.51-PM-1.jpeg\" sizes=\"auto, (max-width: 1007px) 100vw, 1007px\" srcset=\"http:\/\/intranet.mppee.gob.ve\/wordpress\/wp-content\/uploads\/2022\/11\/WhatsApp-Image-2022-11-09-at-4.53.51-PM-1.jpeg 1007w, http:\/\/intranet.mppee.gob.ve\/wordpress\/wp-content\/uploads\/2022\/11\/WhatsApp-Image-2022-11-09-at-4.53.51-PM-1-300x209.jpeg 300w, http:\/\/intranet.mppee.gob.ve\/wordpress\/wp-content\/uploads\/2022\/11\/WhatsApp-Image-2022-11-09-at-4.53.51-PM-1-768x534.jpeg 768w\" alt=\"\" width=\"1007\" height=\"700\" \/><\/p>\n<div class=\"post-views post-14534 entry-meta\">\u00a0<\/div>\n\n\n<p><\/p>\n","protected":false},"excerpt":{"rendered":"<p>Para dar soluciones en la lucha contra el cambio clim\u00e1tico y mejorar todo lo concerniente a los servicios p\u00fablicos, se<\/p>\n","protected":false},"author":12,"featured_media":88252,"comment_status":"open","ping_status":"open","sticky":false,"template":"","format":"standard","meta":{"footnotes":""},"categories":[1],"tags":[11],"class_list":["post-88251","post","type-post","status-publish","format-standard","has-post-thumbnail","hentry","category-mppee","tag-mppee"],"_links":{"self":[{"href":"https:\/\/mppee.gob.ve\/index.php?rest_route=\/wp\/v2\/posts\/88251","targetHints":{"allow":["GET"]}}],"collection":[{"href":"https:\/\/mppee.gob.ve\/index.php?rest_route=\/wp\/v2\/posts"}],"about":[{"href":"https:\/\/mppee.gob.ve\/index.php?rest_route=\/wp\/v2\/types\/post"}],"author":[{"embeddable":true,"href":"https:\/\/mppee.gob.ve\/index.php?rest_route=\/wp\/v2\/users\/12"}],"replies":[{"embeddable":true,"href":"https:\/\/mppee.gob.ve\/index.php?rest_route=%2Fwp%2Fv2%2Fcomments&post=88251"}],"version-history":[{"count":1,"href":"https:\/\/mppee.gob.ve\/index.php?rest_route=\/wp\/v2\/posts\/88251\/revisions"}],"predecessor-version":[{"id":88253,"href":"https:\/\/mppee.gob.ve\/index.php?rest_route=\/wp\/v2\/posts\/88251\/revisions\/88253"}],"wp:featuredmedia":[{"embeddable":true,"href":"https:\/\/mppee.gob.ve\/index.php?rest_route=\/wp\/v2\/media\/88252"}],"wp:attachment":[{"href":"https:\/\/mppee.gob.ve\/index.php?rest_route=%2Fwp%2Fv2%2Fmedia&parent=88251"}],"wp:term":[{"taxonomy":"category","embeddable":true,"href":"https:\/\/mppee.gob.ve\/index.php?rest_route=%2Fwp%2Fv2%2Fcategories&post=88251"},{"taxonomy":"post_tag","embeddable":true,"href":"https:\/\/mppee.gob.ve\/index.php?rest_route=%2Fwp%2Fv2%2Ftags&post=88251"}],"curies":[{"name":"wp","href":"https:\/\/api.w.org\/{rel}","templated":true}]}}