{"id":88254,"date":"2022-11-11T15:41:00","date_gmt":"2022-11-11T15:41:00","guid":{"rendered":"http:\/\/10.200.87.50\/mppee\/?p=88254"},"modified":"2022-11-15T15:43:29","modified_gmt":"2022-11-15T15:43:29","slug":"inaugurada-sala-de-computacion-y-biblioteca-virtual-para-formar-a-cadetes-de-la-gnb","status":"publish","type":"post","link":"https:\/\/mppee.gob.ve\/?p=88254","title":{"rendered":"Inaugurada Sala de Computaci\u00f3n y Biblioteca Virtual para formar a cadetes de la GNB"},"content":{"rendered":"<p style=\"text-align: justify;\"><img loading=\"lazy\" decoding=\"async\" class=\"wp-image-14580 size-medium alignleft\" src=\"http:\/\/intranet.mppee.gob.ve\/wordpress\/wp-content\/uploads\/2022\/11\/Inaugurada-Sala-de-Computaci%C3%B3n-y-Biblioteca-Virtual-para-formar-a-cadetes-de-la-GNB-7-300x197.jpg\" sizes=\"auto, (max-width: 300px) 100vw, 300px\" srcset=\"http:\/\/intranet.mppee.gob.ve\/wordpress\/wp-content\/uploads\/2022\/11\/Inaugurada-Sala-de-Computaci\u00f3n-y-Biblioteca-Virtual-para-formar-a-cadetes-de-la-GNB-7-300x197.jpg 300w, http:\/\/intranet.mppee.gob.ve\/wordpress\/wp-content\/uploads\/2022\/11\/Inaugurada-Sala-de-Computaci\u00f3n-y-Biblioteca-Virtual-para-formar-a-cadetes-de-la-GNB-7-768x506.jpg 768w, http:\/\/intranet.mppee.gob.ve\/wordpress\/wp-content\/uploads\/2022\/11\/Inaugurada-Sala-de-Computaci\u00f3n-y-Biblioteca-Virtual-para-formar-a-cadetes-de-la-GNB-7.jpg 913w\" alt=\"\" width=\"300\" height=\"197\" \/>El vicepresidente Sectorial de Obras P\u00fablicas y Servicios, G\/J N\u00e9stor Reverol, inaugur\u00f3 este viernes una sala de Computaci\u00f3n y Biblioteca en la Academia Militar de la Guardia Nacional Bolivariana (GNB) en Caracas.<\/p>\n<p style=\"text-align: justify;\">El tambi\u00e9n ministro de la cartera de Energ\u00eda El\u00e9ctrica estuvo acompa\u00f1ado por el Comandante General de la GNB, M\/G Juvenal Fern\u00e1ndez L\u00f3pez y autoridades de esta casa de estudio con el objetivo principal de apoyar las actividades acad\u00e9micas de investigaci\u00f3n y formaci\u00f3n de m\u00e1s de 800 cadetes de este componente.<\/p>\n<p style=\"text-align: justify;\"><strong>\u201cHoy le entregamos esta Aula Virtual a los diferentes a\u00f1os de formaci\u00f3n para la investigaci\u00f3n, son 56 estaciones de trabajo, para fortalecer las actividades acad\u00e9micas a todo el personal de cadetes de nuestra querida Alma Mater de la Guardia Nacional Bolivariana\u201d<\/strong>, expres\u00f3.<\/p>\n<p style=\"text-align: justify;\">Reverol detall\u00f3 que estas \u00e1reas cuentan con 18 escritorios, 57 sillas ergon\u00f3micas, \u00a056 laptops con conexi\u00f3n a Internet de fibra \u00f3ptica.<\/p>\n<p style=\"text-align: justify;\"><img loading=\"lazy\" decoding=\"async\" class=\"wp-image-14579 size-medium alignright\" src=\"http:\/\/intranet.mppee.gob.ve\/wordpress\/wp-content\/uploads\/2022\/11\/Inaugurada-Sala-de-Computaci%C3%B3n-y-Biblioteca-Virtual-para-formar-a-cadetes-de-la-GNB-6-300x208.jpg\" sizes=\"auto, (max-width: 300px) 100vw, 300px\" srcset=\"http:\/\/intranet.mppee.gob.ve\/wordpress\/wp-content\/uploads\/2022\/11\/Inaugurada-Sala-de-Computaci\u00f3n-y-Biblioteca-Virtual-para-formar-a-cadetes-de-la-GNB-6-300x208.jpg 300w, http:\/\/intranet.mppee.gob.ve\/wordpress\/wp-content\/uploads\/2022\/11\/Inaugurada-Sala-de-Computaci\u00f3n-y-Biblioteca-Virtual-para-formar-a-cadetes-de-la-GNB-6-768x533.jpg 768w, http:\/\/intranet.mppee.gob.ve\/wordpress\/wp-content\/uploads\/2022\/11\/Inaugurada-Sala-de-Computaci\u00f3n-y-Biblioteca-Virtual-para-formar-a-cadetes-de-la-GNB-6.jpg 984w\" alt=\"\" width=\"300\" height=\"208\" \/>Por su parte, el M\/G Juvenal Fern\u00e1ndez L\u00f3pez, agradeci\u00f3 al \u00a0G\/J N\u00e9stor Reverol, por todo su apoyo para ir recuperando los espacios de la Academia Militar de la GNB.<\/p>\n<p style=\"text-align: justify;\"><strong>\u201cPodemos decirle que tenemos recuperados m\u00e1s de un 80% y seguiremos sumando esfuerzos para que los cadetes tengan una digna escuela donde se forjan los relieves magn\u00edficos del cuerpo y alma del futuro profesional\u201d,<\/strong>\u00a0afirm\u00f3.<\/p>\n<p><strong>Prensa Mppee<\/strong><\/p>\n<p><img loading=\"lazy\" decoding=\"async\" class=\"alignnone size-full wp-image-14578\" src=\"http:\/\/intranet.mppee.gob.ve\/wordpress\/wp-content\/uploads\/2022\/11\/Inaugurada-Sala-de-Computaci%C3%B3n-y-Biblioteca-Virtual-para-formar-a-cadetes-de-la-GNB-5.jpg\" sizes=\"auto, (max-width: 906px) 100vw, 906px\" srcset=\"http:\/\/intranet.mppee.gob.ve\/wordpress\/wp-content\/uploads\/2022\/11\/Inaugurada-Sala-de-Computaci\u00f3n-y-Biblioteca-Virtual-para-formar-a-cadetes-de-la-GNB-5.jpg 906w, http:\/\/intranet.mppee.gob.ve\/wordpress\/wp-content\/uploads\/2022\/11\/Inaugurada-Sala-de-Computaci\u00f3n-y-Biblioteca-Virtual-para-formar-a-cadetes-de-la-GNB-5-300x211.jpg 300w, http:\/\/intranet.mppee.gob.ve\/wordpress\/wp-content\/uploads\/2022\/11\/Inaugurada-Sala-de-Computaci\u00f3n-y-Biblioteca-Virtual-para-formar-a-cadetes-de-la-GNB-5-768x539.jpg 768w\" alt=\"\" width=\"906\" height=\"636\" \/><img loading=\"lazy\" decoding=\"async\" class=\"alignnone size-full wp-image-14577\" src=\"http:\/\/intranet.mppee.gob.ve\/wordpress\/wp-content\/uploads\/2022\/11\/Inaugurada-Sala-de-Computaci%C3%B3n-y-Biblioteca-Virtual-para-formar-a-cadetes-de-la-GNB-4.jpg\" sizes=\"auto, (max-width: 670px) 100vw, 670px\" srcset=\"http:\/\/intranet.mppee.gob.ve\/wordpress\/wp-content\/uploads\/2022\/11\/Inaugurada-Sala-de-Computaci\u00f3n-y-Biblioteca-Virtual-para-formar-a-cadetes-de-la-GNB-4.jpg 670w, http:\/\/intranet.mppee.gob.ve\/wordpress\/wp-content\/uploads\/2022\/11\/Inaugurada-Sala-de-Computaci\u00f3n-y-Biblioteca-Virtual-para-formar-a-cadetes-de-la-GNB-4-300x292.jpg 300w\" alt=\"\" width=\"670\" height=\"652\" \/><img loading=\"lazy\" decoding=\"async\" class=\"alignnone size-full wp-image-14576\" src=\"http:\/\/intranet.mppee.gob.ve\/wordpress\/wp-content\/uploads\/2022\/11\/Inaugurada-Sala-de-Computaci%C3%B3n-y-Biblioteca-Virtual-para-formar-a-cadetes-de-la-GNB-3.jpg\" sizes=\"auto, (max-width: 886px) 100vw, 886px\" srcset=\"http:\/\/intranet.mppee.gob.ve\/wordpress\/wp-content\/uploads\/2022\/11\/Inaugurada-Sala-de-Computaci\u00f3n-y-Biblioteca-Virtual-para-formar-a-cadetes-de-la-GNB-3.jpg 886w, http:\/\/intranet.mppee.gob.ve\/wordpress\/wp-content\/uploads\/2022\/11\/Inaugurada-Sala-de-Computaci\u00f3n-y-Biblioteca-Virtual-para-formar-a-cadetes-de-la-GNB-3-300x222.jpg 300w, http:\/\/intranet.mppee.gob.ve\/wordpress\/wp-content\/uploads\/2022\/11\/Inaugurada-Sala-de-Computaci\u00f3n-y-Biblioteca-Virtual-para-formar-a-cadetes-de-la-GNB-3-768x569.jpg 768w, http:\/\/intranet.mppee.gob.ve\/wordpress\/wp-content\/uploads\/2022\/11\/Inaugurada-Sala-de-Computaci\u00f3n-y-Biblioteca-Virtual-para-formar-a-cadetes-de-la-GNB-3-80x60.jpg 80w\" alt=\"\" width=\"886\" height=\"657\" \/><img loading=\"lazy\" decoding=\"async\" class=\"alignnone size-full wp-image-14574\" src=\"http:\/\/intranet.mppee.gob.ve\/wordpress\/wp-content\/uploads\/2022\/11\/Inaugurada-Sala-de-Computaci%C3%B3n-y-Biblioteca-Virtual-para-formar-a-cadetes-de-la-GNB-1.jpg\" sizes=\"auto, (max-width: 761px) 100vw, 761px\" srcset=\"http:\/\/intranet.mppee.gob.ve\/wordpress\/wp-content\/uploads\/2022\/11\/Inaugurada-Sala-de-Computaci\u00f3n-y-Biblioteca-Virtual-para-formar-a-cadetes-de-la-GNB-1.jpg 761w, http:\/\/intranet.mppee.gob.ve\/wordpress\/wp-content\/uploads\/2022\/11\/Inaugurada-Sala-de-Computaci\u00f3n-y-Biblioteca-Virtual-para-formar-a-cadetes-de-la-GNB-1-300x269.jpg 300w\" alt=\"\" width=\"761\" height=\"683\" \/><\/p>\n<div class=\"post-views post-14573 entry-meta\"><\/div>\n","protected":false},"excerpt":{"rendered":"<p>El vicepresidente Sectorial de Obras P\u00fablicas y Servicios, G\/J N\u00e9stor Reverol, inaugur\u00f3 este viernes una sala de Computaci\u00f3n y Biblioteca<\/p>\n","protected":false},"author":12,"featured_media":88255,"comment_status":"open","ping_status":"open","sticky":false,"template":"","format":"standard","meta":{"footnotes":""},"categories":[30],"tags":[111],"class_list":["post-88254","post","type-post","status-publish","format-standard","has-post-thumbnail","hentry","category-regionales","tag-caracas"],"_links":{"self":[{"href":"https:\/\/mppee.gob.ve\/index.php?rest_route=\/wp\/v2\/posts\/88254","targetHints":{"allow":["GET"]}}],"collection":[{"href":"https:\/\/mppee.gob.ve\/index.php?rest_route=\/wp\/v2\/posts"}],"about":[{"href":"https:\/\/mppee.gob.ve\/index.php?rest_route=\/wp\/v2\/types\/post"}],"author":[{"embeddable":true,"href":"https:\/\/mppee.gob.ve\/index.php?rest_route=\/wp\/v2\/users\/12"}],"replies":[{"embeddable":true,"href":"https:\/\/mppee.gob.ve\/index.php?rest_route=%2Fwp%2Fv2%2Fcomments&post=88254"}],"version-history":[{"count":1,"href":"https:\/\/mppee.gob.ve\/index.php?rest_route=\/wp\/v2\/posts\/88254\/revisions"}],"predecessor-version":[{"id":88256,"href":"https:\/\/mppee.gob.ve\/index.php?rest_route=\/wp\/v2\/posts\/88254\/revisions\/88256"}],"wp:featuredmedia":[{"embeddable":true,"href":"https:\/\/mppee.gob.ve\/index.php?rest_route=\/wp\/v2\/media\/88255"}],"wp:attachment":[{"href":"https:\/\/mppee.gob.ve\/index.php?rest_route=%2Fwp%2Fv2%2Fmedia&parent=88254"}],"wp:term":[{"taxonomy":"category","embeddable":true,"href":"https:\/\/mppee.gob.ve\/index.php?rest_route=%2Fwp%2Fv2%2Fcategories&post=88254"},{"taxonomy":"post_tag","embeddable":true,"href":"https:\/\/mppee.gob.ve\/index.php?rest_route=%2Fwp%2Fv2%2Ftags&post=88254"}],"curies":[{"name":"wp","href":"https:\/\/api.w.org\/{rel}","templated":true}]}}