{"id":88257,"date":"2022-11-18T16:10:00","date_gmt":"2022-11-18T16:10:00","guid":{"rendered":"http:\/\/10.200.87.50\/mppee\/?p=88257"},"modified":"2022-11-22T16:23:12","modified_gmt":"2022-11-22T16:23:12","slug":"instalan-mesas-de-trabajo-para-la-construccion-del-plan-estrategico-nacional-para-la-atencion-de-vias-y-puentes","status":"publish","type":"post","link":"https:\/\/mppee.gob.ve\/?p=88257","title":{"rendered":"Instalan mesas de trabajo para la construcci\u00f3n del Plan Estrat\u00e9gico Nacional para la Atenci\u00f3n de V\u00edas y Puentes"},"content":{"rendered":"<p style=\"text-align: justify;\"><img loading=\"lazy\" decoding=\"async\" class=\"size-medium wp-image-88269 alignleft\" src=\"http:\/\/10.200.87.50\/mppee\/wp-content\/uploads\/2022\/11\/Instalan-mesas-de-trabajo-para-la-construcci\u00f3n-del-Plan-Estrat\u00e9gico-Nacional-para-la-Atenci\u00f3n-de-V\u00edas-y-Puentes-11-300x215.jpg\" alt=\"\" width=\"300\" height=\"215\" srcset=\"https:\/\/mppee.gob.ve\/wp-content\/uploads\/2022\/11\/Instalan-mesas-de-trabajo-para-la-construcci\u00f3n-del-Plan-Estrat\u00e9gico-Nacional-para-la-Atenci\u00f3n-de-V\u00edas-y-Puentes-11-300x215.jpg 300w, https:\/\/mppee.gob.ve\/wp-content\/uploads\/2022\/11\/Instalan-mesas-de-trabajo-para-la-construcci\u00f3n-del-Plan-Estrat\u00e9gico-Nacional-para-la-Atenci\u00f3n-de-V\u00edas-y-Puentes-11-768x550.jpg 768w, https:\/\/mppee.gob.ve\/wp-content\/uploads\/2022\/11\/Instalan-mesas-de-trabajo-para-la-construcci\u00f3n-del-Plan-Estrat\u00e9gico-Nacional-para-la-Atenci\u00f3n-de-V\u00edas-y-Puentes-11.jpg 1024w\" sizes=\"auto, (max-width: 300px) 100vw, 300px\" \/>El vicepresidente Sectorial de Obras P\u00fablicas y Servicios, G\/J N\u00e9stor Reverol, instal\u00f3 este viernes las Mesas de Trabajo para la construcci\u00f3n del Plan Estrat\u00e9gico Nacional para la Atenci\u00f3n de V\u00edas y Puentes.<\/p>\n<p style=\"text-align: justify;\">La actividad se llev\u00f3 a cabo en el C\u00edrculo Militar en Fuerte Tiuna, Caracas, donde asistieron representantes de la Gran Misi\u00f3n Barrio Nuevo, Barrio Tricolor de la regi\u00f3n Capital, Central, Los Llanos, Occidental, Oriental, Los Andes y Guayana; as\u00ed como los responsables de los entes de la viabilidad del Ministerio del Poder Popular para el Transporte.<\/p>\n<p style=\"text-align: justify;\"><strong><img loading=\"lazy\" decoding=\"async\" class=\"size-medium wp-image-88268 alignright\" src=\"http:\/\/10.200.87.50\/mppee\/wp-content\/uploads\/2022\/11\/Instalan-mesas-de-trabajo-para-la-construcci\u00f3n-del-Plan-Estrat\u00e9gico-Nacional-para-la-Atenci\u00f3n-de-V\u00edas-y-Puentes-10-300x200.jpg\" alt=\"\" width=\"300\" height=\"200\" srcset=\"https:\/\/mppee.gob.ve\/wp-content\/uploads\/2022\/11\/Instalan-mesas-de-trabajo-para-la-construcci\u00f3n-del-Plan-Estrat\u00e9gico-Nacional-para-la-Atenci\u00f3n-de-V\u00edas-y-Puentes-10-300x200.jpg 300w, https:\/\/mppee.gob.ve\/wp-content\/uploads\/2022\/11\/Instalan-mesas-de-trabajo-para-la-construcci\u00f3n-del-Plan-Estrat\u00e9gico-Nacional-para-la-Atenci\u00f3n-de-V\u00edas-y-Puentes-10-768x512.jpg 768w, https:\/\/mppee.gob.ve\/wp-content\/uploads\/2022\/11\/Instalan-mesas-de-trabajo-para-la-construcci\u00f3n-del-Plan-Estrat\u00e9gico-Nacional-para-la-Atenci\u00f3n-de-V\u00edas-y-Puentes-10.jpg 1024w\" sizes=\"auto, (max-width: 300px) 100vw, 300px\" \/>\u00abSomos un gobierno de debate, por eso fueron convocados a estas mesas de trabajo el d\u00eda de hoy, para que nos den sus recomendaciones, aportes e ideas, con el fin de establecer un plan de mantenimiento vial que permita atender las v\u00edas locales, ramales y subramales del territorio nacional, que por m\u00faltiples factores y la crisis clim\u00e1tica se vieron afectadas\u00bb<\/strong>, expres\u00f3 el General en Jefe, quien estuvo acompa\u00f1ado por los ministros para Obras P\u00fablicas, G\/D Ra\u00fal Paredes y el titular de Transporte, Ram\u00f3n Vel\u00e1zquez.<\/p>\n<p style=\"text-align: justify;\">En el debate se incluy\u00f3 el diagn\u00f3stico sobre el estado de las v\u00edas a nivel nacional y la capacidad instalada en materia de maquinarias, equipos y talento humano, entre ellos el Poder Popular, lo que permitir\u00e1 establecer una agenda de trabajo que contempla la rehabilitaci\u00f3n de las v\u00edas en corto, mediano y largo plazo.<\/p>\n<p style=\"text-align: justify;\"><img loading=\"lazy\" decoding=\"async\" class=\"size-medium wp-image-88267 alignleft\" src=\"http:\/\/10.200.87.50\/mppee\/wp-content\/uploads\/2022\/11\/Instalan-mesas-de-trabajo-para-la-construcci\u00f3n-del-Plan-Estrat\u00e9gico-Nacional-para-la-Atenci\u00f3n-de-V\u00edas-y-Puentes-9-300x200.jpg\" alt=\"\" width=\"300\" height=\"200\" srcset=\"https:\/\/mppee.gob.ve\/wp-content\/uploads\/2022\/11\/Instalan-mesas-de-trabajo-para-la-construcci\u00f3n-del-Plan-Estrat\u00e9gico-Nacional-para-la-Atenci\u00f3n-de-V\u00edas-y-Puentes-9-300x200.jpg 300w, https:\/\/mppee.gob.ve\/wp-content\/uploads\/2022\/11\/Instalan-mesas-de-trabajo-para-la-construcci\u00f3n-del-Plan-Estrat\u00e9gico-Nacional-para-la-Atenci\u00f3n-de-V\u00edas-y-Puentes-9-768x512.jpg 768w, https:\/\/mppee.gob.ve\/wp-content\/uploads\/2022\/11\/Instalan-mesas-de-trabajo-para-la-construcci\u00f3n-del-Plan-Estrat\u00e9gico-Nacional-para-la-Atenci\u00f3n-de-V\u00edas-y-Puentes-9.jpg 1024w\" sizes=\"auto, (max-width: 300px) 100vw, 300px\" \/>Asever\u00f3 que dicho plan va enmarcado con la tercera de las seis l\u00edneas estrat\u00e9gicas del 1&#215;10 del Buen Gobierno, impulsadas por el presidente de la Rep\u00fablica, Nicol\u00e1s Maduro, vinculada con el derecho al ambiente, a la ciudad y a los servicios p\u00fablicos.\u00a0<\/p>\n<p style=\"text-align: justify;\">Reverol hizo igualmente un llamado a los ministerios, gobernaciones, alcald\u00edas e instituciones a trabajar en conjunto, <strong>\u00abdebemos trabajar en equipo para que este plan se cree con sus propuestas, que llegue a cada regi\u00f3n y estado del pa\u00eds\u00bb<\/strong>, enfatiz\u00f3.<\/p>\n<p style=\"text-align: justify;\">Por otra parte, manifest\u00f3 la necesidad del adecuado apalancamiento con la Fuerza Armada Nacional Bolivariana (FANB), para establecer el sistema de alerta temprana en las emergencias viales y en el acompa\u00f1amiento de la seguridad.<\/p>\n<p style=\"text-align: justify;\"><strong><img loading=\"lazy\" decoding=\"async\" class=\"size-medium wp-image-88266 alignright\" src=\"http:\/\/10.200.87.50\/mppee\/wp-content\/uploads\/2022\/11\/Instalan-mesas-de-trabajo-para-la-construcci\u00f3n-del-Plan-Estrat\u00e9gico-Nacional-para-la-Atenci\u00f3n-de-V\u00edas-y-Puentes-8-300x200.jpg\" alt=\"\" width=\"300\" height=\"200\" srcset=\"https:\/\/mppee.gob.ve\/wp-content\/uploads\/2022\/11\/Instalan-mesas-de-trabajo-para-la-construcci\u00f3n-del-Plan-Estrat\u00e9gico-Nacional-para-la-Atenci\u00f3n-de-V\u00edas-y-Puentes-8-300x200.jpg 300w, https:\/\/mppee.gob.ve\/wp-content\/uploads\/2022\/11\/Instalan-mesas-de-trabajo-para-la-construcci\u00f3n-del-Plan-Estrat\u00e9gico-Nacional-para-la-Atenci\u00f3n-de-V\u00edas-y-Puentes-8-768x512.jpg 768w, https:\/\/mppee.gob.ve\/wp-content\/uploads\/2022\/11\/Instalan-mesas-de-trabajo-para-la-construcci\u00f3n-del-Plan-Estrat\u00e9gico-Nacional-para-la-Atenci\u00f3n-de-V\u00edas-y-Puentes-8.jpg 1024w\" sizes=\"auto, (max-width: 300px) 100vw, 300px\" \/>\u00abDebemos abordar con fuerza el mantenimiento y limpieza de las v\u00edas. El plan tambi\u00e9n contempla el dragado a quebradas y r\u00edos, drenaje a alcantarillas y atenci\u00f3n a los servicios p\u00fablicos\u00bb,<\/strong> sostuvo.<\/p>\n<p><em><strong>Creaci\u00f3n de una Ley<\/strong><\/em><\/p>\n<p style=\"text-align: justify;\">Durante sus declaraciones, el Vicepresidente Sectorial inst\u00f3 a los presentes de cada mesa a debatir sobre la creaci\u00f3n de una Ley de Emergencia Vial.<\/p>\n<p style=\"text-align: justify;\"><strong>\u00abTenemos que trabajar sobre la presentaci\u00f3n de iniciativas legislativas, c\u00f3mo mejorar nuestras leyes, qu\u00e9 podemos presentar para mejorar la atenci\u00f3n de la vialidad\u201d,<\/strong> dijo.<\/p>\n<p style=\"text-align: justify;\"><img loading=\"lazy\" decoding=\"async\" class=\"size-medium wp-image-88265 alignleft\" src=\"http:\/\/10.200.87.50\/mppee\/wp-content\/uploads\/2022\/11\/Instalan-mesas-de-trabajo-para-la-construcci\u00f3n-del-Plan-Estrat\u00e9gico-Nacional-para-la-Atenci\u00f3n-de-V\u00edas-y-Puentes-7-300x200.jpg\" alt=\"\" width=\"300\" height=\"200\" srcset=\"https:\/\/mppee.gob.ve\/wp-content\/uploads\/2022\/11\/Instalan-mesas-de-trabajo-para-la-construcci\u00f3n-del-Plan-Estrat\u00e9gico-Nacional-para-la-Atenci\u00f3n-de-V\u00edas-y-Puentes-7-300x200.jpg 300w, https:\/\/mppee.gob.ve\/wp-content\/uploads\/2022\/11\/Instalan-mesas-de-trabajo-para-la-construcci\u00f3n-del-Plan-Estrat\u00e9gico-Nacional-para-la-Atenci\u00f3n-de-V\u00edas-y-Puentes-7-768x512.jpg 768w, https:\/\/mppee.gob.ve\/wp-content\/uploads\/2022\/11\/Instalan-mesas-de-trabajo-para-la-construcci\u00f3n-del-Plan-Estrat\u00e9gico-Nacional-para-la-Atenci\u00f3n-de-V\u00edas-y-Puentes-7.jpg 1024w\" sizes=\"auto, (max-width: 300px) 100vw, 300px\" \/>Vale destacar que las propuestas planteadas en las mesas de trabajo ser\u00e1n evaluadas por la Vicepresidencia Sectorial de Obras P\u00fablicas y Servicios durante este fin de semana, para que posteriormente sean presentadas al presidente de la Rep\u00fablica, Nicol\u00e1s Maduro, en los pr\u00f3ximos d\u00edas.<\/p>\n<p><strong>Prensa Mppee<\/strong><\/p>\n<p><img loading=\"lazy\" decoding=\"async\" class=\"alignnone wp-image-88264 size-full\" src=\"http:\/\/10.200.87.50\/mppee\/wp-content\/uploads\/2022\/11\/Instalan-mesas-de-trabajo-para-la-construcci\u00f3n-del-Plan-Estrat\u00e9gico-Nacional-para-la-Atenci\u00f3n-de-V\u00edas-y-Puentes-6.jpg\" alt=\"\" width=\"1024\" height=\"683\" srcset=\"https:\/\/mppee.gob.ve\/wp-content\/uploads\/2022\/11\/Instalan-mesas-de-trabajo-para-la-construcci\u00f3n-del-Plan-Estrat\u00e9gico-Nacional-para-la-Atenci\u00f3n-de-V\u00edas-y-Puentes-6.jpg 1024w, https:\/\/mppee.gob.ve\/wp-content\/uploads\/2022\/11\/Instalan-mesas-de-trabajo-para-la-construcci\u00f3n-del-Plan-Estrat\u00e9gico-Nacional-para-la-Atenci\u00f3n-de-V\u00edas-y-Puentes-6-300x200.jpg 300w, https:\/\/mppee.gob.ve\/wp-content\/uploads\/2022\/11\/Instalan-mesas-de-trabajo-para-la-construcci\u00f3n-del-Plan-Estrat\u00e9gico-Nacional-para-la-Atenci\u00f3n-de-V\u00edas-y-Puentes-6-768x512.jpg 768w\" sizes=\"auto, (max-width: 1024px) 100vw, 1024px\" \/> <img loading=\"lazy\" decoding=\"async\" class=\"alignnone wp-image-88263 size-full\" src=\"http:\/\/10.200.87.50\/mppee\/wp-content\/uploads\/2022\/11\/Instalan-mesas-de-trabajo-para-la-construcci\u00f3n-del-Plan-Estrat\u00e9gico-Nacional-para-la-Atenci\u00f3n-de-V\u00edas-y-Puentes-5.jpg\" alt=\"\" width=\"912\" height=\"608\" srcset=\"https:\/\/mppee.gob.ve\/wp-content\/uploads\/2022\/11\/Instalan-mesas-de-trabajo-para-la-construcci\u00f3n-del-Plan-Estrat\u00e9gico-Nacional-para-la-Atenci\u00f3n-de-V\u00edas-y-Puentes-5.jpg 912w, https:\/\/mppee.gob.ve\/wp-content\/uploads\/2022\/11\/Instalan-mesas-de-trabajo-para-la-construcci\u00f3n-del-Plan-Estrat\u00e9gico-Nacional-para-la-Atenci\u00f3n-de-V\u00edas-y-Puentes-5-300x200.jpg 300w, https:\/\/mppee.gob.ve\/wp-content\/uploads\/2022\/11\/Instalan-mesas-de-trabajo-para-la-construcci\u00f3n-del-Plan-Estrat\u00e9gico-Nacional-para-la-Atenci\u00f3n-de-V\u00edas-y-Puentes-5-768x512.jpg 768w\" sizes=\"auto, (max-width: 912px) 100vw, 912px\" \/> <img loading=\"lazy\" decoding=\"async\" class=\"alignnone wp-image-88262 size-full\" src=\"http:\/\/10.200.87.50\/mppee\/wp-content\/uploads\/2022\/11\/Instalan-mesas-de-trabajo-para-la-construcci\u00f3n-del-Plan-Estrat\u00e9gico-Nacional-para-la-Atenci\u00f3n-de-V\u00edas-y-Puentes-4.jpg\" alt=\"\" width=\"1024\" height=\"658\" srcset=\"https:\/\/mppee.gob.ve\/wp-content\/uploads\/2022\/11\/Instalan-mesas-de-trabajo-para-la-construcci\u00f3n-del-Plan-Estrat\u00e9gico-Nacional-para-la-Atenci\u00f3n-de-V\u00edas-y-Puentes-4.jpg 1024w, https:\/\/mppee.gob.ve\/wp-content\/uploads\/2022\/11\/Instalan-mesas-de-trabajo-para-la-construcci\u00f3n-del-Plan-Estrat\u00e9gico-Nacional-para-la-Atenci\u00f3n-de-V\u00edas-y-Puentes-4-300x193.jpg 300w, https:\/\/mppee.gob.ve\/wp-content\/uploads\/2022\/11\/Instalan-mesas-de-trabajo-para-la-construcci\u00f3n-del-Plan-Estrat\u00e9gico-Nacional-para-la-Atenci\u00f3n-de-V\u00edas-y-Puentes-4-768x494.jpg 768w\" sizes=\"auto, (max-width: 1024px) 100vw, 1024px\" \/> <img loading=\"lazy\" decoding=\"async\" class=\"alignnone wp-image-88261 size-full\" src=\"http:\/\/10.200.87.50\/mppee\/wp-content\/uploads\/2022\/11\/Instalan-mesas-de-trabajo-para-la-construcci\u00f3n-del-Plan-Estrat\u00e9gico-Nacional-para-la-Atenci\u00f3n-de-V\u00edas-y-Puentes-3.jpg\" alt=\"\" width=\"1024\" height=\"704\" srcset=\"https:\/\/mppee.gob.ve\/wp-content\/uploads\/2022\/11\/Instalan-mesas-de-trabajo-para-la-construcci\u00f3n-del-Plan-Estrat\u00e9gico-Nacional-para-la-Atenci\u00f3n-de-V\u00edas-y-Puentes-3.jpg 1024w, https:\/\/mppee.gob.ve\/wp-content\/uploads\/2022\/11\/Instalan-mesas-de-trabajo-para-la-construcci\u00f3n-del-Plan-Estrat\u00e9gico-Nacional-para-la-Atenci\u00f3n-de-V\u00edas-y-Puentes-3-300x206.jpg 300w, https:\/\/mppee.gob.ve\/wp-content\/uploads\/2022\/11\/Instalan-mesas-de-trabajo-para-la-construcci\u00f3n-del-Plan-Estrat\u00e9gico-Nacional-para-la-Atenci\u00f3n-de-V\u00edas-y-Puentes-3-768x528.jpg 768w, https:\/\/mppee.gob.ve\/wp-content\/uploads\/2022\/11\/Instalan-mesas-de-trabajo-para-la-construcci\u00f3n-del-Plan-Estrat\u00e9gico-Nacional-para-la-Atenci\u00f3n-de-V\u00edas-y-Puentes-3-130x90.jpg 130w\" sizes=\"auto, (max-width: 1024px) 100vw, 1024px\" \/> <img loading=\"lazy\" decoding=\"async\" class=\"alignnone wp-image-88260 size-full\" src=\"http:\/\/10.200.87.50\/mppee\/wp-content\/uploads\/2022\/11\/Instalan-mesas-de-trabajo-para-la-construcci\u00f3n-del-Plan-Estrat\u00e9gico-Nacional-para-la-Atenci\u00f3n-de-V\u00edas-y-Puentes-2.jpg\" alt=\"\" width=\"1024\" height=\"683\" srcset=\"https:\/\/mppee.gob.ve\/wp-content\/uploads\/2022\/11\/Instalan-mesas-de-trabajo-para-la-construcci\u00f3n-del-Plan-Estrat\u00e9gico-Nacional-para-la-Atenci\u00f3n-de-V\u00edas-y-Puentes-2.jpg 1024w, https:\/\/mppee.gob.ve\/wp-content\/uploads\/2022\/11\/Instalan-mesas-de-trabajo-para-la-construcci\u00f3n-del-Plan-Estrat\u00e9gico-Nacional-para-la-Atenci\u00f3n-de-V\u00edas-y-Puentes-2-300x200.jpg 300w, https:\/\/mppee.gob.ve\/wp-content\/uploads\/2022\/11\/Instalan-mesas-de-trabajo-para-la-construcci\u00f3n-del-Plan-Estrat\u00e9gico-Nacional-para-la-Atenci\u00f3n-de-V\u00edas-y-Puentes-2-768x512.jpg 768w\" sizes=\"auto, (max-width: 1024px) 100vw, 1024px\" \/> <img loading=\"lazy\" decoding=\"async\" class=\"alignnone wp-image-88259 size-full\" src=\"http:\/\/10.200.87.50\/mppee\/wp-content\/uploads\/2022\/11\/Instalan-mesas-de-trabajo-para-la-construcci\u00f3n-del-Plan-Estrat\u00e9gico-Nacional-para-la-Atenci\u00f3n-de-V\u00edas-y-Puentes-1.jpg\" alt=\"\" width=\"1024\" height=\"708\" srcset=\"https:\/\/mppee.gob.ve\/wp-content\/uploads\/2022\/11\/Instalan-mesas-de-trabajo-para-la-construcci\u00f3n-del-Plan-Estrat\u00e9gico-Nacional-para-la-Atenci\u00f3n-de-V\u00edas-y-Puentes-1.jpg 1024w, https:\/\/mppee.gob.ve\/wp-content\/uploads\/2022\/11\/Instalan-mesas-de-trabajo-para-la-construcci\u00f3n-del-Plan-Estrat\u00e9gico-Nacional-para-la-Atenci\u00f3n-de-V\u00edas-y-Puentes-1-300x207.jpg 300w, https:\/\/mppee.gob.ve\/wp-content\/uploads\/2022\/11\/Instalan-mesas-de-trabajo-para-la-construcci\u00f3n-del-Plan-Estrat\u00e9gico-Nacional-para-la-Atenci\u00f3n-de-V\u00edas-y-Puentes-1-768x531.jpg 768w, https:\/\/mppee.gob.ve\/wp-content\/uploads\/2022\/11\/Instalan-mesas-de-trabajo-para-la-construcci\u00f3n-del-Plan-Estrat\u00e9gico-Nacional-para-la-Atenci\u00f3n-de-V\u00edas-y-Puentes-1-392x272.jpg 392w, https:\/\/mppee.gob.ve\/wp-content\/uploads\/2022\/11\/Instalan-mesas-de-trabajo-para-la-construcci\u00f3n-del-Plan-Estrat\u00e9gico-Nacional-para-la-Atenci\u00f3n-de-V\u00edas-y-Puentes-1-130x90.jpg 130w\" sizes=\"auto, (max-width: 1024px) 100vw, 1024px\" \/><\/p>\n\n\n<p><\/p>\n","protected":false},"excerpt":{"rendered":"<p>El vicepresidente Sectorial de Obras P\u00fablicas y Servicios, G\/J N\u00e9stor Reverol, instal\u00f3 este viernes las Mesas de Trabajo para la<\/p>\n","protected":false},"author":12,"featured_media":88270,"comment_status":"open","ping_status":"open","sticky":false,"template":"","format":"standard","meta":{"footnotes":""},"categories":[15],"tags":[],"class_list":["post-88257","post","type-post","status-publish","format-standard","has-post-thumbnail","hentry","category-nacionales"],"_links":{"self":[{"href":"https:\/\/mppee.gob.ve\/index.php?rest_route=\/wp\/v2\/posts\/88257","targetHints":{"allow":["GET"]}}],"collection":[{"href":"https:\/\/mppee.gob.ve\/index.php?rest_route=\/wp\/v2\/posts"}],"about":[{"href":"https:\/\/mppee.gob.ve\/index.php?rest_route=\/wp\/v2\/types\/post"}],"author":[{"embeddable":true,"href":"https:\/\/mppee.gob.ve\/index.php?rest_route=\/wp\/v2\/users\/12"}],"replies":[{"embeddable":true,"href":"https:\/\/mppee.gob.ve\/index.php?rest_route=%2Fwp%2Fv2%2Fcomments&post=88257"}],"version-history":[{"count":1,"href":"https:\/\/mppee.gob.ve\/index.php?rest_route=\/wp\/v2\/posts\/88257\/revisions"}],"predecessor-version":[{"id":88271,"href":"https:\/\/mppee.gob.ve\/index.php?rest_route=\/wp\/v2\/posts\/88257\/revisions\/88271"}],"wp:featuredmedia":[{"embeddable":true,"href":"https:\/\/mppee.gob.ve\/index.php?rest_route=\/wp\/v2\/media\/88270"}],"wp:attachment":[{"href":"https:\/\/mppee.gob.ve\/index.php?rest_route=%2Fwp%2Fv2%2Fmedia&parent=88257"}],"wp:term":[{"taxonomy":"category","embeddable":true,"href":"https:\/\/mppee.gob.ve\/index.php?rest_route=%2Fwp%2Fv2%2Fcategories&post=88257"},{"taxonomy":"post_tag","embeddable":true,"href":"https:\/\/mppee.gob.ve\/index.php?rest_route=%2Fwp%2Fv2%2Ftags&post=88257"}],"curies":[{"name":"wp","href":"https:\/\/api.w.org\/{rel}","templated":true}]}}