{"id":88272,"date":"2022-11-21T16:23:00","date_gmt":"2022-11-21T16:23:00","guid":{"rendered":"http:\/\/10.200.87.50\/mppee\/?p=88272"},"modified":"2022-11-22T16:28:32","modified_gmt":"2022-11-22T16:28:32","slug":"arranca-plan-remate-para-evaluar-acciones-y-concretar-la-planificacion-del-sen-en-2023","status":"publish","type":"post","link":"https:\/\/mppee.gob.ve\/?p=88272","title":{"rendered":"Arranca Plan Remate para evaluar acciones y concretar la planificaci\u00f3n del SEN en 2023"},"content":{"rendered":"<p style=\"text-align: justify;\"><img loading=\"lazy\" decoding=\"async\" class=\"size-medium wp-image-88278 alignleft\" src=\"http:\/\/10.200.87.50\/mppee\/wp-content\/uploads\/2022\/11\/Arranca-Plan-Remate-para-evaluar-acciones-y-concretar-la-planificaci\u00f3n-del-SEN-en-2023-6-300x168.jpg\" alt=\"\" width=\"300\" height=\"168\" srcset=\"https:\/\/mppee.gob.ve\/wp-content\/uploads\/2022\/11\/Arranca-Plan-Remate-para-evaluar-acciones-y-concretar-la-planificaci\u00f3n-del-SEN-en-2023-6-300x168.jpg 300w, https:\/\/mppee.gob.ve\/wp-content\/uploads\/2022\/11\/Arranca-Plan-Remate-para-evaluar-acciones-y-concretar-la-planificaci\u00f3n-del-SEN-en-2023-6-1024x574.jpg 1024w, https:\/\/mppee.gob.ve\/wp-content\/uploads\/2022\/11\/Arranca-Plan-Remate-para-evaluar-acciones-y-concretar-la-planificaci\u00f3n-del-SEN-en-2023-6-768x431.jpg 768w, https:\/\/mppee.gob.ve\/wp-content\/uploads\/2022\/11\/Arranca-Plan-Remate-para-evaluar-acciones-y-concretar-la-planificaci\u00f3n-del-SEN-en-2023-6-800x445.jpg 800w, https:\/\/mppee.gob.ve\/wp-content\/uploads\/2022\/11\/Arranca-Plan-Remate-para-evaluar-acciones-y-concretar-la-planificaci\u00f3n-del-SEN-en-2023-6.jpg 1280w\" sizes=\"auto, (max-width: 300px) 100vw, 300px\" \/>El vicepresidente Sectorial de Obras P\u00fablicas y Servicios, G\/J N\u00e9stor Reverol, inform\u00f3 que este lunes inici\u00f3 un Plan Remate hasta el pr\u00f3ximo 31 de diciembre, para revisar las acciones emprendidas en estos 11 meses de trabajo, evaluar las metas impulsadas en el Sistema El\u00e9ctrico Nacional (SEN) e incluir la planificaci\u00f3n del a\u00f1o 2023.<\/p>\n<p style=\"text-align: justify;\">La informaci\u00f3n la dio a conocer el General en Jefe a trav\u00e9s de una publicaci\u00f3n en su cuenta oficial en Instagram @reverolnestor, tras liderar una videoconferencia extraordinaria de trabajo que cont\u00f3 con la participaci\u00f3n de los Viceministros del Ministerio del Poder Popular para la Energ\u00eda El\u00e9ctrica (Mppee) y los Gerentes Generales y Territoriales de la Corporaci\u00f3n El\u00e9ctrica Nacional (Corpoelec), responsables de las \u00e1reas medulares.<\/p>\n<p style=\"text-align: justify;\"><strong><img loading=\"lazy\" decoding=\"async\" class=\"size-medium wp-image-88279 alignright\" src=\"http:\/\/10.200.87.50\/mppee\/wp-content\/uploads\/2022\/11\/Arranca-Plan-Remate-para-evaluar-acciones-y-concretar-la-planificaci\u00f3n-del-SEN-en-2023-7-300x200.jpg\" alt=\"\" width=\"300\" height=\"200\" srcset=\"https:\/\/mppee.gob.ve\/wp-content\/uploads\/2022\/11\/Arranca-Plan-Remate-para-evaluar-acciones-y-concretar-la-planificaci\u00f3n-del-SEN-en-2023-7-300x200.jpg 300w, https:\/\/mppee.gob.ve\/wp-content\/uploads\/2022\/11\/Arranca-Plan-Remate-para-evaluar-acciones-y-concretar-la-planificaci\u00f3n-del-SEN-en-2023-7-1024x682.jpg 1024w, https:\/\/mppee.gob.ve\/wp-content\/uploads\/2022\/11\/Arranca-Plan-Remate-para-evaluar-acciones-y-concretar-la-planificaci\u00f3n-del-SEN-en-2023-7-768x512.jpg 768w, https:\/\/mppee.gob.ve\/wp-content\/uploads\/2022\/11\/Arranca-Plan-Remate-para-evaluar-acciones-y-concretar-la-planificaci\u00f3n-del-SEN-en-2023-7.jpg 1280w\" sizes=\"auto, (max-width: 300px) 100vw, 300px\" \/>\u201cDurante la jornada revisamos todo el sistema operativo de Generaci\u00f3n, Transmisi\u00f3n, Distribuci\u00f3n, Comercializaci\u00f3n, Programaci\u00f3n y Control de Vegetaci\u00f3n, adem\u00e1s de Talento Humano, en este cierre del cuarto trimestre del a\u00f1o\u201d<\/strong>, escribi\u00f3.<\/p>\n<p style=\"text-align: justify;\">En ese contexto, Reverol destac\u00f3 que en lo que va de 2022 se han cumplido labores de mantenimiento permanente a 293 corredores de l\u00ednea, mientras que se han ejecutado planes preventivos a 150 subestaciones el\u00e9ctricas, lo que garantiza un servicio seguro y confiable.<\/p>\n<p style=\"text-align: justify;\"><img loading=\"lazy\" decoding=\"async\" class=\"size-medium wp-image-88275 alignleft\" src=\"http:\/\/10.200.87.50\/mppee\/wp-content\/uploads\/2022\/11\/Arranca-Plan-Remate-para-evaluar-acciones-y-concretar-la-planificaci\u00f3n-del-SEN-en-2023-3-300x200.jpg\" alt=\"\" width=\"300\" height=\"200\" srcset=\"https:\/\/mppee.gob.ve\/wp-content\/uploads\/2022\/11\/Arranca-Plan-Remate-para-evaluar-acciones-y-concretar-la-planificaci\u00f3n-del-SEN-en-2023-3-300x200.jpg 300w, https:\/\/mppee.gob.ve\/wp-content\/uploads\/2022\/11\/Arranca-Plan-Remate-para-evaluar-acciones-y-concretar-la-planificaci\u00f3n-del-SEN-en-2023-3-1024x682.jpg 1024w, https:\/\/mppee.gob.ve\/wp-content\/uploads\/2022\/11\/Arranca-Plan-Remate-para-evaluar-acciones-y-concretar-la-planificaci\u00f3n-del-SEN-en-2023-3-768x512.jpg 768w, https:\/\/mppee.gob.ve\/wp-content\/uploads\/2022\/11\/Arranca-Plan-Remate-para-evaluar-acciones-y-concretar-la-planificaci\u00f3n-del-SEN-en-2023-3.jpg 1280w\" sizes=\"auto, (max-width: 300px) 100vw, 300px\" \/>Por otra parte, el tambi\u00e9n Ministro para la Energ\u00eda El\u00e9ctrica dio a conocer resultados en materia de comercializaci\u00f3n, espec\u00edficamente con el Plan Borr\u00f3n y Cuenta Nueva, dirigido al estado Zulia que contabiliza 24 mil suscriptores registrados que est\u00e1n procediendo a pagar en esta primera fase para seguir avanzando en el nuevo sistema de recaudaci\u00f3n, que permitir\u00e1 la inversi\u00f3n exclusiva en el sistema el\u00e9ctrico de esta entidad.<\/p>\n<p><strong>Prensa Mppee<\/strong><\/p>\n<p><img loading=\"lazy\" decoding=\"async\" class=\"alignnone wp-image-88276 size-full\" src=\"http:\/\/10.200.87.50\/mppee\/wp-content\/uploads\/2022\/11\/Arranca-Plan-Remate-para-evaluar-acciones-y-concretar-la-planificaci\u00f3n-del-SEN-en-2023-4.jpg\" alt=\"\" width=\"1280\" height=\"853\" srcset=\"https:\/\/mppee.gob.ve\/wp-content\/uploads\/2022\/11\/Arranca-Plan-Remate-para-evaluar-acciones-y-concretar-la-planificaci\u00f3n-del-SEN-en-2023-4.jpg 1280w, https:\/\/mppee.gob.ve\/wp-content\/uploads\/2022\/11\/Arranca-Plan-Remate-para-evaluar-acciones-y-concretar-la-planificaci\u00f3n-del-SEN-en-2023-4-300x200.jpg 300w, https:\/\/mppee.gob.ve\/wp-content\/uploads\/2022\/11\/Arranca-Plan-Remate-para-evaluar-acciones-y-concretar-la-planificaci\u00f3n-del-SEN-en-2023-4-1024x682.jpg 1024w, https:\/\/mppee.gob.ve\/wp-content\/uploads\/2022\/11\/Arranca-Plan-Remate-para-evaluar-acciones-y-concretar-la-planificaci\u00f3n-del-SEN-en-2023-4-768x512.jpg 768w\" sizes=\"auto, (max-width: 1280px) 100vw, 1280px\" \/> <img loading=\"lazy\" decoding=\"async\" class=\"alignnone wp-image-88274 size-full\" src=\"http:\/\/10.200.87.50\/mppee\/wp-content\/uploads\/2022\/11\/Arranca-Plan-Remate-para-evaluar-acciones-y-concretar-la-planificaci\u00f3n-del-SEN-en-2023-2.jpg\" alt=\"\" width=\"1280\" height=\"718\" srcset=\"https:\/\/mppee.gob.ve\/wp-content\/uploads\/2022\/11\/Arranca-Plan-Remate-para-evaluar-acciones-y-concretar-la-planificaci\u00f3n-del-SEN-en-2023-2.jpg 1280w, https:\/\/mppee.gob.ve\/wp-content\/uploads\/2022\/11\/Arranca-Plan-Remate-para-evaluar-acciones-y-concretar-la-planificaci\u00f3n-del-SEN-en-2023-2-300x168.jpg 300w, https:\/\/mppee.gob.ve\/wp-content\/uploads\/2022\/11\/Arranca-Plan-Remate-para-evaluar-acciones-y-concretar-la-planificaci\u00f3n-del-SEN-en-2023-2-1024x574.jpg 1024w, https:\/\/mppee.gob.ve\/wp-content\/uploads\/2022\/11\/Arranca-Plan-Remate-para-evaluar-acciones-y-concretar-la-planificaci\u00f3n-del-SEN-en-2023-2-768x431.jpg 768w\" sizes=\"auto, (max-width: 1280px) 100vw, 1280px\" \/> <img loading=\"lazy\" decoding=\"async\" class=\"alignnone wp-image-88273 size-full\" src=\"http:\/\/10.200.87.50\/mppee\/wp-content\/uploads\/2022\/11\/Arranca-Plan-Remate-para-evaluar-acciones-y-concretar-la-planificaci\u00f3n-del-SEN-en-2023-1.jpg\" alt=\"\" width=\"1280\" height=\"718\" srcset=\"https:\/\/mppee.gob.ve\/wp-content\/uploads\/2022\/11\/Arranca-Plan-Remate-para-evaluar-acciones-y-concretar-la-planificaci\u00f3n-del-SEN-en-2023-1.jpg 1280w, https:\/\/mppee.gob.ve\/wp-content\/uploads\/2022\/11\/Arranca-Plan-Remate-para-evaluar-acciones-y-concretar-la-planificaci\u00f3n-del-SEN-en-2023-1-300x168.jpg 300w, https:\/\/mppee.gob.ve\/wp-content\/uploads\/2022\/11\/Arranca-Plan-Remate-para-evaluar-acciones-y-concretar-la-planificaci\u00f3n-del-SEN-en-2023-1-1024x574.jpg 1024w, https:\/\/mppee.gob.ve\/wp-content\/uploads\/2022\/11\/Arranca-Plan-Remate-para-evaluar-acciones-y-concretar-la-planificaci\u00f3n-del-SEN-en-2023-1-768x431.jpg 768w\" sizes=\"auto, (max-width: 1280px) 100vw, 1280px\" \/><\/p>\n\n\n<p><\/p>\n","protected":false},"excerpt":{"rendered":"<p>El vicepresidente Sectorial de Obras P\u00fablicas y Servicios, G\/J N\u00e9stor Reverol, inform\u00f3 que este lunes inici\u00f3 un Plan Remate hasta<\/p>\n","protected":false},"author":12,"featured_media":88277,"comment_status":"open","ping_status":"open","sticky":false,"template":"","format":"standard","meta":{"footnotes":""},"categories":[15],"tags":[11],"class_list":["post-88272","post","type-post","status-publish","format-standard","has-post-thumbnail","hentry","category-nacionales","tag-mppee"],"_links":{"self":[{"href":"https:\/\/mppee.gob.ve\/index.php?rest_route=\/wp\/v2\/posts\/88272","targetHints":{"allow":["GET"]}}],"collection":[{"href":"https:\/\/mppee.gob.ve\/index.php?rest_route=\/wp\/v2\/posts"}],"about":[{"href":"https:\/\/mppee.gob.ve\/index.php?rest_route=\/wp\/v2\/types\/post"}],"author":[{"embeddable":true,"href":"https:\/\/mppee.gob.ve\/index.php?rest_route=\/wp\/v2\/users\/12"}],"replies":[{"embeddable":true,"href":"https:\/\/mppee.gob.ve\/index.php?rest_route=%2Fwp%2Fv2%2Fcomments&post=88272"}],"version-history":[{"count":1,"href":"https:\/\/mppee.gob.ve\/index.php?rest_route=\/wp\/v2\/posts\/88272\/revisions"}],"predecessor-version":[{"id":88280,"href":"https:\/\/mppee.gob.ve\/index.php?rest_route=\/wp\/v2\/posts\/88272\/revisions\/88280"}],"wp:featuredmedia":[{"embeddable":true,"href":"https:\/\/mppee.gob.ve\/index.php?rest_route=\/wp\/v2\/media\/88277"}],"wp:attachment":[{"href":"https:\/\/mppee.gob.ve\/index.php?rest_route=%2Fwp%2Fv2%2Fmedia&parent=88272"}],"wp:term":[{"taxonomy":"category","embeddable":true,"href":"https:\/\/mppee.gob.ve\/index.php?rest_route=%2Fwp%2Fv2%2Fcategories&post=88272"},{"taxonomy":"post_tag","embeddable":true,"href":"https:\/\/mppee.gob.ve\/index.php?rest_route=%2Fwp%2Fv2%2Ftags&post=88272"}],"curies":[{"name":"wp","href":"https:\/\/api.w.org\/{rel}","templated":true}]}}