{"id":88281,"date":"2022-11-22T16:32:46","date_gmt":"2022-11-22T16:32:46","guid":{"rendered":"http:\/\/10.200.87.50\/mppee\/?p=88281"},"modified":"2022-11-22T16:32:47","modified_gmt":"2022-11-22T16:32:47","slug":"ministro-reverol-lamenta-la-muerte-del-grande-de-la-musica-iberoamericana-pablo-milanes","status":"publish","type":"post","link":"https:\/\/mppee.gob.ve\/?p=88281","title":{"rendered":"Ministro Reverol lamenta la muerte del grande de la m\u00fasica iberoamericana Pablo Milan\u00e9s"},"content":{"rendered":"<p style=\"text-align: justify;\">El vicepresidente Sectorial de Obras P\u00fablicas y Servicios, G\/J N\u00e9stor Reverol, lament\u00f3 la partida f\u00edsica del cantautor cubano Pablo Milan\u00e9s, quien falleci\u00f3 la madrugada de este martes a los 79 a\u00f1os de edad en la ciudad de Madrid (Espa\u00f1a), tras encontrarse delicado de salud debido a una enfermedad oncol\u00f3gica.<\/p>\n<p style=\"text-align: justify;\">Milan\u00e9s naci\u00f3 el 24 de febrero de 1943 en Bayamo, actual provincia de Granma, Cuba. Estudi\u00f3 m\u00fasica en el Conservatorio Municipal de La Habana para luego desempe\u00f1arse como cantante y guitarrista. Fue un m\u00fasico admirado y querido por sus compatriotas y tambi\u00e9n por importantes artistas que hicieron suyas sus letras y lo llamaban de forma cari\u00f1osa Pablo, o Pablito.<\/p>\n<p style=\"text-align: justify;\">Milan\u00e9s dej\u00f3 un gran legado musical por ser poeta, cantor, m\u00fasico y revolucionario, marcado por la revoluci\u00f3n Cubana del Presidente Fidel Castro.<\/p>\n<p style=\"text-align: justify;\">Fue fundador de la nueva trova Cubana junto a Silvio Rodr\u00edguez mayor exponente de este movimiento; adem\u00e1s por su gran talento y esmero logr\u00f3 alcanzar el \u00e9xito de sus composiciones dentro y fuera de su pa\u00eds natal.<\/p>\n<p style=\"text-align: justify;\">Desde muy joven musicaliz\u00f3 los versos de Nicol\u00e1s Guill\u00e9n y Jos\u00e9 Mart\u00ed, fascinando al mundo de la \u00e9poca de los 60, gracias a su privilegiada voz que le permiti\u00f3 llegar muy lejos dentro de la industria de la m\u00fasica marcando generaciones gracias a su sencillez que toc\u00f3 el alma a trav\u00e9s de sus composiciones pol\u00edticas, po\u00e9ticas y de desencanto.<\/p>\n<p style=\"text-align: justify;\">El artista cubano grab\u00f3 cerca de 60 discos que lo sit\u00faan entre los nombres indispensables y m\u00e1s universales de la m\u00fasica iberoamericana, entre sus \u00e9xitos est\u00e1n: Yolanda, Yo no te pido, Yo me quedo y El amor de mi vida.<\/p>\n\n\n<p><\/p>\n","protected":false},"excerpt":{"rendered":"<p>El vicepresidente Sectorial de Obras P\u00fablicas y Servicios, G\/J N\u00e9stor Reverol, lament\u00f3 la partida f\u00edsica del cantautor cubano Pablo Milan\u00e9s,<\/p>\n","protected":false},"author":12,"featured_media":88282,"comment_status":"open","ping_status":"open","sticky":false,"template":"","format":"standard","meta":{"footnotes":""},"categories":[1],"tags":[],"class_list":["post-88281","post","type-post","status-publish","format-standard","has-post-thumbnail","hentry","category-mppee"],"_links":{"self":[{"href":"https:\/\/mppee.gob.ve\/index.php?rest_route=\/wp\/v2\/posts\/88281","targetHints":{"allow":["GET"]}}],"collection":[{"href":"https:\/\/mppee.gob.ve\/index.php?rest_route=\/wp\/v2\/posts"}],"about":[{"href":"https:\/\/mppee.gob.ve\/index.php?rest_route=\/wp\/v2\/types\/post"}],"author":[{"embeddable":true,"href":"https:\/\/mppee.gob.ve\/index.php?rest_route=\/wp\/v2\/users\/12"}],"replies":[{"embeddable":true,"href":"https:\/\/mppee.gob.ve\/index.php?rest_route=%2Fwp%2Fv2%2Fcomments&post=88281"}],"version-history":[{"count":1,"href":"https:\/\/mppee.gob.ve\/index.php?rest_route=\/wp\/v2\/posts\/88281\/revisions"}],"predecessor-version":[{"id":88283,"href":"https:\/\/mppee.gob.ve\/index.php?rest_route=\/wp\/v2\/posts\/88281\/revisions\/88283"}],"wp:featuredmedia":[{"embeddable":true,"href":"https:\/\/mppee.gob.ve\/index.php?rest_route=\/wp\/v2\/media\/88282"}],"wp:attachment":[{"href":"https:\/\/mppee.gob.ve\/index.php?rest_route=%2Fwp%2Fv2%2Fmedia&parent=88281"}],"wp:term":[{"taxonomy":"category","embeddable":true,"href":"https:\/\/mppee.gob.ve\/index.php?rest_route=%2Fwp%2Fv2%2Fcategories&post=88281"},{"taxonomy":"post_tag","embeddable":true,"href":"https:\/\/mppee.gob.ve\/index.php?rest_route=%2Fwp%2Fv2%2Ftags&post=88281"}],"curies":[{"name":"wp","href":"https:\/\/api.w.org\/{rel}","templated":true}]}}