{"id":88285,"date":"2022-11-22T22:51:05","date_gmt":"2022-11-22T22:51:05","guid":{"rendered":"http:\/\/10.200.87.50\/mppee\/?p=88285"},"modified":"2022-11-22T22:51:07","modified_gmt":"2022-11-22T22:51:07","slug":"region-capital-contara-con-mas-de-mil-megavatios-con-adecuaciones-en-planta-termoelectrica-la-raisa","status":"publish","type":"post","link":"https:\/\/mppee.gob.ve\/?p=88285","title":{"rendered":"Regi\u00f3n Capital contar\u00e1 con m\u00e1s de mil megavatios con adecuaciones en Planta Termoel\u00e9ctrica La Raisa"},"content":{"rendered":"<p style=\"text-align: justify;\"><img loading=\"lazy\" decoding=\"async\" class=\"size-medium wp-image-88294 alignleft\" src=\"http:\/\/10.200.87.50\/mppee\/wp-content\/uploads\/2022\/11\/Regi\u00f3n-Capital-contar\u00e1-con-m\u00e1s-de-mil-megavatios-con-adecuaciones-en-Planta-Termoel\u00e9ctrica-La-Raisa-9-300x193.jpg\" alt=\"\" width=\"300\" height=\"193\" srcset=\"https:\/\/mppee.gob.ve\/wp-content\/uploads\/2022\/11\/Regi\u00f3n-Capital-contar\u00e1-con-m\u00e1s-de-mil-megavatios-con-adecuaciones-en-Planta-Termoel\u00e9ctrica-La-Raisa-9-300x193.jpg 300w, https:\/\/mppee.gob.ve\/wp-content\/uploads\/2022\/11\/Regi\u00f3n-Capital-contar\u00e1-con-m\u00e1s-de-mil-megavatios-con-adecuaciones-en-Planta-Termoel\u00e9ctrica-La-Raisa-9-1024x660.jpg 1024w, https:\/\/mppee.gob.ve\/wp-content\/uploads\/2022\/11\/Regi\u00f3n-Capital-contar\u00e1-con-m\u00e1s-de-mil-megavatios-con-adecuaciones-en-Planta-Termoel\u00e9ctrica-La-Raisa-9-768x495.jpg 768w, https:\/\/mppee.gob.ve\/wp-content\/uploads\/2022\/11\/Regi\u00f3n-Capital-contar\u00e1-con-m\u00e1s-de-mil-megavatios-con-adecuaciones-en-Planta-Termoel\u00e9ctrica-La-Raisa-9.jpg 1080w\" sizes=\"auto, (max-width: 300px) 100vw, 300px\" \/>El vicepresidente Sectorial de Obras P\u00fablicas y Servicios, G\/J, N\u00e9stor Reverol, inspeccion\u00f3 este martes los trabajos de rehabilitaci\u00f3n\u00a0 que se\u00a0 ejecutan en la Planta de Generaci\u00f3n Termoel\u00e9ctrica La Raisa, ubicada en el municipio Crist\u00f3bal Rojas del estado Miranda.<\/p>\n<p style=\"text-align: justify;\"><strong>\u201cHemos inspeccionado los trabajos de rehabilitaci\u00f3n de la Planta de Generaci\u00f3n Termoel\u00e9ctrica La Raisa, para contar con aproximadamente 170 megavatios adicionales disponibles, lo que representa m\u00e1s de mil megavatios para la Regi\u00f3n Capital en el 2023\u201d<\/strong>, resalt\u00f3 el General en Jefe.<\/p>\n<p style=\"text-align: justify;\"><img loading=\"lazy\" decoding=\"async\" class=\"size-medium wp-image-88293 alignright\" src=\"http:\/\/10.200.87.50\/mppee\/wp-content\/uploads\/2022\/11\/Regi\u00f3n-Capital-contar\u00e1-con-m\u00e1s-de-mil-megavatios-con-adecuaciones-en-Planta-Termoel\u00e9ctrica-La-Raisa-8-300x262.jpg\" alt=\"\" width=\"300\" height=\"262\" srcset=\"https:\/\/mppee.gob.ve\/wp-content\/uploads\/2022\/11\/Regi\u00f3n-Capital-contar\u00e1-con-m\u00e1s-de-mil-megavatios-con-adecuaciones-en-Planta-Termoel\u00e9ctrica-La-Raisa-8-300x262.jpg 300w, https:\/\/mppee.gob.ve\/wp-content\/uploads\/2022\/11\/Regi\u00f3n-Capital-contar\u00e1-con-m\u00e1s-de-mil-megavatios-con-adecuaciones-en-Planta-Termoel\u00e9ctrica-La-Raisa-8-768x670.jpg 768w, https:\/\/mppee.gob.ve\/wp-content\/uploads\/2022\/11\/Regi\u00f3n-Capital-contar\u00e1-con-m\u00e1s-de-mil-megavatios-con-adecuaciones-en-Planta-Termoel\u00e9ctrica-La-Raisa-8.jpg 802w\" sizes=\"auto, (max-width: 300px) 100vw, 300px\" \/>El tambi\u00e9n Ministro del Poder Popular para la Energ\u00eda El\u00e9ctrica detall\u00f3 que los trabajos de mantenimiento\u00a0incluyen la instalaci\u00f3n de dos plantas nuevas, un mantenimiento mayor a la planta PLR-400 y adecuaciones a la planta PLR-600,\u00a0 que optimizar\u00e1 el servicio el\u00e9ctrico en la capital.<\/p>\n<p style=\"text-align: justify;\">Reverol Torres asegur\u00f3 que con estos trabajos de mantenimiento y adecuaci\u00f3n en la Regi\u00f3n Capital, se garantiza\u00a0 la confiabilidad, estabilidad y seguridad del Sistema El\u00e9ctrico Nacional, finaliz\u00f3.<\/p>\n<p style=\"text-align: justify;\">La actividad cont\u00f3 con la presencia del viceministro para el Servicio El\u00e9ctrico,\u00a0 Juan Francisco Romero Figueroa, el comandante de Zona de la Guardia Nacional Bolivariana del estado Miranda, G\/B Carlos Aigster Villamizar, y representantes de la fuerza trabajadora de la Corporaci\u00f3n El\u00e9ctrica Nacional (Corpoelec).<\/p>\n<p style=\"text-align: justify;\"><strong>Prensa Mppee<\/strong><\/p>\n<p><img loading=\"lazy\" decoding=\"async\" class=\"alignnone wp-image-88292 size-full\" src=\"http:\/\/10.200.87.50\/mppee\/wp-content\/uploads\/2022\/11\/Regi\u00f3n-Capital-contar\u00e1-con-m\u00e1s-de-mil-megavatios-con-adecuaciones-en-Planta-Termoel\u00e9ctrica-La-Raisa-7.jpg\" alt=\"\" width=\"1080\" height=\"661\" srcset=\"https:\/\/mppee.gob.ve\/wp-content\/uploads\/2022\/11\/Regi\u00f3n-Capital-contar\u00e1-con-m\u00e1s-de-mil-megavatios-con-adecuaciones-en-Planta-Termoel\u00e9ctrica-La-Raisa-7.jpg 1080w, https:\/\/mppee.gob.ve\/wp-content\/uploads\/2022\/11\/Regi\u00f3n-Capital-contar\u00e1-con-m\u00e1s-de-mil-megavatios-con-adecuaciones-en-Planta-Termoel\u00e9ctrica-La-Raisa-7-300x184.jpg 300w, https:\/\/mppee.gob.ve\/wp-content\/uploads\/2022\/11\/Regi\u00f3n-Capital-contar\u00e1-con-m\u00e1s-de-mil-megavatios-con-adecuaciones-en-Planta-Termoel\u00e9ctrica-La-Raisa-7-1024x627.jpg 1024w, https:\/\/mppee.gob.ve\/wp-content\/uploads\/2022\/11\/Regi\u00f3n-Capital-contar\u00e1-con-m\u00e1s-de-mil-megavatios-con-adecuaciones-en-Planta-Termoel\u00e9ctrica-La-Raisa-7-768x470.jpg 768w\" sizes=\"auto, (max-width: 1080px) 100vw, 1080px\" \/> <img loading=\"lazy\" decoding=\"async\" class=\"alignnone wp-image-88291 size-full\" src=\"http:\/\/10.200.87.50\/mppee\/wp-content\/uploads\/2022\/11\/Regi\u00f3n-Capital-contar\u00e1-con-m\u00e1s-de-mil-megavatios-con-adecuaciones-en-Planta-Termoel\u00e9ctrica-La-Raisa-6.jpg\" alt=\"\" width=\"954\" height=\"700\" srcset=\"https:\/\/mppee.gob.ve\/wp-content\/uploads\/2022\/11\/Regi\u00f3n-Capital-contar\u00e1-con-m\u00e1s-de-mil-megavatios-con-adecuaciones-en-Planta-Termoel\u00e9ctrica-La-Raisa-6.jpg 954w, https:\/\/mppee.gob.ve\/wp-content\/uploads\/2022\/11\/Regi\u00f3n-Capital-contar\u00e1-con-m\u00e1s-de-mil-megavatios-con-adecuaciones-en-Planta-Termoel\u00e9ctrica-La-Raisa-6-300x220.jpg 300w, https:\/\/mppee.gob.ve\/wp-content\/uploads\/2022\/11\/Regi\u00f3n-Capital-contar\u00e1-con-m\u00e1s-de-mil-megavatios-con-adecuaciones-en-Planta-Termoel\u00e9ctrica-La-Raisa-6-768x564.jpg 768w\" sizes=\"auto, (max-width: 954px) 100vw, 954px\" \/> <img loading=\"lazy\" decoding=\"async\" class=\"alignnone wp-image-88290 size-full\" src=\"http:\/\/10.200.87.50\/mppee\/wp-content\/uploads\/2022\/11\/Regi\u00f3n-Capital-contar\u00e1-con-m\u00e1s-de-mil-megavatios-con-adecuaciones-en-Planta-Termoel\u00e9ctrica-La-Raisa-5.jpg\" alt=\"\" width=\"507\" height=\"700\" srcset=\"https:\/\/mppee.gob.ve\/wp-content\/uploads\/2022\/11\/Regi\u00f3n-Capital-contar\u00e1-con-m\u00e1s-de-mil-megavatios-con-adecuaciones-en-Planta-Termoel\u00e9ctrica-La-Raisa-5.jpg 507w, https:\/\/mppee.gob.ve\/wp-content\/uploads\/2022\/11\/Regi\u00f3n-Capital-contar\u00e1-con-m\u00e1s-de-mil-megavatios-con-adecuaciones-en-Planta-Termoel\u00e9ctrica-La-Raisa-5-217x300.jpg 217w\" sizes=\"auto, (max-width: 507px) 100vw, 507px\" \/> <img loading=\"lazy\" decoding=\"async\" class=\"alignnone wp-image-88288 size-full\" src=\"http:\/\/10.200.87.50\/mppee\/wp-content\/uploads\/2022\/11\/Regi\u00f3n-Capital-contar\u00e1-con-m\u00e1s-de-mil-megavatios-con-adecuaciones-en-Planta-Termoel\u00e9ctrica-La-Raisa-3.jpg\" alt=\"\" width=\"749\" height=\"700\" srcset=\"https:\/\/mppee.gob.ve\/wp-content\/uploads\/2022\/11\/Regi\u00f3n-Capital-contar\u00e1-con-m\u00e1s-de-mil-megavatios-con-adecuaciones-en-Planta-Termoel\u00e9ctrica-La-Raisa-3.jpg 749w, https:\/\/mppee.gob.ve\/wp-content\/uploads\/2022\/11\/Regi\u00f3n-Capital-contar\u00e1-con-m\u00e1s-de-mil-megavatios-con-adecuaciones-en-Planta-Termoel\u00e9ctrica-La-Raisa-3-300x280.jpg 300w\" sizes=\"auto, (max-width: 749px) 100vw, 749px\" \/> <img loading=\"lazy\" decoding=\"async\" class=\"alignnone wp-image-88287 size-full\" src=\"http:\/\/10.200.87.50\/mppee\/wp-content\/uploads\/2022\/11\/Regi\u00f3n-Capital-contar\u00e1-con-m\u00e1s-de-mil-megavatios-con-adecuaciones-en-Planta-Termoel\u00e9ctrica-La-Raisa-2.jpg\" alt=\"\" width=\"1080\" height=\"679\" srcset=\"https:\/\/mppee.gob.ve\/wp-content\/uploads\/2022\/11\/Regi\u00f3n-Capital-contar\u00e1-con-m\u00e1s-de-mil-megavatios-con-adecuaciones-en-Planta-Termoel\u00e9ctrica-La-Raisa-2.jpg 1080w, https:\/\/mppee.gob.ve\/wp-content\/uploads\/2022\/11\/Regi\u00f3n-Capital-contar\u00e1-con-m\u00e1s-de-mil-megavatios-con-adecuaciones-en-Planta-Termoel\u00e9ctrica-La-Raisa-2-300x189.jpg 300w, https:\/\/mppee.gob.ve\/wp-content\/uploads\/2022\/11\/Regi\u00f3n-Capital-contar\u00e1-con-m\u00e1s-de-mil-megavatios-con-adecuaciones-en-Planta-Termoel\u00e9ctrica-La-Raisa-2-1024x644.jpg 1024w, https:\/\/mppee.gob.ve\/wp-content\/uploads\/2022\/11\/Regi\u00f3n-Capital-contar\u00e1-con-m\u00e1s-de-mil-megavatios-con-adecuaciones-en-Planta-Termoel\u00e9ctrica-La-Raisa-2-768x483.jpg 768w\" sizes=\"auto, (max-width: 1080px) 100vw, 1080px\" \/> <img loading=\"lazy\" decoding=\"async\" class=\"alignnone wp-image-88286 size-full\" src=\"http:\/\/10.200.87.50\/mppee\/wp-content\/uploads\/2022\/11\/Regi\u00f3n-Capital-contar\u00e1-con-m\u00e1s-de-mil-megavatios-con-adecuaciones-en-Planta-Termoel\u00e9ctrica-La-Raisa-1.jpg\" alt=\"\" width=\"1025\" height=\"700\" srcset=\"https:\/\/mppee.gob.ve\/wp-content\/uploads\/2022\/11\/Regi\u00f3n-Capital-contar\u00e1-con-m\u00e1s-de-mil-megavatios-con-adecuaciones-en-Planta-Termoel\u00e9ctrica-La-Raisa-1.jpg 1025w, https:\/\/mppee.gob.ve\/wp-content\/uploads\/2022\/11\/Regi\u00f3n-Capital-contar\u00e1-con-m\u00e1s-de-mil-megavatios-con-adecuaciones-en-Planta-Termoel\u00e9ctrica-La-Raisa-1-300x205.jpg 300w, https:\/\/mppee.gob.ve\/wp-content\/uploads\/2022\/11\/Regi\u00f3n-Capital-contar\u00e1-con-m\u00e1s-de-mil-megavatios-con-adecuaciones-en-Planta-Termoel\u00e9ctrica-La-Raisa-1-768x524.jpg 768w, https:\/\/mppee.gob.ve\/wp-content\/uploads\/2022\/11\/Regi\u00f3n-Capital-contar\u00e1-con-m\u00e1s-de-mil-megavatios-con-adecuaciones-en-Planta-Termoel\u00e9ctrica-La-Raisa-1-130x90.jpg 130w\" sizes=\"auto, (max-width: 1025px) 100vw, 1025px\" \/><\/p>\n\n\n<p><\/p>\n","protected":false},"excerpt":{"rendered":"<p>El vicepresidente Sectorial de Obras P\u00fablicas y Servicios, G\/J, N\u00e9stor Reverol, inspeccion\u00f3 este martes los trabajos de rehabilitaci\u00f3n\u00a0 que se\u00a0<\/p>\n","protected":false},"author":12,"featured_media":88289,"comment_status":"open","ping_status":"open","sticky":false,"template":"","format":"standard","meta":{"footnotes":""},"categories":[30],"tags":[11],"class_list":["post-88285","post","type-post","status-publish","format-standard","has-post-thumbnail","hentry","category-regionales","tag-mppee"],"_links":{"self":[{"href":"https:\/\/mppee.gob.ve\/index.php?rest_route=\/wp\/v2\/posts\/88285","targetHints":{"allow":["GET"]}}],"collection":[{"href":"https:\/\/mppee.gob.ve\/index.php?rest_route=\/wp\/v2\/posts"}],"about":[{"href":"https:\/\/mppee.gob.ve\/index.php?rest_route=\/wp\/v2\/types\/post"}],"author":[{"embeddable":true,"href":"https:\/\/mppee.gob.ve\/index.php?rest_route=\/wp\/v2\/users\/12"}],"replies":[{"embeddable":true,"href":"https:\/\/mppee.gob.ve\/index.php?rest_route=%2Fwp%2Fv2%2Fcomments&post=88285"}],"version-history":[{"count":1,"href":"https:\/\/mppee.gob.ve\/index.php?rest_route=\/wp\/v2\/posts\/88285\/revisions"}],"predecessor-version":[{"id":88295,"href":"https:\/\/mppee.gob.ve\/index.php?rest_route=\/wp\/v2\/posts\/88285\/revisions\/88295"}],"wp:featuredmedia":[{"embeddable":true,"href":"https:\/\/mppee.gob.ve\/index.php?rest_route=\/wp\/v2\/media\/88289"}],"wp:attachment":[{"href":"https:\/\/mppee.gob.ve\/index.php?rest_route=%2Fwp%2Fv2%2Fmedia&parent=88285"}],"wp:term":[{"taxonomy":"category","embeddable":true,"href":"https:\/\/mppee.gob.ve\/index.php?rest_route=%2Fwp%2Fv2%2Fcategories&post=88285"},{"taxonomy":"post_tag","embeddable":true,"href":"https:\/\/mppee.gob.ve\/index.php?rest_route=%2Fwp%2Fv2%2Ftags&post=88285"}],"curies":[{"name":"wp","href":"https:\/\/api.w.org\/{rel}","templated":true}]}}