{"id":88296,"date":"2022-11-22T14:56:00","date_gmt":"2022-11-22T14:56:00","guid":{"rendered":"http:\/\/10.200.87.50\/mppee\/?p=88296"},"modified":"2022-11-23T15:01:50","modified_gmt":"2022-11-23T15:01:50","slug":"movimiento-somos-venezuela-se-suma-a-la-promocion-de-la-cultura-de-pago-del-servicio-electrico","status":"publish","type":"post","link":"https:\/\/mppee.gob.ve\/?p=88296","title":{"rendered":"Movimiento Somos Venezuela se suma a la promoci\u00f3n de la cultura de pago del servicio el\u00e9ctrico"},"content":{"rendered":"<p style=\"font-weight: 400; text-align: justify;\"><img loading=\"lazy\" decoding=\"async\" class=\"size-medium wp-image-88300 alignleft\" src=\"http:\/\/10.200.87.50\/mppee\/wp-content\/uploads\/2022\/11\/Movimiento-Somos-Venezuela-se-suma-a-la-promoci\u00f3n-de-la-cultura-de-pago-del-servicio-el\u00e9ctrico-4-300x182.jpg\" alt=\"\" width=\"300\" height=\"182\" srcset=\"https:\/\/mppee.gob.ve\/wp-content\/uploads\/2022\/11\/Movimiento-Somos-Venezuela-se-suma-a-la-promoci\u00f3n-de-la-cultura-de-pago-del-servicio-el\u00e9ctrico-4-300x182.jpg 300w, https:\/\/mppee.gob.ve\/wp-content\/uploads\/2022\/11\/Movimiento-Somos-Venezuela-se-suma-a-la-promoci\u00f3n-de-la-cultura-de-pago-del-servicio-el\u00e9ctrico-4-1024x622.jpg 1024w, https:\/\/mppee.gob.ve\/wp-content\/uploads\/2022\/11\/Movimiento-Somos-Venezuela-se-suma-a-la-promoci\u00f3n-de-la-cultura-de-pago-del-servicio-el\u00e9ctrico-4-768x466.jpg 768w, https:\/\/mppee.gob.ve\/wp-content\/uploads\/2022\/11\/Movimiento-Somos-Venezuela-se-suma-a-la-promoci\u00f3n-de-la-cultura-de-pago-del-servicio-el\u00e9ctrico-4.jpg 1153w\" sizes=\"auto, (max-width: 300px) 100vw, 300px\" \/>M\u00e1s de 196 mil brigadistas del Movimiento Somos Venezuela se unir\u00e1n a los m\u00e1s de 6 mil 400 miembros de la Gerencia General de Comercializaci\u00f3n de la Corporaci\u00f3n El\u00e9ctrica Nacional (Corpoelec), a fin de promover en la poblaci\u00f3n venezolana la cultura de pago del servicio el\u00e9ctrico.<\/p>\n<p style=\"font-weight: 400; text-align: justify;\">La informaci\u00f3n la dio a conocer la \u00a0durante una videoconferencia que se realiz\u00f3 este martes en la sede principal del Ministerio del Poder Popular para la Energ\u00eda El\u00e9ctrica (Mppee) en Caracas, que cont\u00f3 con los\u00a0 delegados del Movimiento Somos Venezuela de todo el pa\u00eds.<\/p>\n<p style=\"font-weight: 400; text-align: justify;\"><img loading=\"lazy\" decoding=\"async\" class=\"size-medium wp-image-88299 alignright\" src=\"http:\/\/10.200.87.50\/mppee\/wp-content\/uploads\/2022\/11\/Movimiento-Somos-Venezuela-se-suma-a-la-promoci\u00f3n-de-la-cultura-de-pago-del-servicio-el\u00e9ctrico-3-300x164.jpg\" alt=\"\" width=\"300\" height=\"164\" srcset=\"https:\/\/mppee.gob.ve\/wp-content\/uploads\/2022\/11\/Movimiento-Somos-Venezuela-se-suma-a-la-promoci\u00f3n-de-la-cultura-de-pago-del-servicio-el\u00e9ctrico-3-300x164.jpg 300w, https:\/\/mppee.gob.ve\/wp-content\/uploads\/2022\/11\/Movimiento-Somos-Venezuela-se-suma-a-la-promoci\u00f3n-de-la-cultura-de-pago-del-servicio-el\u00e9ctrico-3-1024x560.jpg 1024w, https:\/\/mppee.gob.ve\/wp-content\/uploads\/2022\/11\/Movimiento-Somos-Venezuela-se-suma-a-la-promoci\u00f3n-de-la-cultura-de-pago-del-servicio-el\u00e9ctrico-3-768x420.jpg 768w, https:\/\/mppee.gob.ve\/wp-content\/uploads\/2022\/11\/Movimiento-Somos-Venezuela-se-suma-a-la-promoci\u00f3n-de-la-cultura-de-pago-del-servicio-el\u00e9ctrico-3.jpg 1280w\" sizes=\"auto, (max-width: 300px) 100vw, 300px\" \/>Estas acciones est\u00e1n vinculadas a la IV Fase de la campa\u00f1a <strong>\u201cActiva la Conciencia con Energ\u00eda y Eficiencia\u201d<\/strong>, desarrollada en todo el territorio nacional como <strong>\u201cUsuario Solvente, Servicio Eficiente\u201d<\/strong>, con el objetivo de captar recursos y fortalecer el Sistema El\u00e9ctrico Nacional.<\/p>\n<p style=\"font-weight: 400; text-align: justify;\">Perozo explic\u00f3 que a partir de este fin de semana estos compa\u00f1eros recorrer\u00e1n las comunidades casa por casa, a fin de facilitar la informaci\u00f3n sobre c\u00f3mo pueden pagar los servicios de energ\u00eda el\u00e9ctrica y otros servicios a trav\u00e9s del Carnet de la Patria.<\/p>\n<p style=\"font-weight: 400; text-align: justify;\"><em><strong><img loading=\"lazy\" decoding=\"async\" class=\"size-medium wp-image-88298 alignleft\" src=\"http:\/\/10.200.87.50\/mppee\/wp-content\/uploads\/2022\/11\/Movimiento-Somos-Venezuela-se-suma-a-la-promoci\u00f3n-de-la-cultura-de-pago-del-servicio-el\u00e9ctrico-2-300x206.jpg\" alt=\"\" width=\"300\" height=\"206\" srcset=\"https:\/\/mppee.gob.ve\/wp-content\/uploads\/2022\/11\/Movimiento-Somos-Venezuela-se-suma-a-la-promoci\u00f3n-de-la-cultura-de-pago-del-servicio-el\u00e9ctrico-2-300x206.jpg 300w, https:\/\/mppee.gob.ve\/wp-content\/uploads\/2022\/11\/Movimiento-Somos-Venezuela-se-suma-a-la-promoci\u00f3n-de-la-cultura-de-pago-del-servicio-el\u00e9ctrico-2-768x529.jpg 768w, https:\/\/mppee.gob.ve\/wp-content\/uploads\/2022\/11\/Movimiento-Somos-Venezuela-se-suma-a-la-promoci\u00f3n-de-la-cultura-de-pago-del-servicio-el\u00e9ctrico-2-130x90.jpg 130w, https:\/\/mppee.gob.ve\/wp-content\/uploads\/2022\/11\/Movimiento-Somos-Venezuela-se-suma-a-la-promoci\u00f3n-de-la-cultura-de-pago-del-servicio-el\u00e9ctrico-2.jpg 1017w\" sizes=\"auto, (max-width: 300px) 100vw, 300px\" \/>Movimiento Somos Venezuela se suma Plan Borr\u00f3n y Cuenta Nueva en Zulia<\/strong><\/em><\/p>\n<p style=\"font-weight: 400; text-align: justify;\">Por otra parte, la viceministra anunci\u00f3 que el Movimiento Somos Venezuela se sum\u00f3 al Plan Borr\u00f3n y Cuenta Nueva que se realiza especialmente en el estado Zulia, para informar sobre c\u00f3mo y d\u00f3nde actualizar los datos para obtener la solvencia, a trav\u00e9s de una oferta de pago \u00fanico por los a\u00f1os de deudas en los sectores residenciales y comerciales menores de 50 kVA.<\/p>\n<p style=\"font-weight: 400; text-align: justify;\"><strong>\u201cEstamos muy contentos de poder celebrar esta alianza estrat\u00e9gica que hacemos con el Movimiento Somos Venezuela, una fuerza grande que se suma a nuestros trabajadores del Sistema El\u00e9ctrico Nacional\u201d<\/strong>, sostuvo la viceministra Perozo.<\/p>\n<p style=\"font-weight: 400; text-align: justify;\"><img loading=\"lazy\" decoding=\"async\" class=\"size-medium wp-image-88297 alignright\" src=\"http:\/\/10.200.87.50\/mppee\/wp-content\/uploads\/2022\/11\/Movimiento-Somos-Venezuela-se-suma-a-la-promoci\u00f3n-de-la-cultura-de-pago-del-servicio-el\u00e9ctrico-1-300x183.jpg\" alt=\"\" width=\"300\" height=\"183\" srcset=\"https:\/\/mppee.gob.ve\/wp-content\/uploads\/2022\/11\/Movimiento-Somos-Venezuela-se-suma-a-la-promoci\u00f3n-de-la-cultura-de-pago-del-servicio-el\u00e9ctrico-1-300x183.jpg 300w, https:\/\/mppee.gob.ve\/wp-content\/uploads\/2022\/11\/Movimiento-Somos-Venezuela-se-suma-a-la-promoci\u00f3n-de-la-cultura-de-pago-del-servicio-el\u00e9ctrico-1-1024x625.jpg 1024w, https:\/\/mppee.gob.ve\/wp-content\/uploads\/2022\/11\/Movimiento-Somos-Venezuela-se-suma-a-la-promoci\u00f3n-de-la-cultura-de-pago-del-servicio-el\u00e9ctrico-1-768x469.jpg 768w, https:\/\/mppee.gob.ve\/wp-content\/uploads\/2022\/11\/Movimiento-Somos-Venezuela-se-suma-a-la-promoci\u00f3n-de-la-cultura-de-pago-del-servicio-el\u00e9ctrico-1.jpg 1146w\" sizes=\"auto, (max-width: 300px) 100vw, 300px\" \/>En ese sentido, la secretaria Nacional del Movimiento Somos Venezuela, Johana Carrillo, precis\u00f3 que se efectuar\u00e1n 56 jornadas semanales, en dos comunidades por estado, para que los usuarios cuenten con la asesor\u00eda que se requiere para pagar los servicios mediante el Carnet de la Patria.<\/p>\n<p style=\"font-weight: 400; text-align: justify;\">De igual manera, la tambi\u00e9n secretaria Ejecutiva del Sistema de Misiones y Grandes Misiones felicit\u00f3 al vicepresidente Sectorial de Obras P\u00fablicas y Servicios, G\/J N\u00e9stor Reverol, por esta campa\u00f1a que busca concientizar a la poblaci\u00f3n sobre el uso racional y eficiente de la energ\u00eda, adem\u00e1s de recaudar fondos para fortalecer el Sistema El\u00e9ctrico Nacional en beneficio del pueblo venezolano.<\/p>\n<p style=\"font-weight: 400; text-align: justify;\"><strong>Prensa Mppee<\/strong><\/p>\n","protected":false},"excerpt":{"rendered":"<p>M\u00e1s de 196 mil brigadistas del Movimiento Somos Venezuela se unir\u00e1n a los m\u00e1s de 6 mil 400 miembros de<\/p>\n","protected":false},"author":12,"featured_media":88301,"comment_status":"open","ping_status":"open","sticky":false,"template":"","format":"standard","meta":{"footnotes":""},"categories":[15],"tags":[11],"class_list":["post-88296","post","type-post","status-publish","format-standard","has-post-thumbnail","hentry","category-nacionales","tag-mppee"],"_links":{"self":[{"href":"https:\/\/mppee.gob.ve\/index.php?rest_route=\/wp\/v2\/posts\/88296","targetHints":{"allow":["GET"]}}],"collection":[{"href":"https:\/\/mppee.gob.ve\/index.php?rest_route=\/wp\/v2\/posts"}],"about":[{"href":"https:\/\/mppee.gob.ve\/index.php?rest_route=\/wp\/v2\/types\/post"}],"author":[{"embeddable":true,"href":"https:\/\/mppee.gob.ve\/index.php?rest_route=\/wp\/v2\/users\/12"}],"replies":[{"embeddable":true,"href":"https:\/\/mppee.gob.ve\/index.php?rest_route=%2Fwp%2Fv2%2Fcomments&post=88296"}],"version-history":[{"count":1,"href":"https:\/\/mppee.gob.ve\/index.php?rest_route=\/wp\/v2\/posts\/88296\/revisions"}],"predecessor-version":[{"id":88302,"href":"https:\/\/mppee.gob.ve\/index.php?rest_route=\/wp\/v2\/posts\/88296\/revisions\/88302"}],"wp:featuredmedia":[{"embeddable":true,"href":"https:\/\/mppee.gob.ve\/index.php?rest_route=\/wp\/v2\/media\/88301"}],"wp:attachment":[{"href":"https:\/\/mppee.gob.ve\/index.php?rest_route=%2Fwp%2Fv2%2Fmedia&parent=88296"}],"wp:term":[{"taxonomy":"category","embeddable":true,"href":"https:\/\/mppee.gob.ve\/index.php?rest_route=%2Fwp%2Fv2%2Fcategories&post=88296"},{"taxonomy":"post_tag","embeddable":true,"href":"https:\/\/mppee.gob.ve\/index.php?rest_route=%2Fwp%2Fv2%2Ftags&post=88296"}],"curies":[{"name":"wp","href":"https:\/\/api.w.org\/{rel}","templated":true}]}}