{"id":88305,"date":"2022-11-30T13:44:00","date_gmt":"2022-11-30T13:44:00","guid":{"rendered":"http:\/\/10.200.87.50\/mppee\/?p=88305"},"modified":"2022-12-01T13:51:31","modified_gmt":"2022-12-01T13:51:31","slug":"fortaleceran-servicios-publicos-en-trujillo-a-traves-del-consejo-federal-de-gobierno","status":"publish","type":"post","link":"https:\/\/mppee.gob.ve\/?p=88305","title":{"rendered":"Fortalecer\u00e1n servicios p\u00fablicos en Trujillo a trav\u00e9s del Consejo Federal de Gobierno"},"content":{"rendered":"<p style=\"text-align: justify;\"><img loading=\"lazy\" decoding=\"async\" class=\"size-medium wp-image-88313 alignleft\" src=\"http:\/\/10.200.87.50\/mppee\/wp-content\/uploads\/2022\/12\/Fortalecer\u00e1n-servicios-p\u00fablicos-en-Trujillo-a-trav\u00e9s-del-Consejo-Federal-de-Gobierno-8-300x200.jpg\" alt=\"\" width=\"300\" height=\"200\" srcset=\"https:\/\/mppee.gob.ve\/wp-content\/uploads\/2022\/12\/Fortalecer\u00e1n-servicios-p\u00fablicos-en-Trujillo-a-trav\u00e9s-del-Consejo-Federal-de-Gobierno-8-300x200.jpg 300w, https:\/\/mppee.gob.ve\/wp-content\/uploads\/2022\/12\/Fortalecer\u00e1n-servicios-p\u00fablicos-en-Trujillo-a-trav\u00e9s-del-Consejo-Federal-de-Gobierno-8-1024x683.jpg 1024w, https:\/\/mppee.gob.ve\/wp-content\/uploads\/2022\/12\/Fortalecer\u00e1n-servicios-p\u00fablicos-en-Trujillo-a-trav\u00e9s-del-Consejo-Federal-de-Gobierno-8-768x512.jpg 768w, https:\/\/mppee.gob.ve\/wp-content\/uploads\/2022\/12\/Fortalecer\u00e1n-servicios-p\u00fablicos-en-Trujillo-a-trav\u00e9s-del-Consejo-Federal-de-Gobierno-8.jpg 1080w\" sizes=\"auto, (max-width: 300px) 100vw, 300px\" \/>El vicepresidente Sectorial de Obras P\u00fablicas y Servicios, G\/J N\u00e9stor Reverol, inform\u00f3 este mi\u00e9rcoles que todos los proyectos que presenten la gobernaci\u00f3n y las alcald\u00edas del estado Trujillo en materia de servicios p\u00fablicos, ser\u00e1n aprobados de manera inmediata a trav\u00e9s del Consejo Federal de Gobierno.<\/p>\n<p>La informaci\u00f3n la dio a conocer el General en Jefe, durante una jornada de trabajo que se realiz\u00f3 como parte del 1&#215;10 del Buen Gobierno, en la comunidad de La Puerta, municipio Valera de la localidad andina.<\/p>\n<p><strong><img loading=\"lazy\" decoding=\"async\" class=\"size-medium wp-image-88312 alignright\" src=\"http:\/\/10.200.87.50\/mppee\/wp-content\/uploads\/2022\/12\/Fortalecer\u00e1n-servicios-p\u00fablicos-en-Trujillo-a-trav\u00e9s-del-Consejo-Federal-de-Gobierno-7-300x200.jpg\" alt=\"\" width=\"300\" height=\"200\" srcset=\"https:\/\/mppee.gob.ve\/wp-content\/uploads\/2022\/12\/Fortalecer\u00e1n-servicios-p\u00fablicos-en-Trujillo-a-trav\u00e9s-del-Consejo-Federal-de-Gobierno-7-300x200.jpg 300w, https:\/\/mppee.gob.ve\/wp-content\/uploads\/2022\/12\/Fortalecer\u00e1n-servicios-p\u00fablicos-en-Trujillo-a-trav\u00e9s-del-Consejo-Federal-de-Gobierno-7-768x512.jpg 768w, https:\/\/mppee.gob.ve\/wp-content\/uploads\/2022\/12\/Fortalecer\u00e1n-servicios-p\u00fablicos-en-Trujillo-a-trav\u00e9s-del-Consejo-Federal-de-Gobierno-7.jpg 1024w\" sizes=\"auto, (max-width: 300px) 100vw, 300px\" \/>\u201cEs un momento propicio para debatir y construir nuevos proyectos a fin de atender las emergencias en el estado Trujillo. Para eso est\u00e1n presentes todos los ministros y presidentes de entes adscritos que integran la Vicepresidencia Sectorial de Obras P\u00fablicas y Servicios\u201d,<\/strong> expres\u00f3.<\/p>\n<p>En ese sentido, destac\u00f3 que el Plan Nacional de Vialidad de V\u00edas y Puentes atender\u00e1 de manera priorizada esta entidad. Por su condici\u00f3n agr\u00edcola se fortalecer\u00e1 la vialidad rural.<\/p>\n<p><img loading=\"lazy\" decoding=\"async\" class=\"size-medium wp-image-88311 alignleft\" src=\"http:\/\/10.200.87.50\/mppee\/wp-content\/uploads\/2022\/12\/Fortalecer\u00e1n-servicios-p\u00fablicos-en-Trujillo-a-trav\u00e9s-del-Consejo-Federal-de-Gobierno-6-300x201.jpg\" alt=\"\" width=\"300\" height=\"201\" srcset=\"https:\/\/mppee.gob.ve\/wp-content\/uploads\/2022\/12\/Fortalecer\u00e1n-servicios-p\u00fablicos-en-Trujillo-a-trav\u00e9s-del-Consejo-Federal-de-Gobierno-6-300x201.jpg 300w, https:\/\/mppee.gob.ve\/wp-content\/uploads\/2022\/12\/Fortalecer\u00e1n-servicios-p\u00fablicos-en-Trujillo-a-trav\u00e9s-del-Consejo-Federal-de-Gobierno-6-768x515.jpg 768w, https:\/\/mppee.gob.ve\/wp-content\/uploads\/2022\/12\/Fortalecer\u00e1n-servicios-p\u00fablicos-en-Trujillo-a-trav\u00e9s-del-Consejo-Federal-de-Gobierno-6.jpg 1024w\" sizes=\"auto, (max-width: 300px) 100vw, 300px\" \/>El tambi\u00e9n ministro del Poder Popular para la Energ\u00eda El\u00e9ctrica, \u00a0indic\u00f3 que en los pr\u00f3ximos d\u00edas se estar\u00e1n enviando al estado Trujillo un total de mil luminarias tipo LED, como parte del Plan de Iluminaci\u00f3n de V\u00edas Expresas que impulsa el Gobierno Bolivariano.<\/p>\n<p><strong>\u201cHoy estamos entregando 40 transformadores para seguir con la resoluci\u00f3n de problemas en medio de esta adversidad. Ahora tenemos ocho talleres de elaboraci\u00f3n de transformadores con mano de obra venezolana\u201d<\/strong>, agreg\u00f3.<\/p>\n<p><img loading=\"lazy\" decoding=\"async\" class=\"size-medium wp-image-88309 alignright\" src=\"http:\/\/10.200.87.50\/mppee\/wp-content\/uploads\/2022\/12\/Fortalecer\u00e1n-servicios-p\u00fablicos-en-Trujillo-a-trav\u00e9s-del-Consejo-Federal-de-Gobierno-4-300x185.jpg\" alt=\"\" width=\"300\" height=\"185\" srcset=\"https:\/\/mppee.gob.ve\/wp-content\/uploads\/2022\/12\/Fortalecer\u00e1n-servicios-p\u00fablicos-en-Trujillo-a-trav\u00e9s-del-Consejo-Federal-de-Gobierno-4-300x185.jpg 300w, https:\/\/mppee.gob.ve\/wp-content\/uploads\/2022\/12\/Fortalecer\u00e1n-servicios-p\u00fablicos-en-Trujillo-a-trav\u00e9s-del-Consejo-Federal-de-Gobierno-4-768x474.jpg 768w, https:\/\/mppee.gob.ve\/wp-content\/uploads\/2022\/12\/Fortalecer\u00e1n-servicios-p\u00fablicos-en-Trujillo-a-trav\u00e9s-del-Consejo-Federal-de-Gobierno-4.jpg 1024w\" sizes=\"auto, (max-width: 300px) 100vw, 300px\" \/>Por otra parte, Reverol resalt\u00f3 la puesta en marcha de la Planta de Generaci\u00f3n Monay, con un aporte de 15 MW al Sistema El\u00e9ctrico Nacional (SEN). Adem\u00e1s, anunci\u00f3 la activaci\u00f3n de los sistemas de Bombeo Las Acacias, Betijoque, Carvajal y Valera, impactando a cerca de 300 mil habitantes.<\/p>\n<p><strong>\u201cIniciamos la colocaci\u00f3n de la se\u00f1al\u00e9tica vial desde el Aeropuerto de Valera hasta la parroquia Isnot\u00fa, municipio Rafael Rangel. Instalamos, igualmente, 10 escuelas de reciclaje con espacios de sensibilizaci\u00f3n y conformaci\u00f3n de 193 Mesas T\u00e9cnicas de Reciclaje y Aseo en esta entidad\u201d<\/strong>, sostuvo.<\/p>\n<p><img loading=\"lazy\" decoding=\"async\" class=\"size-medium wp-image-88307 alignleft\" src=\"http:\/\/10.200.87.50\/mppee\/wp-content\/uploads\/2022\/12\/Fortalecer\u00e1n-servicios-p\u00fablicos-en-Trujillo-a-trav\u00e9s-del-Consejo-Federal-de-Gobierno-2-300x200.jpg\" alt=\"\" width=\"300\" height=\"200\" srcset=\"https:\/\/mppee.gob.ve\/wp-content\/uploads\/2022\/12\/Fortalecer\u00e1n-servicios-p\u00fablicos-en-Trujillo-a-trav\u00e9s-del-Consejo-Federal-de-Gobierno-2-300x200.jpg 300w, https:\/\/mppee.gob.ve\/wp-content\/uploads\/2022\/12\/Fortalecer\u00e1n-servicios-p\u00fablicos-en-Trujillo-a-trav\u00e9s-del-Consejo-Federal-de-Gobierno-2-768x512.jpg 768w, https:\/\/mppee.gob.ve\/wp-content\/uploads\/2022\/12\/Fortalecer\u00e1n-servicios-p\u00fablicos-en-Trujillo-a-trav\u00e9s-del-Consejo-Federal-de-Gobierno-2.jpg 1024w\" sizes=\"auto, (max-width: 300px) 100vw, 300px\" \/>Finalmente, hizo un llamado a todos los ministerios, gobernaciones, alcald\u00edas e instituciones que \u00a0integran la Vicepresidencia Sectorial a trabajar articuladamente. <strong>\u201cDebemos trabajar en equipo para que el 1X10 del Buen Gobierno llegue a cada regi\u00f3n y estado del pa\u00eds\u00bb<\/strong>, concluy\u00f3.<\/p>\n<p><strong>Prensa Vsops<\/strong><\/p>\n<figure id=\"attachment_88308\" aria-describedby=\"caption-attachment-88308\" style=\"width: 1024px\" class=\"wp-caption alignnone\"><img loading=\"lazy\" decoding=\"async\" class=\"wp-image-88308 size-full\" src=\"http:\/\/10.200.87.50\/mppee\/wp-content\/uploads\/2022\/12\/Fortalecer\u00e1n-servicios-p\u00fablicos-en-Trujillo-a-trav\u00e9s-del-Consejo-Federal-de-Gobierno-3.jpg\" alt=\"\" width=\"1024\" height=\"683\" srcset=\"https:\/\/mppee.gob.ve\/wp-content\/uploads\/2022\/12\/Fortalecer\u00e1n-servicios-p\u00fablicos-en-Trujillo-a-trav\u00e9s-del-Consejo-Federal-de-Gobierno-3.jpg 1024w, https:\/\/mppee.gob.ve\/wp-content\/uploads\/2022\/12\/Fortalecer\u00e1n-servicios-p\u00fablicos-en-Trujillo-a-trav\u00e9s-del-Consejo-Federal-de-Gobierno-3-300x200.jpg 300w, https:\/\/mppee.gob.ve\/wp-content\/uploads\/2022\/12\/Fortalecer\u00e1n-servicios-p\u00fablicos-en-Trujillo-a-trav\u00e9s-del-Consejo-Federal-de-Gobierno-3-768x512.jpg 768w\" sizes=\"auto, (max-width: 1024px) 100vw, 1024px\" \/><figcaption id=\"caption-attachment-88308\" class=\"wp-caption-text\">Vicepresidente Sectorial de Obras P\u00fablicas y Servicios; Ministro del Poder Popular para la Energ\u00eda El\u00e9ctrica, G\/J N\u00e9stor Reverol<\/figcaption><\/figure>\n<p><img loading=\"lazy\" decoding=\"async\" class=\"alignnone wp-image-88306 size-full\" src=\"http:\/\/10.200.87.50\/mppee\/wp-content\/uploads\/2022\/12\/Fortalecer\u00e1n-servicios-p\u00fablicos-en-Trujillo-a-trav\u00e9s-del-Consejo-Federal-de-Gobierno-1.jpg\" alt=\"\" width=\"1024\" height=\"658\" srcset=\"https:\/\/mppee.gob.ve\/wp-content\/uploads\/2022\/12\/Fortalecer\u00e1n-servicios-p\u00fablicos-en-Trujillo-a-trav\u00e9s-del-Consejo-Federal-de-Gobierno-1.jpg 1024w, https:\/\/mppee.gob.ve\/wp-content\/uploads\/2022\/12\/Fortalecer\u00e1n-servicios-p\u00fablicos-en-Trujillo-a-trav\u00e9s-del-Consejo-Federal-de-Gobierno-1-300x193.jpg 300w, https:\/\/mppee.gob.ve\/wp-content\/uploads\/2022\/12\/Fortalecer\u00e1n-servicios-p\u00fablicos-en-Trujillo-a-trav\u00e9s-del-Consejo-Federal-de-Gobierno-1-768x494.jpg 768w\" sizes=\"auto, (max-width: 1024px) 100vw, 1024px\" \/><\/p>\n","protected":false},"excerpt":{"rendered":"<p>El vicepresidente Sectorial de Obras P\u00fablicas y Servicios, G\/J N\u00e9stor Reverol, inform\u00f3 este mi\u00e9rcoles que todos los proyectos que presenten<\/p>\n","protected":false},"author":12,"featured_media":88314,"comment_status":"open","ping_status":"open","sticky":false,"template":"","format":"standard","meta":{"footnotes":""},"categories":[30],"tags":[11],"class_list":["post-88305","post","type-post","status-publish","format-standard","has-post-thumbnail","hentry","category-regionales","tag-mppee"],"_links":{"self":[{"href":"https:\/\/mppee.gob.ve\/index.php?rest_route=\/wp\/v2\/posts\/88305","targetHints":{"allow":["GET"]}}],"collection":[{"href":"https:\/\/mppee.gob.ve\/index.php?rest_route=\/wp\/v2\/posts"}],"about":[{"href":"https:\/\/mppee.gob.ve\/index.php?rest_route=\/wp\/v2\/types\/post"}],"author":[{"embeddable":true,"href":"https:\/\/mppee.gob.ve\/index.php?rest_route=\/wp\/v2\/users\/12"}],"replies":[{"embeddable":true,"href":"https:\/\/mppee.gob.ve\/index.php?rest_route=%2Fwp%2Fv2%2Fcomments&post=88305"}],"version-history":[{"count":1,"href":"https:\/\/mppee.gob.ve\/index.php?rest_route=\/wp\/v2\/posts\/88305\/revisions"}],"predecessor-version":[{"id":88315,"href":"https:\/\/mppee.gob.ve\/index.php?rest_route=\/wp\/v2\/posts\/88305\/revisions\/88315"}],"wp:featuredmedia":[{"embeddable":true,"href":"https:\/\/mppee.gob.ve\/index.php?rest_route=\/wp\/v2\/media\/88314"}],"wp:attachment":[{"href":"https:\/\/mppee.gob.ve\/index.php?rest_route=%2Fwp%2Fv2%2Fmedia&parent=88305"}],"wp:term":[{"taxonomy":"category","embeddable":true,"href":"https:\/\/mppee.gob.ve\/index.php?rest_route=%2Fwp%2Fv2%2Fcategories&post=88305"},{"taxonomy":"post_tag","embeddable":true,"href":"https:\/\/mppee.gob.ve\/index.php?rest_route=%2Fwp%2Fv2%2Ftags&post=88305"}],"curies":[{"name":"wp","href":"https:\/\/api.w.org\/{rel}","templated":true}]}}