{"id":88316,"date":"2022-11-30T13:52:00","date_gmt":"2022-11-30T13:52:00","guid":{"rendered":"http:\/\/10.200.87.50\/mppee\/?p=88316"},"modified":"2022-12-01T14:04:04","modified_gmt":"2022-12-01T14:04:04","slug":"recuperados-alrededor-de-mil-megavatios-del-servicio-electrico-en-la-region-sur-occidental-del-pais","status":"publish","type":"post","link":"https:\/\/mppee.gob.ve\/?p=88316","title":{"rendered":"Recuperados alrededor de mil megavatios del servicio el\u00e9ctrico en la Regi\u00f3n Sur Occidental del pa\u00eds"},"content":{"rendered":"<p style=\"text-align: justify;\"><img loading=\"lazy\" decoding=\"async\" class=\"size-medium wp-image-88323 alignleft\" src=\"http:\/\/10.200.87.50\/mppee\/wp-content\/uploads\/2022\/12\/Recuperados-alrededor-de-mil-megavatios-del-servicio-el\u00e9ctrico-en-la-Regi\u00f3n-Sur-Occidental-del-pa\u00eds-7-300x212.jpg\" alt=\"\" width=\"300\" height=\"212\" srcset=\"https:\/\/mppee.gob.ve\/wp-content\/uploads\/2022\/12\/Recuperados-alrededor-de-mil-megavatios-del-servicio-el\u00e9ctrico-en-la-Regi\u00f3n-Sur-Occidental-del-pa\u00eds-7-300x212.jpg 300w, https:\/\/mppee.gob.ve\/wp-content\/uploads\/2022\/12\/Recuperados-alrededor-de-mil-megavatios-del-servicio-el\u00e9ctrico-en-la-Regi\u00f3n-Sur-Occidental-del-pa\u00eds-7-1024x722.jpg 1024w, https:\/\/mppee.gob.ve\/wp-content\/uploads\/2022\/12\/Recuperados-alrededor-de-mil-megavatios-del-servicio-el\u00e9ctrico-en-la-Regi\u00f3n-Sur-Occidental-del-pa\u00eds-7-768x542.jpg 768w, https:\/\/mppee.gob.ve\/wp-content\/uploads\/2022\/12\/Recuperados-alrededor-de-mil-megavatios-del-servicio-el\u00e9ctrico-en-la-Regi\u00f3n-Sur-Occidental-del-pa\u00eds-7.jpg 1280w\" sizes=\"auto, (max-width: 300px) 100vw, 300px\" \/>El vicepresidente Sectorial de Obras P\u00fablicas y Servicios, G\/J N\u00e9stor Reverol, inform\u00f3 este mi\u00e9rcoles que fueron recuperados alrededor de mil megavatios del servicio el\u00e9ctrico en la Regi\u00f3n Sur Occidental del pa\u00eds.<\/p>\n<p><strong>\u201cLas dos unidades de San Agat\u00f3n est\u00e1n en m\u00e1xima potencia, las dos unidades de La Vueltosa, igualmente, en m\u00e1xima potencia, y toda la generaci\u00f3n hidroel\u00e9ctrica en el Sur Occidente, como Planta Jos\u00e9 Antonio P\u00e1ez, Masparro y Pe\u00f1a Larga, cuentan con un plan sostenido para este a\u00f1o y parte del a\u00f1o que viene\u201d<\/strong>, expres\u00f3 el General en Jefe desde el Centro Nacional de Despacho de la Regi\u00f3n Andina, ubicado en el estado Trujillo.<\/p>\n<p><img loading=\"lazy\" decoding=\"async\" class=\"size-medium wp-image-88322 alignleft\" src=\"http:\/\/10.200.87.50\/mppee\/wp-content\/uploads\/2022\/12\/Recuperados-alrededor-de-mil-megavatios-del-servicio-el\u00e9ctrico-en-la-Regi\u00f3n-Sur-Occidental-del-pa\u00eds-6-300x200.jpg\" alt=\"\" width=\"300\" height=\"200\" srcset=\"https:\/\/mppee.gob.ve\/wp-content\/uploads\/2022\/12\/Recuperados-alrededor-de-mil-megavatios-del-servicio-el\u00e9ctrico-en-la-Regi\u00f3n-Sur-Occidental-del-pa\u00eds-6-300x200.jpg 300w, https:\/\/mppee.gob.ve\/wp-content\/uploads\/2022\/12\/Recuperados-alrededor-de-mil-megavatios-del-servicio-el\u00e9ctrico-en-la-Regi\u00f3n-Sur-Occidental-del-pa\u00eds-6-1024x682.jpg 1024w, https:\/\/mppee.gob.ve\/wp-content\/uploads\/2022\/12\/Recuperados-alrededor-de-mil-megavatios-del-servicio-el\u00e9ctrico-en-la-Regi\u00f3n-Sur-Occidental-del-pa\u00eds-6-768x512.jpg 768w, https:\/\/mppee.gob.ve\/wp-content\/uploads\/2022\/12\/Recuperados-alrededor-de-mil-megavatios-del-servicio-el\u00e9ctrico-en-la-Regi\u00f3n-Sur-Occidental-del-pa\u00eds-6.jpg 1280w\" sizes=\"auto, (max-width: 300px) 100vw, 300px\" \/>Asegur\u00f3 que las perspectivas para el a\u00f1o 2023 son buenas en cuanto a la administraci\u00f3n de carga, debido a que los embalses est\u00e1n a su mayor capacidad.<\/p>\n<p>En ese sentido, anunci\u00f3 que para el pr\u00f3ximo a\u00f1o igualmente se llevar\u00e1n a cabo importantes proyectos para el Sistema El\u00e9ctrico Nacional (SEN), como la reingenier\u00eda para el Sistema Scada el cual administra, controla y supervisa la red de electricidad en Venezuela.<\/p>\n<p><strong><img loading=\"lazy\" decoding=\"async\" class=\"size-medium wp-image-88321 alignright\" src=\"http:\/\/10.200.87.50\/mppee\/wp-content\/uploads\/2022\/12\/Recuperados-alrededor-de-mil-megavatios-del-servicio-el\u00e9ctrico-en-la-Regi\u00f3n-Sur-Occidental-del-pa\u00eds-5-300x192.jpg\" alt=\"\" width=\"300\" height=\"192\" srcset=\"https:\/\/mppee.gob.ve\/wp-content\/uploads\/2022\/12\/Recuperados-alrededor-de-mil-megavatios-del-servicio-el\u00e9ctrico-en-la-Regi\u00f3n-Sur-Occidental-del-pa\u00eds-5-300x192.jpg 300w, https:\/\/mppee.gob.ve\/wp-content\/uploads\/2022\/12\/Recuperados-alrededor-de-mil-megavatios-del-servicio-el\u00e9ctrico-en-la-Regi\u00f3n-Sur-Occidental-del-pa\u00eds-5-1024x657.jpg 1024w, https:\/\/mppee.gob.ve\/wp-content\/uploads\/2022\/12\/Recuperados-alrededor-de-mil-megavatios-del-servicio-el\u00e9ctrico-en-la-Regi\u00f3n-Sur-Occidental-del-pa\u00eds-5-768x493.jpg 768w, https:\/\/mppee.gob.ve\/wp-content\/uploads\/2022\/12\/Recuperados-alrededor-de-mil-megavatios-del-servicio-el\u00e9ctrico-en-la-Regi\u00f3n-Sur-Occidental-del-pa\u00eds-5.jpg 1280w\" sizes=\"auto, (max-width: 300px) 100vw, 300px\" \/>\u201cEs una noticia muy importante para esta regi\u00f3n que tanto necesita la estabilidad, confiabilidad y seguridad del Sistema El\u00e9ctrico Nacional\u201d<\/strong>, \u00a0afirm\u00f3 el tambi\u00e9n Ministro para el Poder Popular de la Energ\u00eda El\u00e9ctrica.<\/p>\n<p><strong>Prensa Mppee<\/strong><\/p>\n<p><img loading=\"lazy\" decoding=\"async\" class=\"alignnone wp-image-88320 size-full\" src=\"http:\/\/10.200.87.50\/mppee\/wp-content\/uploads\/2022\/12\/Recuperados-alrededor-de-mil-megavatios-del-servicio-el\u00e9ctrico-en-la-Regi\u00f3n-Sur-Occidental-del-pa\u00eds-4.jpg\" alt=\"\" width=\"1280\" height=\"856\" srcset=\"https:\/\/mppee.gob.ve\/wp-content\/uploads\/2022\/12\/Recuperados-alrededor-de-mil-megavatios-del-servicio-el\u00e9ctrico-en-la-Regi\u00f3n-Sur-Occidental-del-pa\u00eds-4.jpg 1280w, https:\/\/mppee.gob.ve\/wp-content\/uploads\/2022\/12\/Recuperados-alrededor-de-mil-megavatios-del-servicio-el\u00e9ctrico-en-la-Regi\u00f3n-Sur-Occidental-del-pa\u00eds-4-300x201.jpg 300w, https:\/\/mppee.gob.ve\/wp-content\/uploads\/2022\/12\/Recuperados-alrededor-de-mil-megavatios-del-servicio-el\u00e9ctrico-en-la-Regi\u00f3n-Sur-Occidental-del-pa\u00eds-4-1024x685.jpg 1024w, https:\/\/mppee.gob.ve\/wp-content\/uploads\/2022\/12\/Recuperados-alrededor-de-mil-megavatios-del-servicio-el\u00e9ctrico-en-la-Regi\u00f3n-Sur-Occidental-del-pa\u00eds-4-768x514.jpg 768w\" sizes=\"auto, (max-width: 1280px) 100vw, 1280px\" \/> <img loading=\"lazy\" decoding=\"async\" class=\"alignnone wp-image-88319 size-full\" src=\"http:\/\/10.200.87.50\/mppee\/wp-content\/uploads\/2022\/12\/Recuperados-alrededor-de-mil-megavatios-del-servicio-el\u00e9ctrico-en-la-Regi\u00f3n-Sur-Occidental-del-pa\u00eds-3.jpg\" alt=\"\" width=\"1280\" height=\"853\" srcset=\"https:\/\/mppee.gob.ve\/wp-content\/uploads\/2022\/12\/Recuperados-alrededor-de-mil-megavatios-del-servicio-el\u00e9ctrico-en-la-Regi\u00f3n-Sur-Occidental-del-pa\u00eds-3.jpg 1280w, https:\/\/mppee.gob.ve\/wp-content\/uploads\/2022\/12\/Recuperados-alrededor-de-mil-megavatios-del-servicio-el\u00e9ctrico-en-la-Regi\u00f3n-Sur-Occidental-del-pa\u00eds-3-300x200.jpg 300w, https:\/\/mppee.gob.ve\/wp-content\/uploads\/2022\/12\/Recuperados-alrededor-de-mil-megavatios-del-servicio-el\u00e9ctrico-en-la-Regi\u00f3n-Sur-Occidental-del-pa\u00eds-3-1024x682.jpg 1024w, https:\/\/mppee.gob.ve\/wp-content\/uploads\/2022\/12\/Recuperados-alrededor-de-mil-megavatios-del-servicio-el\u00e9ctrico-en-la-Regi\u00f3n-Sur-Occidental-del-pa\u00eds-3-768x512.jpg 768w\" sizes=\"auto, (max-width: 1280px) 100vw, 1280px\" \/> <img loading=\"lazy\" decoding=\"async\" class=\"alignnone wp-image-88318 size-full\" src=\"http:\/\/10.200.87.50\/mppee\/wp-content\/uploads\/2022\/12\/Recuperados-alrededor-de-mil-megavatios-del-servicio-el\u00e9ctrico-en-la-Regi\u00f3n-Sur-Occidental-del-pa\u00eds-2.jpg\" alt=\"\" width=\"1280\" height=\"913\" srcset=\"https:\/\/mppee.gob.ve\/wp-content\/uploads\/2022\/12\/Recuperados-alrededor-de-mil-megavatios-del-servicio-el\u00e9ctrico-en-la-Regi\u00f3n-Sur-Occidental-del-pa\u00eds-2.jpg 1280w, https:\/\/mppee.gob.ve\/wp-content\/uploads\/2022\/12\/Recuperados-alrededor-de-mil-megavatios-del-servicio-el\u00e9ctrico-en-la-Regi\u00f3n-Sur-Occidental-del-pa\u00eds-2-300x214.jpg 300w, https:\/\/mppee.gob.ve\/wp-content\/uploads\/2022\/12\/Recuperados-alrededor-de-mil-megavatios-del-servicio-el\u00e9ctrico-en-la-Regi\u00f3n-Sur-Occidental-del-pa\u00eds-2-1024x730.jpg 1024w, https:\/\/mppee.gob.ve\/wp-content\/uploads\/2022\/12\/Recuperados-alrededor-de-mil-megavatios-del-servicio-el\u00e9ctrico-en-la-Regi\u00f3n-Sur-Occidental-del-pa\u00eds-2-768x548.jpg 768w\" sizes=\"auto, (max-width: 1280px) 100vw, 1280px\" \/> <img loading=\"lazy\" decoding=\"async\" class=\"alignnone wp-image-88313 size-full\" src=\"http:\/\/10.200.87.50\/mppee\/wp-content\/uploads\/2022\/12\/Fortalecer\u00e1n-servicios-p\u00fablicos-en-Trujillo-a-trav\u00e9s-del-Consejo-Federal-de-Gobierno-8.jpg\" alt=\"\" width=\"1080\" height=\"720\" srcset=\"https:\/\/mppee.gob.ve\/wp-content\/uploads\/2022\/12\/Fortalecer\u00e1n-servicios-p\u00fablicos-en-Trujillo-a-trav\u00e9s-del-Consejo-Federal-de-Gobierno-8.jpg 1080w, https:\/\/mppee.gob.ve\/wp-content\/uploads\/2022\/12\/Fortalecer\u00e1n-servicios-p\u00fablicos-en-Trujillo-a-trav\u00e9s-del-Consejo-Federal-de-Gobierno-8-300x200.jpg 300w, https:\/\/mppee.gob.ve\/wp-content\/uploads\/2022\/12\/Fortalecer\u00e1n-servicios-p\u00fablicos-en-Trujillo-a-trav\u00e9s-del-Consejo-Federal-de-Gobierno-8-1024x683.jpg 1024w, https:\/\/mppee.gob.ve\/wp-content\/uploads\/2022\/12\/Fortalecer\u00e1n-servicios-p\u00fablicos-en-Trujillo-a-trav\u00e9s-del-Consejo-Federal-de-Gobierno-8-768x512.jpg 768w\" sizes=\"auto, (max-width: 1080px) 100vw, 1080px\" \/> <img loading=\"lazy\" decoding=\"async\" class=\"alignnone wp-image-88314 size-full\" src=\"http:\/\/10.200.87.50\/mppee\/wp-content\/uploads\/2022\/12\/Fortalecer\u00e1n-servicios-p\u00fablicos-en-Trujillo-a-trav\u00e9s-del-Consejo-Federal-de-Gobierno-9.jpg\" alt=\"\" width=\"1080\" height=\"720\" srcset=\"https:\/\/mppee.gob.ve\/wp-content\/uploads\/2022\/12\/Fortalecer\u00e1n-servicios-p\u00fablicos-en-Trujillo-a-trav\u00e9s-del-Consejo-Federal-de-Gobierno-9.jpg 1080w, https:\/\/mppee.gob.ve\/wp-content\/uploads\/2022\/12\/Fortalecer\u00e1n-servicios-p\u00fablicos-en-Trujillo-a-trav\u00e9s-del-Consejo-Federal-de-Gobierno-9-300x200.jpg 300w, https:\/\/mppee.gob.ve\/wp-content\/uploads\/2022\/12\/Fortalecer\u00e1n-servicios-p\u00fablicos-en-Trujillo-a-trav\u00e9s-del-Consejo-Federal-de-Gobierno-9-1024x683.jpg 1024w, https:\/\/mppee.gob.ve\/wp-content\/uploads\/2022\/12\/Fortalecer\u00e1n-servicios-p\u00fablicos-en-Trujillo-a-trav\u00e9s-del-Consejo-Federal-de-Gobierno-9-768x512.jpg 768w\" sizes=\"auto, (max-width: 1080px) 100vw, 1080px\" \/><\/p>\n","protected":false},"excerpt":{"rendered":"<p>El vicepresidente Sectorial de Obras P\u00fablicas y Servicios, G\/J N\u00e9stor Reverol, inform\u00f3 este mi\u00e9rcoles que fueron recuperados alrededor de mil<\/p>\n","protected":false},"author":12,"featured_media":88317,"comment_status":"open","ping_status":"open","sticky":false,"template":"","format":"standard","meta":{"footnotes":""},"categories":[30],"tags":[11],"class_list":["post-88316","post","type-post","status-publish","format-standard","has-post-thumbnail","hentry","category-regionales","tag-mppee"],"_links":{"self":[{"href":"https:\/\/mppee.gob.ve\/index.php?rest_route=\/wp\/v2\/posts\/88316","targetHints":{"allow":["GET"]}}],"collection":[{"href":"https:\/\/mppee.gob.ve\/index.php?rest_route=\/wp\/v2\/posts"}],"about":[{"href":"https:\/\/mppee.gob.ve\/index.php?rest_route=\/wp\/v2\/types\/post"}],"author":[{"embeddable":true,"href":"https:\/\/mppee.gob.ve\/index.php?rest_route=\/wp\/v2\/users\/12"}],"replies":[{"embeddable":true,"href":"https:\/\/mppee.gob.ve\/index.php?rest_route=%2Fwp%2Fv2%2Fcomments&post=88316"}],"version-history":[{"count":1,"href":"https:\/\/mppee.gob.ve\/index.php?rest_route=\/wp\/v2\/posts\/88316\/revisions"}],"predecessor-version":[{"id":88324,"href":"https:\/\/mppee.gob.ve\/index.php?rest_route=\/wp\/v2\/posts\/88316\/revisions\/88324"}],"wp:featuredmedia":[{"embeddable":true,"href":"https:\/\/mppee.gob.ve\/index.php?rest_route=\/wp\/v2\/media\/88317"}],"wp:attachment":[{"href":"https:\/\/mppee.gob.ve\/index.php?rest_route=%2Fwp%2Fv2%2Fmedia&parent=88316"}],"wp:term":[{"taxonomy":"category","embeddable":true,"href":"https:\/\/mppee.gob.ve\/index.php?rest_route=%2Fwp%2Fv2%2Fcategories&post=88316"},{"taxonomy":"post_tag","embeddable":true,"href":"https:\/\/mppee.gob.ve\/index.php?rest_route=%2Fwp%2Fv2%2Ftags&post=88316"}],"curies":[{"name":"wp","href":"https:\/\/api.w.org\/{rel}","templated":true}]}}