{"id":88333,"date":"2022-12-01T15:07:00","date_gmt":"2022-12-01T15:07:00","guid":{"rendered":"http:\/\/10.200.87.50\/mppee\/?p=88333"},"modified":"2022-12-02T15:31:31","modified_gmt":"2022-12-02T15:31:31","slug":"fuerza-trabajadora-del-sector-electrico-dio-la-bienvenida-a-las-navidades-felices-2022","status":"publish","type":"post","link":"https:\/\/mppee.gob.ve\/?p=88333","title":{"rendered":"Fuerza trabajadora del sector el\u00e9ctrico dio la bienvenida a las navidades felices 2022"},"content":{"rendered":"<p style=\"font-weight: 400; text-align: justify;\"><img loading=\"lazy\" decoding=\"async\" class=\"size-medium wp-image-88343 alignleft\" src=\"http:\/\/10.200.87.50\/mppee\/wp-content\/uploads\/2022\/12\/Fuerza-trabajadora-del-sector-el\u00e9ctrico-dio-la-bienvenida-a-las-navidades-felices-2022-10-300x200.jpg\" alt=\"\" width=\"300\" height=\"200\" srcset=\"https:\/\/mppee.gob.ve\/wp-content\/uploads\/2022\/12\/Fuerza-trabajadora-del-sector-el\u00e9ctrico-dio-la-bienvenida-a-las-navidades-felices-2022-10-300x200.jpg 300w, https:\/\/mppee.gob.ve\/wp-content\/uploads\/2022\/12\/Fuerza-trabajadora-del-sector-el\u00e9ctrico-dio-la-bienvenida-a-las-navidades-felices-2022-10-768x512.jpg 768w, https:\/\/mppee.gob.ve\/wp-content\/uploads\/2022\/12\/Fuerza-trabajadora-del-sector-el\u00e9ctrico-dio-la-bienvenida-a-las-navidades-felices-2022-10.jpg 1024w\" sizes=\"auto, (max-width: 300px) 100vw, 300px\" \/>El Ministerio del Poder Popular para la Energ\u00eda El\u00e9ctrica (Mppee) dio inicio este jueves a la \u00e9poca decembrina con un Gran Compartir Navide\u00f1o 2022 y el encendido de la Cruz de la instituci\u00f3n junto con la fuerza trabajadora.<\/p>\n<p style=\"font-weight: 400; text-align: justify;\">A la actividad asisti\u00f3 la viceministra para la Articulaci\u00f3n y Participaci\u00f3n Social del Servicio El\u00e9ctrico, Nuris Perozo, la presidenta de la Asociaci\u00f3n Civil de los Trabajadores del Mppee, Dra. Stephanie Sartori, y dem\u00e1s autoridades del Sistema El\u00e9ctrico Nacional (SEN).<\/p>\n<p style=\"font-weight: 400; text-align: justify;\"><img loading=\"lazy\" decoding=\"async\" class=\"size-medium wp-image-88342 alignright\" src=\"http:\/\/10.200.87.50\/mppee\/wp-content\/uploads\/2022\/12\/Fuerza-trabajadora-del-sector-el\u00e9ctrico-dio-la-bienvenida-a-las-navidades-felices-2022-9-300x200.jpg\" alt=\"\" width=\"300\" height=\"200\" srcset=\"https:\/\/mppee.gob.ve\/wp-content\/uploads\/2022\/12\/Fuerza-trabajadora-del-sector-el\u00e9ctrico-dio-la-bienvenida-a-las-navidades-felices-2022-9-300x200.jpg 300w, https:\/\/mppee.gob.ve\/wp-content\/uploads\/2022\/12\/Fuerza-trabajadora-del-sector-el\u00e9ctrico-dio-la-bienvenida-a-las-navidades-felices-2022-9-768x512.jpg 768w, https:\/\/mppee.gob.ve\/wp-content\/uploads\/2022\/12\/Fuerza-trabajadora-del-sector-el\u00e9ctrico-dio-la-bienvenida-a-las-navidades-felices-2022-9.jpg 1024w\" sizes=\"auto, (max-width: 300px) 100vw, 300px\" \/>En la sede de esta instituci\u00f3n ubicada en San Bernardino, Caracas, la viceministra Perozo agradeci\u00f3 la asistencia a esta festividad que se realiza por tercer a\u00f1o consecutivo.<\/p>\n<p style=\"font-weight: 400; text-align: justify;\"><strong>\u201cNavidad es luz, es renacer, es reencontrarnos con nuestra familia, es practicar los valores m\u00e1s sublimes del ser humano. Por lo que nosotros queremos que este d\u00eda sea para disfrutar con los compa\u00f1eros\u201d,<\/strong> expres\u00f3.<\/p>\n<p style=\"font-weight: 400; text-align: justify;\">Resalt\u00f3 que pese a los a\u00f1os dif\u00edciles que ha vivido el sector y la pandemia de la COVID-19, <strong>\u201chemos renacido junto con todo el bloque social y la fuerza trabajadora que le dan vida y esperanza\u201d.<\/strong><\/p>\n<p style=\"font-weight: 400; text-align: justify;\"><img loading=\"lazy\" decoding=\"async\" class=\"size-medium wp-image-88340 alignleft\" src=\"http:\/\/10.200.87.50\/mppee\/wp-content\/uploads\/2022\/12\/Fuerza-trabajadora-del-sector-el\u00e9ctrico-dio-la-bienvenida-a-las-navidades-felices-2022-7-300x199.jpg\" alt=\"\" width=\"300\" height=\"199\" srcset=\"https:\/\/mppee.gob.ve\/wp-content\/uploads\/2022\/12\/Fuerza-trabajadora-del-sector-el\u00e9ctrico-dio-la-bienvenida-a-las-navidades-felices-2022-7-300x199.jpg 300w, https:\/\/mppee.gob.ve\/wp-content\/uploads\/2022\/12\/Fuerza-trabajadora-del-sector-el\u00e9ctrico-dio-la-bienvenida-a-las-navidades-felices-2022-7-1024x679.jpg 1024w, https:\/\/mppee.gob.ve\/wp-content\/uploads\/2022\/12\/Fuerza-trabajadora-del-sector-el\u00e9ctrico-dio-la-bienvenida-a-las-navidades-felices-2022-7-768x509.jpg 768w, https:\/\/mppee.gob.ve\/wp-content\/uploads\/2022\/12\/Fuerza-trabajadora-del-sector-el\u00e9ctrico-dio-la-bienvenida-a-las-navidades-felices-2022-7.jpg 1056w\" sizes=\"auto, (max-width: 300px) 100vw, 300px\" \/>Inst\u00f3 a los trabajadores del SEN a continuar dando lo mejor en sus labores para seguir mejorando el sector el\u00e9ctrico en pro del bienestar del pa\u00eds.<\/p>\n<p style=\"font-weight: 400; text-align: justify;\">El Gran Compartir Navide\u00f1o cont\u00f3 con la presentaci\u00f3n de diferentes agrupaciones gaiteras y artistas urbanos, quienes amenizaron esta actividad.<\/p>\n<p style=\"font-weight: 400; text-align: justify;\"><strong>Prensa Mppee<\/strong><\/p>\n<p><img loading=\"lazy\" decoding=\"async\" class=\"alignnone wp-image-88339 size-full\" src=\"http:\/\/10.200.87.50\/mppee\/wp-content\/uploads\/2022\/12\/Fuerza-trabajadora-del-sector-el\u00e9ctrico-dio-la-bienvenida-a-las-navidades-felices-2022-6.jpg\" alt=\"\" width=\"683\" height=\"1024\" srcset=\"https:\/\/mppee.gob.ve\/wp-content\/uploads\/2022\/12\/Fuerza-trabajadora-del-sector-el\u00e9ctrico-dio-la-bienvenida-a-las-navidades-felices-2022-6.jpg 683w, https:\/\/mppee.gob.ve\/wp-content\/uploads\/2022\/12\/Fuerza-trabajadora-del-sector-el\u00e9ctrico-dio-la-bienvenida-a-las-navidades-felices-2022-6-200x300.jpg 200w\" sizes=\"auto, (max-width: 683px) 100vw, 683px\" \/> <img loading=\"lazy\" decoding=\"async\" class=\"alignnone wp-image-88338 size-full\" src=\"http:\/\/10.200.87.50\/mppee\/wp-content\/uploads\/2022\/12\/Fuerza-trabajadora-del-sector-el\u00e9ctrico-dio-la-bienvenida-a-las-navidades-felices-2022-5.jpg\" alt=\"\" width=\"789\" height=\"700\" srcset=\"https:\/\/mppee.gob.ve\/wp-content\/uploads\/2022\/12\/Fuerza-trabajadora-del-sector-el\u00e9ctrico-dio-la-bienvenida-a-las-navidades-felices-2022-5.jpg 789w, https:\/\/mppee.gob.ve\/wp-content\/uploads\/2022\/12\/Fuerza-trabajadora-del-sector-el\u00e9ctrico-dio-la-bienvenida-a-las-navidades-felices-2022-5-300x266.jpg 300w, https:\/\/mppee.gob.ve\/wp-content\/uploads\/2022\/12\/Fuerza-trabajadora-del-sector-el\u00e9ctrico-dio-la-bienvenida-a-las-navidades-felices-2022-5-768x681.jpg 768w\" sizes=\"auto, (max-width: 789px) 100vw, 789px\" \/> <img loading=\"lazy\" decoding=\"async\" class=\"alignnone wp-image-88337 size-full\" src=\"http:\/\/10.200.87.50\/mppee\/wp-content\/uploads\/2022\/12\/Fuerza-trabajadora-del-sector-el\u00e9ctrico-dio-la-bienvenida-a-las-navidades-felices-2022-4.jpg\" alt=\"\" width=\"683\" height=\"1024\" srcset=\"https:\/\/mppee.gob.ve\/wp-content\/uploads\/2022\/12\/Fuerza-trabajadora-del-sector-el\u00e9ctrico-dio-la-bienvenida-a-las-navidades-felices-2022-4.jpg 683w, https:\/\/mppee.gob.ve\/wp-content\/uploads\/2022\/12\/Fuerza-trabajadora-del-sector-el\u00e9ctrico-dio-la-bienvenida-a-las-navidades-felices-2022-4-200x300.jpg 200w\" sizes=\"auto, (max-width: 683px) 100vw, 683px\" \/> <img loading=\"lazy\" decoding=\"async\" class=\"alignnone wp-image-88336 size-full\" src=\"http:\/\/10.200.87.50\/mppee\/wp-content\/uploads\/2022\/12\/Fuerza-trabajadora-del-sector-el\u00e9ctrico-dio-la-bienvenida-a-las-navidades-felices-2022-3.jpg\" alt=\"\" width=\"1132\" height=\"700\" \/> <img loading=\"lazy\" decoding=\"async\" class=\"alignnone wp-image-88335 size-full\" src=\"http:\/\/10.200.87.50\/mppee\/wp-content\/uploads\/2022\/12\/Fuerza-trabajadora-del-sector-el\u00e9ctrico-dio-la-bienvenida-a-las-navidades-felices-2022-2.jpg\" alt=\"\" width=\"683\" height=\"1024\" srcset=\"https:\/\/mppee.gob.ve\/wp-content\/uploads\/2022\/12\/Fuerza-trabajadora-del-sector-el\u00e9ctrico-dio-la-bienvenida-a-las-navidades-felices-2022-2.jpg 683w, https:\/\/mppee.gob.ve\/wp-content\/uploads\/2022\/12\/Fuerza-trabajadora-del-sector-el\u00e9ctrico-dio-la-bienvenida-a-las-navidades-felices-2022-2-200x300.jpg 200w\" sizes=\"auto, (max-width: 683px) 100vw, 683px\" \/> <img loading=\"lazy\" decoding=\"async\" class=\"alignnone wp-image-88334 size-full\" src=\"http:\/\/10.200.87.50\/mppee\/wp-content\/uploads\/2022\/12\/Fuerza-trabajadora-del-sector-el\u00e9ctrico-dio-la-bienvenida-a-las-navidades-felices-2022-1.jpg\" alt=\"\" width=\"1019\" height=\"700\" srcset=\"https:\/\/mppee.gob.ve\/wp-content\/uploads\/2022\/12\/Fuerza-trabajadora-del-sector-el\u00e9ctrico-dio-la-bienvenida-a-las-navidades-felices-2022-1.jpg 1019w, https:\/\/mppee.gob.ve\/wp-content\/uploads\/2022\/12\/Fuerza-trabajadora-del-sector-el\u00e9ctrico-dio-la-bienvenida-a-las-navidades-felices-2022-1-300x206.jpg 300w, https:\/\/mppee.gob.ve\/wp-content\/uploads\/2022\/12\/Fuerza-trabajadora-del-sector-el\u00e9ctrico-dio-la-bienvenida-a-las-navidades-felices-2022-1-768x528.jpg 768w, https:\/\/mppee.gob.ve\/wp-content\/uploads\/2022\/12\/Fuerza-trabajadora-del-sector-el\u00e9ctrico-dio-la-bienvenida-a-las-navidades-felices-2022-1-130x90.jpg 130w\" sizes=\"auto, (max-width: 1019px) 100vw, 1019px\" \/><\/p>\n","protected":false},"excerpt":{"rendered":"<p>El Ministerio del Poder Popular para la Energ\u00eda El\u00e9ctrica (Mppee) dio inicio este jueves a la \u00e9poca decembrina con un<\/p>\n","protected":false},"author":12,"featured_media":88341,"comment_status":"open","ping_status":"open","sticky":false,"template":"","format":"standard","meta":{"footnotes":""},"categories":[30],"tags":[111,11],"class_list":["post-88333","post","type-post","status-publish","format-standard","has-post-thumbnail","hentry","category-regionales","tag-caracas","tag-mppee"],"_links":{"self":[{"href":"https:\/\/mppee.gob.ve\/index.php?rest_route=\/wp\/v2\/posts\/88333","targetHints":{"allow":["GET"]}}],"collection":[{"href":"https:\/\/mppee.gob.ve\/index.php?rest_route=\/wp\/v2\/posts"}],"about":[{"href":"https:\/\/mppee.gob.ve\/index.php?rest_route=\/wp\/v2\/types\/post"}],"author":[{"embeddable":true,"href":"https:\/\/mppee.gob.ve\/index.php?rest_route=\/wp\/v2\/users\/12"}],"replies":[{"embeddable":true,"href":"https:\/\/mppee.gob.ve\/index.php?rest_route=%2Fwp%2Fv2%2Fcomments&post=88333"}],"version-history":[{"count":1,"href":"https:\/\/mppee.gob.ve\/index.php?rest_route=\/wp\/v2\/posts\/88333\/revisions"}],"predecessor-version":[{"id":88344,"href":"https:\/\/mppee.gob.ve\/index.php?rest_route=\/wp\/v2\/posts\/88333\/revisions\/88344"}],"wp:featuredmedia":[{"embeddable":true,"href":"https:\/\/mppee.gob.ve\/index.php?rest_route=\/wp\/v2\/media\/88341"}],"wp:attachment":[{"href":"https:\/\/mppee.gob.ve\/index.php?rest_route=%2Fwp%2Fv2%2Fmedia&parent=88333"}],"wp:term":[{"taxonomy":"category","embeddable":true,"href":"https:\/\/mppee.gob.ve\/index.php?rest_route=%2Fwp%2Fv2%2Fcategories&post=88333"},{"taxonomy":"post_tag","embeddable":true,"href":"https:\/\/mppee.gob.ve\/index.php?rest_route=%2Fwp%2Fv2%2Ftags&post=88333"}],"curies":[{"name":"wp","href":"https:\/\/api.w.org\/{rel}","templated":true}]}}