{"id":88345,"date":"2022-12-04T16:30:00","date_gmt":"2022-12-04T16:30:00","guid":{"rendered":"http:\/\/10.200.87.50\/mppee\/?p=88345"},"modified":"2022-12-05T16:34:03","modified_gmt":"2022-12-05T16:34:03","slug":"corpoelec-destaca-por-la-formacion-que-le-brinda-a-su-fuerza-trabajadora","status":"publish","type":"post","link":"https:\/\/mppee.gob.ve\/?p=88345","title":{"rendered":"Corpoelec destaca por la formaci\u00f3n que le brinda a su fuerza trabajadora"},"content":{"rendered":"<p style=\"text-align: justify;\"><img loading=\"lazy\" decoding=\"async\" class=\"size-medium wp-image-88346 alignleft\" src=\"http:\/\/10.200.87.50\/mppee\/wp-content\/uploads\/2022\/12\/WhatsApp-Image-2022-12-05-at-12.23.43-PM-1-300x214.jpeg\" alt=\"\" width=\"300\" height=\"214\" \/>La fuerza trabajadora de la Corporaci\u00f3n El\u00e9ctrica Nacional (Corpoelec) resalta constantemente, como la asociaci\u00f3n los ha formado como profesionales desde el primer d\u00eda que pasan a ser parte de la clase obrera de este sector.<\/p>\n<p style=\"text-align: justify;\">Ese es el caso de Hemilio Quintero, jefe de la Unidad de An\u00e1lisis de Falla, quien record\u00f3 que en sus inicios en la instituci\u00f3n realiz\u00f3 dos meses de entrenamiento en dicha \u00e1rea, lo que influy\u00f3 en su crecimiento personal y profesional.<\/p>\n<p style=\"text-align: justify;\"><strong>\u00abCorpoelec ha contribuido mucho a mi crecimiento personal y profesional\u00bb<\/strong>, expres\u00f3.<\/p>\n<p style=\"text-align: justify;\">Destac\u00f3 que aplicar los conocimientos que ha adquirido en sus labores diarias ha sido muy satisfactorio, porque con ello contribuye a la mejora en la calidad del servicio el\u00e9ctrico en el pa\u00eds.<\/p>\n<p style=\"text-align: justify;\"><strong>\u201cLa electricidad mueve todo y ser parte de los trabajadores del sector el\u00e9ctrico es una satisfacci\u00f3n espiritual\u201d<\/strong>, puntualiz\u00f3 Quintero.<\/p>\n<p style=\"text-align: justify;\"><strong>Prensa Mppee<\/strong><\/p>\n","protected":false},"excerpt":{"rendered":"<p>La fuerza trabajadora de la Corporaci\u00f3n El\u00e9ctrica Nacional (Corpoelec) resalta constantemente, como la asociaci\u00f3n los ha formado como profesionales desde<\/p>\n","protected":false},"author":12,"featured_media":88347,"comment_status":"open","ping_status":"open","sticky":false,"template":"","format":"standard","meta":{"footnotes":""},"categories":[1],"tags":[11],"class_list":["post-88345","post","type-post","status-publish","format-standard","has-post-thumbnail","hentry","category-mppee","tag-mppee"],"_links":{"self":[{"href":"https:\/\/mppee.gob.ve\/index.php?rest_route=\/wp\/v2\/posts\/88345","targetHints":{"allow":["GET"]}}],"collection":[{"href":"https:\/\/mppee.gob.ve\/index.php?rest_route=\/wp\/v2\/posts"}],"about":[{"href":"https:\/\/mppee.gob.ve\/index.php?rest_route=\/wp\/v2\/types\/post"}],"author":[{"embeddable":true,"href":"https:\/\/mppee.gob.ve\/index.php?rest_route=\/wp\/v2\/users\/12"}],"replies":[{"embeddable":true,"href":"https:\/\/mppee.gob.ve\/index.php?rest_route=%2Fwp%2Fv2%2Fcomments&post=88345"}],"version-history":[{"count":1,"href":"https:\/\/mppee.gob.ve\/index.php?rest_route=\/wp\/v2\/posts\/88345\/revisions"}],"predecessor-version":[{"id":88348,"href":"https:\/\/mppee.gob.ve\/index.php?rest_route=\/wp\/v2\/posts\/88345\/revisions\/88348"}],"wp:featuredmedia":[{"embeddable":true,"href":"https:\/\/mppee.gob.ve\/index.php?rest_route=\/wp\/v2\/media\/88347"}],"wp:attachment":[{"href":"https:\/\/mppee.gob.ve\/index.php?rest_route=%2Fwp%2Fv2%2Fmedia&parent=88345"}],"wp:term":[{"taxonomy":"category","embeddable":true,"href":"https:\/\/mppee.gob.ve\/index.php?rest_route=%2Fwp%2Fv2%2Fcategories&post=88345"},{"taxonomy":"post_tag","embeddable":true,"href":"https:\/\/mppee.gob.ve\/index.php?rest_route=%2Fwp%2Fv2%2Ftags&post=88345"}],"curies":[{"name":"wp","href":"https:\/\/api.w.org\/{rel}","templated":true}]}}