{"id":88402,"date":"2022-12-14T17:15:00","date_gmt":"2022-12-14T17:15:00","guid":{"rendered":"http:\/\/10.200.87.50\/mppee\/?p=88402"},"modified":"2022-12-15T17:18:58","modified_gmt":"2022-12-15T17:18:58","slug":"crean-plan-estrategico-para-fortalecer-el-sistema-electrico-nacional-en-2023","status":"publish","type":"post","link":"https:\/\/mppee.gob.ve\/?p=88402","title":{"rendered":"Crean Plan Estrat\u00e9gico para fortalecer el Sistema El\u00e9ctrico Nacional en 2023"},"content":{"rendered":"<p style=\"font-weight: 400; text-align: justify;\"><img loading=\"lazy\" decoding=\"async\" class=\"size-medium wp-image-88403 alignleft\" src=\"http:\/\/10.200.87.50\/mppee\/wp-content\/uploads\/2022\/12\/Crean-Plan-Estrat\u00e9gico-para-fortalecer-el-Sistema-El\u00e9ctrico-Nacional-en-2023-1-300x200.jpg\" alt=\"\" width=\"300\" height=\"200\" srcset=\"https:\/\/mppee.gob.ve\/wp-content\/uploads\/2022\/12\/Crean-Plan-Estrat\u00e9gico-para-fortalecer-el-Sistema-El\u00e9ctrico-Nacional-en-2023-1-300x200.jpg 300w, https:\/\/mppee.gob.ve\/wp-content\/uploads\/2022\/12\/Crean-Plan-Estrat\u00e9gico-para-fortalecer-el-Sistema-El\u00e9ctrico-Nacional-en-2023-1-768x513.jpg 768w, https:\/\/mppee.gob.ve\/wp-content\/uploads\/2022\/12\/Crean-Plan-Estrat\u00e9gico-para-fortalecer-el-Sistema-El\u00e9ctrico-Nacional-en-2023-1.jpg 1024w\" sizes=\"auto, (max-width: 300px) 100vw, 300px\" \/>El Plan Estrat\u00e9gico del Ministerio del Poder Popular para la Energ\u00eda El\u00e9ctrica en el 2023, est\u00e1 conformado por 10 l\u00edneas de acci\u00f3n que coloca en su centro la atenci\u00f3n y protecci\u00f3n integral al trabajador, el mantenimiento y recuperaci\u00f3n del Sistema El\u00e9ctrico Nacional (SEN).<\/p>\n<p style=\"font-weight: 400; text-align: justify;\"><strong>\u201cTendr\u00e1 como eje los nuevos m\u00e9todos organizacionales y operativos para gobernar con el pueblo en el marco del Sistema 1&#215;10 del Buen Gobierno\u201d<\/strong>, agreg\u00f3 el vicepresidente Sectorial de Obras P\u00fablicas y Servicios, G\/J, N\u00e9stor Reverol, durante una reuni\u00f3n de trabajo que sostuvo con Viceministros, Directores Generales, presidentes de entes, Gerentes Territoriales y Gerentes Generales de la Corporaci\u00f3n El\u00e9ctrica Nacional (Corpoelec).<\/p>\n<p style=\"font-weight: 400; text-align: justify;\">En ese sentido, detall\u00f3 que la primera l\u00ednea estrat\u00e9gica va dirigida a la Protecci\u00f3n Integral y Bienestar del Trabajador, con acciones program\u00e1ticas en materia de salud, prevenci\u00f3n\u00a0y atenci\u00f3n especial al personal jubilado del Ministerio del Poder Popular para la Energ\u00eda El\u00e9ctrica (Mppee).<\/p>\n<p style=\"font-weight: 400; text-align: justify;\"><strong>\u201cContamos con ustedes como fuerza trabajadora, nuestra arma secreta, con quienes hemos vencido las adversidades en el Sistema El\u00e9ctrico Nacional\u201d<\/strong>, expres\u00f3.<\/p>\n<p style=\"font-weight: 400; text-align: justify;\">Resalt\u00f3 que la segunda l\u00ednea es el Mantenimiento y Recuperaci\u00f3n del SEN, que abarca la reestructuraci\u00f3n y reorganizaci\u00f3n del Mppee y Corpoelec, as\u00ed como la ejecuci\u00f3n del Plan Nacional de Control de Vegetaci\u00f3n, generaci\u00f3n, transmisi\u00f3n y distribuci\u00f3n, sistemas de protecci\u00f3n de interruptores en sinton\u00eda con el sostenimiento energ\u00e9tico de los sistemas de agua, gas y combustible.<\/p>\n<p style=\"font-weight: 400; text-align: justify;\">La tercera se refiere al Nuevo M\u00e9todo 1&#215;10 del Buen Gobierno con la Sala Situacional del Mppee, que fortalecer\u00e1 el trabajo junto al Poder Popular para atender las solicitudes de las comunidades.<\/p>\n<p style=\"font-weight: 400; text-align: justify;\"><strong><img loading=\"lazy\" decoding=\"async\" class=\"size-medium wp-image-88404 alignright\" src=\"http:\/\/10.200.87.50\/mppee\/wp-content\/uploads\/2022\/12\/Crean-Plan-Estrat\u00e9gico-para-fortalecer-el-Sistema-El\u00e9ctrico-Nacional-en-2023-2-300x200.jpg\" alt=\"\" width=\"300\" height=\"200\" srcset=\"https:\/\/mppee.gob.ve\/wp-content\/uploads\/2022\/12\/Crean-Plan-Estrat\u00e9gico-para-fortalecer-el-Sistema-El\u00e9ctrico-Nacional-en-2023-2-300x200.jpg 300w, https:\/\/mppee.gob.ve\/wp-content\/uploads\/2022\/12\/Crean-Plan-Estrat\u00e9gico-para-fortalecer-el-Sistema-El\u00e9ctrico-Nacional-en-2023-2-768x512.jpg 768w, https:\/\/mppee.gob.ve\/wp-content\/uploads\/2022\/12\/Crean-Plan-Estrat\u00e9gico-para-fortalecer-el-Sistema-El\u00e9ctrico-Nacional-en-2023-2.jpg 1024w\" sizes=\"auto, (max-width: 300px) 100vw, 300px\" \/>\u201cEn la cuarta l\u00ednea est\u00e1 el Desarrollo y\u00a0Expansi\u00f3n de la Universidad Nacional Experimental de Especialidades El\u00e9ctricas (Unexee), que cuenta con 339 trabajadores, que se\u00a0graduar\u00e1n\u00a0de Ingeniero El\u00e9ctrico y T\u00e9cnico Superior\u201d<\/strong>, precis\u00f3.<\/p>\n<p style=\"font-weight: 400; text-align: justify;\">La quinta l\u00ednea estrat\u00e9gica abordar\u00e1 el tema de la Tecnolog\u00eda y Migraci\u00f3n Tecnol\u00f3gica; mientras que el Plan Especial de Recaudaci\u00f3n y Venta del Servicio para los grandes usuarios y las Pymes, contemplado en la sexta l\u00ednea,\u00a0 abarca la Comercializaci\u00f3n en el SEN.<\/p>\n<p style=\"font-weight: 400; text-align: justify;\">En el s\u00e9ptimo punto est\u00e1 la Gesti\u00f3n de la Eco-Energ\u00eda que incluye acciones para la mitigaci\u00f3n del cambio clim\u00e1tico; y en la octava que se refiere a las Nuevas Fuentes y Uso Racional de la Energ\u00eda, vinculada a la consolidaci\u00f3n de las energ\u00edas alternativas en el pa\u00eds.<\/p>\n<p style=\"font-weight: 400; text-align: justify;\">Le sigue la novena l\u00ednea que aborda la Seguridad Integral para la Protecci\u00f3n del\u00a0 SEN y que servir\u00e1 para evitar el robo, hurto y vandalismo que puedan afectar el buen funcionamiento de las instalaciones, <strong>\u201cy as\u00ed ofrecer a la poblaci\u00f3n un servicio m\u00e1s eficiente\u201d<\/strong>, sentenci\u00f3.<\/p>\n<p style=\"font-weight: 400; text-align: justify;\">Por \u00faltimo, est\u00e1n las Alianzas Estrat\u00e9gicas Nacionales e Internacionales, entre los que se encuentran los convenios firmados\u00a0 con diferentes naciones.<\/p>\n<p style=\"font-weight: 400; text-align: justify;\"><strong>Prensa Mppee\u00a0<\/strong><\/p>\n","protected":false},"excerpt":{"rendered":"<p>El Plan Estrat\u00e9gico del Ministerio del Poder Popular para la Energ\u00eda El\u00e9ctrica en el 2023, est\u00e1 conformado por 10 l\u00edneas<\/p>\n","protected":false},"author":12,"featured_media":88404,"comment_status":"open","ping_status":"open","sticky":false,"template":"","format":"standard","meta":{"footnotes":""},"categories":[1],"tags":[11],"class_list":["post-88402","post","type-post","status-publish","format-standard","has-post-thumbnail","hentry","category-mppee","tag-mppee"],"_links":{"self":[{"href":"https:\/\/mppee.gob.ve\/index.php?rest_route=\/wp\/v2\/posts\/88402","targetHints":{"allow":["GET"]}}],"collection":[{"href":"https:\/\/mppee.gob.ve\/index.php?rest_route=\/wp\/v2\/posts"}],"about":[{"href":"https:\/\/mppee.gob.ve\/index.php?rest_route=\/wp\/v2\/types\/post"}],"author":[{"embeddable":true,"href":"https:\/\/mppee.gob.ve\/index.php?rest_route=\/wp\/v2\/users\/12"}],"replies":[{"embeddable":true,"href":"https:\/\/mppee.gob.ve\/index.php?rest_route=%2Fwp%2Fv2%2Fcomments&post=88402"}],"version-history":[{"count":1,"href":"https:\/\/mppee.gob.ve\/index.php?rest_route=\/wp\/v2\/posts\/88402\/revisions"}],"predecessor-version":[{"id":88406,"href":"https:\/\/mppee.gob.ve\/index.php?rest_route=\/wp\/v2\/posts\/88402\/revisions\/88406"}],"wp:featuredmedia":[{"embeddable":true,"href":"https:\/\/mppee.gob.ve\/index.php?rest_route=\/wp\/v2\/media\/88404"}],"wp:attachment":[{"href":"https:\/\/mppee.gob.ve\/index.php?rest_route=%2Fwp%2Fv2%2Fmedia&parent=88402"}],"wp:term":[{"taxonomy":"category","embeddable":true,"href":"https:\/\/mppee.gob.ve\/index.php?rest_route=%2Fwp%2Fv2%2Fcategories&post=88402"},{"taxonomy":"post_tag","embeddable":true,"href":"https:\/\/mppee.gob.ve\/index.php?rest_route=%2Fwp%2Fv2%2Ftags&post=88402"}],"curies":[{"name":"wp","href":"https:\/\/api.w.org\/{rel}","templated":true}]}}