{"id":88414,"date":"2022-12-21T22:54:07","date_gmt":"2022-12-21T22:54:07","guid":{"rendered":"http:\/\/10.200.87.50\/mppee\/?p=88414"},"modified":"2022-12-21T22:59:30","modified_gmt":"2022-12-21T22:59:30","slug":"benefician-a-mas-de-60-usuarios-con-la-instalacion-de-medidores-en-el-estado-la-guaira","status":"publish","type":"post","link":"https:\/\/mppee.gob.ve\/?p=88414","title":{"rendered":"Benefician a m\u00e1s de 60 usuarios con la instalaci\u00f3n de medidores en el estado La Guaira"},"content":{"rendered":"<p style=\"text-align: justify;\"><img loading=\"lazy\" decoding=\"async\" class=\"size-medium wp-image-88423 alignleft\" src=\"http:\/\/10.200.87.50\/mppee\/wp-content\/uploads\/2022\/12\/Benefician-a-m\u00e1s-de-60-usuarios-con-la-instalaci\u00f3n-de-medidores-en-el-estado-La-Guaira-6-300x249.jpg\" alt=\"\" width=\"300\" height=\"249\" srcset=\"https:\/\/mppee.gob.ve\/wp-content\/uploads\/2022\/12\/Benefician-a-m\u00e1s-de-60-usuarios-con-la-instalaci\u00f3n-de-medidores-en-el-estado-La-Guaira-6-300x249.jpg 300w, https:\/\/mppee.gob.ve\/wp-content\/uploads\/2022\/12\/Benefician-a-m\u00e1s-de-60-usuarios-con-la-instalaci\u00f3n-de-medidores-en-el-estado-La-Guaira-6-768x638.jpg 768w, https:\/\/mppee.gob.ve\/wp-content\/uploads\/2022\/12\/Benefician-a-m\u00e1s-de-60-usuarios-con-la-instalaci\u00f3n-de-medidores-en-el-estado-La-Guaira-6.jpg 842w\" sizes=\"auto, (max-width: 300px) 100vw, 300px\" \/>La Corporaci\u00f3n El\u00e9ctrica Nacional (Corpoelec) instal\u00f3 medidores a m\u00e1s de 60 usuarios de la parroquia Caraballeda, en el estado La Guaira.<\/p>\n<p style=\"text-align: justify;\">La informaci\u00f3n la dio a conocer el vicepresidente Sectorial de Obras P\u00fablicas y Servicios, G\/J N\u00e9stor Reverol, a trav\u00e9s de su cuenta oficial en la red social Instagram.<\/p>\n<p style=\"text-align: justify;\">Durante un video publicado en @reverolnestor, el gerente estadal de Comercializaci\u00f3n de Corpoelec, Oswaldo Oduber, precis\u00f3 que esta acci\u00f3n forma parte del Plan Nacional de Instalaci\u00f3n de Medidores en el territorio nacional.<\/p>\n<p style=\"text-align: justify;\"><strong>\u00abEl objetivo es garantizar el correcto registro de consumo el\u00e9ctrico y la incorporaci\u00f3n de nuevos usuarios a la base de datos, con la instalaci\u00f3n de los medidores\u201d<\/strong>, expres\u00f3 Oduber.<\/p>\n<p style=\"text-align: justify;\"><img loading=\"lazy\" decoding=\"async\" class=\"size-medium wp-image-88422 alignright\" src=\"http:\/\/10.200.87.50\/mppee\/wp-content\/uploads\/2022\/12\/Benefician-a-m\u00e1s-de-60-usuarios-con-la-instalaci\u00f3n-de-medidores-en-el-estado-La-Guaira-5-300x244.jpg\" alt=\"\" width=\"300\" height=\"244\" srcset=\"https:\/\/mppee.gob.ve\/wp-content\/uploads\/2022\/12\/Benefician-a-m\u00e1s-de-60-usuarios-con-la-instalaci\u00f3n-de-medidores-en-el-estado-La-Guaira-5-300x244.jpg 300w, https:\/\/mppee.gob.ve\/wp-content\/uploads\/2022\/12\/Benefician-a-m\u00e1s-de-60-usuarios-con-la-instalaci\u00f3n-de-medidores-en-el-estado-La-Guaira-5-768x626.jpg 768w, https:\/\/mppee.gob.ve\/wp-content\/uploads\/2022\/12\/Benefician-a-m\u00e1s-de-60-usuarios-con-la-instalaci\u00f3n-de-medidores-en-el-estado-La-Guaira-5.jpg 859w\" sizes=\"auto, (max-width: 300px) 100vw, 300px\" \/>Estos equipos tienen la funci\u00f3n de medir la cantidad de energ\u00eda el\u00e9ctrica utilizada en una l\u00ednea durante un periodo de tiempo.<\/p>\n<p style=\"text-align: justify;\">Al respecto, Yanina Sabala, residente del edificio San Miguel Arc\u00e1ngel, agradeci\u00f3 a Corpoelec y al presidente de la Rep\u00fablica, Nicol\u00e1s Maduro, por la atenci\u00f3n que le brindaron. <strong>\u00abAhora tendremos nuestros medidores para pagar el servicio\u00bb,<\/strong> enfatiz\u00f3.<\/p>\n<p style=\"text-align: justify;\">Para Jimmy Hern\u00e1ndez, la instalaci\u00f3n de estos equipos aumenta la calidad en la atenci\u00f3n a los clientes en su comercio, porque <strong>\u00abmejorar\u00e1 el funcionamiento de los puntos de ventas, los pesos y la electricidad del local\u00bb<\/strong>, asegur\u00f3.<\/p>\n<p style=\"text-align: justify;\">Por su parte, Liz P\u00e9rez destac\u00f3 la rapidez con la que fue atendida la solicitud que hizo en una campa\u00f1a de la Estatal El\u00e9ctrica en esta zona costera.<\/p>\n<p style=\"text-align: justify;\">\n<strong>Prensa Mppee<\/strong><\/p>\n<p style=\"text-align: justify;\">\n","protected":false},"excerpt":{"rendered":"<p>La Corporaci\u00f3n El\u00e9ctrica Nacional (Corpoelec) instal\u00f3 medidores a m\u00e1s de 60 usuarios de la parroquia Caraballeda, en el estado La<\/p>\n","protected":false},"author":12,"featured_media":88418,"comment_status":"open","ping_status":"open","sticky":false,"template":"","format":"standard","meta":{"footnotes":""},"categories":[30],"tags":[11],"class_list":["post-88414","post","type-post","status-publish","format-standard","has-post-thumbnail","hentry","category-regionales","tag-mppee"],"_links":{"self":[{"href":"https:\/\/mppee.gob.ve\/index.php?rest_route=\/wp\/v2\/posts\/88414","targetHints":{"allow":["GET"]}}],"collection":[{"href":"https:\/\/mppee.gob.ve\/index.php?rest_route=\/wp\/v2\/posts"}],"about":[{"href":"https:\/\/mppee.gob.ve\/index.php?rest_route=\/wp\/v2\/types\/post"}],"author":[{"embeddable":true,"href":"https:\/\/mppee.gob.ve\/index.php?rest_route=\/wp\/v2\/users\/12"}],"replies":[{"embeddable":true,"href":"https:\/\/mppee.gob.ve\/index.php?rest_route=%2Fwp%2Fv2%2Fcomments&post=88414"}],"version-history":[{"count":2,"href":"https:\/\/mppee.gob.ve\/index.php?rest_route=\/wp\/v2\/posts\/88414\/revisions"}],"predecessor-version":[{"id":88424,"href":"https:\/\/mppee.gob.ve\/index.php?rest_route=\/wp\/v2\/posts\/88414\/revisions\/88424"}],"wp:featuredmedia":[{"embeddable":true,"href":"https:\/\/mppee.gob.ve\/index.php?rest_route=\/wp\/v2\/media\/88418"}],"wp:attachment":[{"href":"https:\/\/mppee.gob.ve\/index.php?rest_route=%2Fwp%2Fv2%2Fmedia&parent=88414"}],"wp:term":[{"taxonomy":"category","embeddable":true,"href":"https:\/\/mppee.gob.ve\/index.php?rest_route=%2Fwp%2Fv2%2Fcategories&post=88414"},{"taxonomy":"post_tag","embeddable":true,"href":"https:\/\/mppee.gob.ve\/index.php?rest_route=%2Fwp%2Fv2%2Ftags&post=88414"}],"curies":[{"name":"wp","href":"https:\/\/api.w.org\/{rel}","templated":true}]}}