{"id":88468,"date":"2023-01-05T12:54:00","date_gmt":"2023-01-05T12:54:00","guid":{"rendered":"http:\/\/10.200.87.50\/mppee\/?p=88468"},"modified":"2023-01-09T13:00:00","modified_gmt":"2023-01-09T13:00:00","slug":"evaluan-plan-estrategico-de-la-vicepresidencia-sectorial-de-obras-publicas-y-servicios-para-el-2023","status":"publish","type":"post","link":"https:\/\/mppee.gob.ve\/?p=88468","title":{"rendered":"Eval\u00faan Plan Estrat\u00e9gico de la Vicepresidencia Sectorial de Obras P\u00fablicas y Servicios para el 2023"},"content":{"rendered":"<p style=\"text-align: justify;\"><img loading=\"lazy\" decoding=\"async\" class=\"size-medium wp-image-88471 alignleft\" src=\"http:\/\/10.200.87.50\/mppee\/wp-content\/uploads\/2023\/01\/Eval\u00faan-Plan-Estrat\u00e9gico-de-la-Vicepresidencia-Sectorial-de-Obras-P\u00fablicas-y-Servicios-para-el-2023-3-300x200.jpg\" alt=\"\" width=\"300\" height=\"200\" srcset=\"https:\/\/mppee.gob.ve\/wp-content\/uploads\/2023\/01\/Eval\u00faan-Plan-Estrat\u00e9gico-de-la-Vicepresidencia-Sectorial-de-Obras-P\u00fablicas-y-Servicios-para-el-2023-3-300x200.jpg 300w, https:\/\/mppee.gob.ve\/wp-content\/uploads\/2023\/01\/Eval\u00faan-Plan-Estrat\u00e9gico-de-la-Vicepresidencia-Sectorial-de-Obras-P\u00fablicas-y-Servicios-para-el-2023-3-1024x683.jpg 1024w, https:\/\/mppee.gob.ve\/wp-content\/uploads\/2023\/01\/Eval\u00faan-Plan-Estrat\u00e9gico-de-la-Vicepresidencia-Sectorial-de-Obras-P\u00fablicas-y-Servicios-para-el-2023-3-768x512.jpg 768w, https:\/\/mppee.gob.ve\/wp-content\/uploads\/2023\/01\/Eval\u00faan-Plan-Estrat\u00e9gico-de-la-Vicepresidencia-Sectorial-de-Obras-P\u00fablicas-y-Servicios-para-el-2023-3.jpg 1080w\" sizes=\"auto, (max-width: 300px) 100vw, 300px\" \/>Los ministros y presidentes de entes adscritos que integran la Vicepresidencia Sectorial de Obras P\u00fablicas y Servicios (Vsops) se reunieron este jueves en la sede principal del Ministerio del Poder Popular para la Energ\u00eda El\u00e9ctrica (Mppee) en Caracas, donde evaluaron el Plan Estrat\u00e9gico del \u00f3rgano para el 2023.<\/p>\n<p>As\u00ed lo inform\u00f3 el vicepresidente Sectorial, G\/J N\u00e9stor Reverol, quien afirm\u00f3 que este plan tiene el objetivo de consolidar a\u00fan m\u00e1s los servicios p\u00fablicos en el pa\u00eds.<\/p>\n<p>El General en Jefe destac\u00f3 que para este a\u00f1o se enfocar\u00e1n en dos pilares fundamentales: el primero es el Sistema del 1&#215;10 del Buen Gobierno, impulsado por el presidente de la Rep\u00fablica, Nicol\u00e1s Maduro, que a la fecha ha atendido el 80% de los reportes presentados por los venezolanos.<\/p>\n<p><strong><img loading=\"lazy\" decoding=\"async\" class=\"size-medium wp-image-88470 alignright\" src=\"http:\/\/10.200.87.50\/mppee\/wp-content\/uploads\/2023\/01\/Eval\u00faan-Plan-Estrat\u00e9gico-de-la-Vicepresidencia-Sectorial-de-Obras-P\u00fablicas-y-Servicios-para-el-2023-2-300x235.jpg\" alt=\"\" width=\"300\" height=\"235\" srcset=\"https:\/\/mppee.gob.ve\/wp-content\/uploads\/2023\/01\/Eval\u00faan-Plan-Estrat\u00e9gico-de-la-Vicepresidencia-Sectorial-de-Obras-P\u00fablicas-y-Servicios-para-el-2023-2-300x235.jpg 300w, https:\/\/mppee.gob.ve\/wp-content\/uploads\/2023\/01\/Eval\u00faan-Plan-Estrat\u00e9gico-de-la-Vicepresidencia-Sectorial-de-Obras-P\u00fablicas-y-Servicios-para-el-2023-2-1024x802.jpg 1024w, https:\/\/mppee.gob.ve\/wp-content\/uploads\/2023\/01\/Eval\u00faan-Plan-Estrat\u00e9gico-de-la-Vicepresidencia-Sectorial-de-Obras-P\u00fablicas-y-Servicios-para-el-2023-2-768x602.jpg 768w, https:\/\/mppee.gob.ve\/wp-content\/uploads\/2023\/01\/Eval\u00faan-Plan-Estrat\u00e9gico-de-la-Vicepresidencia-Sectorial-de-Obras-P\u00fablicas-y-Servicios-para-el-2023-2.jpg 1080w\" sizes=\"auto, (max-width: 300px) 100vw, 300px\" \/>\u201cPero no estamos conformes con eso (\u2026) por lo que estamos dise\u00f1ando estrategias para seguir avanzando en el porcentaje de atenci\u00f3n a nuestro pueblo\u201d<\/strong>, enfatiz\u00f3 el vicepresidente Reverol.<\/p>\n<p>Precis\u00f3 que el segundo pilar, consiste en el Mantenimiento Integral a los Sistemas y los Proyectos estructurales de cada uno de los ministerios y entes que integran la Vsops.<\/p>\n<p><strong>\u201cProyectos que est\u00e1n en desarrollo (\u2026) as\u00ed como el mantenimiento a los diferentes sistemas: el\u00e9ctrico, hidrol\u00f3gico, maquinaria de obras p\u00fablicas, transporte terrestre masivo, entre otros, tanto en materia correctiva como preventiva\u201d<\/strong>, explic\u00f3 el tambi\u00e9n titular del Mppee.<\/p>\n<p><img loading=\"lazy\" decoding=\"async\" class=\"size-medium wp-image-88469 alignleft\" src=\"http:\/\/10.200.87.50\/mppee\/wp-content\/uploads\/2023\/01\/Eval\u00faan-Plan-Estrat\u00e9gico-de-la-Vicepresidencia-Sectorial-de-Obras-P\u00fablicas-y-Servicios-para-el-2023-1-300x224.jpg\" alt=\"\" width=\"300\" height=\"224\" \/>Asegur\u00f3 que para cumplir con este Plan Estrat\u00e9gico de la Vicepresidencia Sectorial de Obras P\u00fablicas y Servicios, cuenta con profesionales que ser\u00e1n capaces de continuar enfrentando los desaf\u00edos que surjan en esta nueva etapa.<\/p>\n<p><strong>\u201cLos vamos a enfrentar con mucha sabidur\u00eda, inteligencia y profesionalismo, y estoy seguro que los venceremos\u201d<\/strong>, concluy\u00f3.<\/p>\n<p><strong>Prensa Mppee<\/strong><\/p>\n","protected":false},"excerpt":{"rendered":"<p>Los ministros y presidentes de entes adscritos que integran la Vicepresidencia Sectorial de Obras P\u00fablicas y Servicios (Vsops) se reunieron<\/p>\n","protected":false},"author":12,"featured_media":88472,"comment_status":"open","ping_status":"open","sticky":false,"template":"","format":"standard","meta":{"footnotes":""},"categories":[15],"tags":[11],"class_list":["post-88468","post","type-post","status-publish","format-standard","has-post-thumbnail","hentry","category-nacionales","tag-mppee"],"_links":{"self":[{"href":"https:\/\/mppee.gob.ve\/index.php?rest_route=\/wp\/v2\/posts\/88468","targetHints":{"allow":["GET"]}}],"collection":[{"href":"https:\/\/mppee.gob.ve\/index.php?rest_route=\/wp\/v2\/posts"}],"about":[{"href":"https:\/\/mppee.gob.ve\/index.php?rest_route=\/wp\/v2\/types\/post"}],"author":[{"embeddable":true,"href":"https:\/\/mppee.gob.ve\/index.php?rest_route=\/wp\/v2\/users\/12"}],"replies":[{"embeddable":true,"href":"https:\/\/mppee.gob.ve\/index.php?rest_route=%2Fwp%2Fv2%2Fcomments&post=88468"}],"version-history":[{"count":1,"href":"https:\/\/mppee.gob.ve\/index.php?rest_route=\/wp\/v2\/posts\/88468\/revisions"}],"predecessor-version":[{"id":88473,"href":"https:\/\/mppee.gob.ve\/index.php?rest_route=\/wp\/v2\/posts\/88468\/revisions\/88473"}],"wp:featuredmedia":[{"embeddable":true,"href":"https:\/\/mppee.gob.ve\/index.php?rest_route=\/wp\/v2\/media\/88472"}],"wp:attachment":[{"href":"https:\/\/mppee.gob.ve\/index.php?rest_route=%2Fwp%2Fv2%2Fmedia&parent=88468"}],"wp:term":[{"taxonomy":"category","embeddable":true,"href":"https:\/\/mppee.gob.ve\/index.php?rest_route=%2Fwp%2Fv2%2Fcategories&post=88468"},{"taxonomy":"post_tag","embeddable":true,"href":"https:\/\/mppee.gob.ve\/index.php?rest_route=%2Fwp%2Fv2%2Ftags&post=88468"}],"curies":[{"name":"wp","href":"https:\/\/api.w.org\/{rel}","templated":true}]}}