{"id":88548,"date":"2023-01-17T23:09:27","date_gmt":"2023-01-17T23:09:27","guid":{"rendered":"http:\/\/10.200.87.50\/mppee\/?p=88548"},"modified":"2023-01-17T23:09:28","modified_gmt":"2023-01-17T23:09:28","slug":"vicepresidentes-sectoriales-debaten-las-siete-lineas-de-trabajo-para-el-ano-2023","status":"publish","type":"post","link":"https:\/\/mppee.gob.ve\/?p=88548","title":{"rendered":"Vicepresidentes Sectoriales debaten las siete l\u00edneas de trabajo para el a\u00f1o 2023"},"content":{"rendered":"\n<p>Prensa Mppee- (Caracas 17\/01\/2022).-El <strong>Vicepresidente Sectorial de Obras P\u00fablicas y Servicios, G\/J N\u00e9stor\nReverol<\/strong>, particip\u00f3 la tarde de este martes en la acostumbrada reuni\u00f3n del <strong>Consejo de Vicepresidentes Sectoriales <\/strong>que\nestuvo liderada por la <strong>Vicepresidenta\nEjecutiva de la Rep\u00fablica, Delcy Rodr\u00edguez.<\/strong><\/p>\n\n\n\n<p>En ese sentido, el General en Jefe destac\u00f3 a trav\u00e9s de una\npublicaci\u00f3n en su cuenta de Instagram que durante el encuentro se discutieron\nlas <strong>siete l\u00edneas estrat\u00e9gicas <\/strong>dise\u00f1adas\npor el presidente de la Rep\u00fablica Bolivariana de Venezuela, <strong>Nicol\u00e1s Maduro<\/strong>, que guiar\u00e1n el accionar\ndel Gobierno Bolivariano durante este a\u00f1o 2023.<\/p>\n\n\n\n<p>El tambi\u00e9n <strong>Ministro\ndel Poder Popular para la Energ\u00eda El\u00e9ctrica<\/strong> igualmente precis\u00f3 que se\ndebatieron&nbsp; la consolidaci\u00f3n y expansi\u00f3n\ndel m\u00e9todo <strong>1&#215;10 del Buen Gobierno y las\nBrigadas Comunitarias-Militares para la Educaci\u00f3n (Bricomiles),<\/strong> para\ngarantizar la m\u00e1xima eficiencia en la prestaci\u00f3n de los servicios p\u00fablicos con\nacciones integrales.<\/p>\n\n\n\n<p>&nbsp;\u201cTambi\u00e9n se revisaron\nlos proyectos presentados ante el Consejo Federal de Gobierno, vinculados a las\npol\u00edticas p\u00fablicas que responden a las prioridades de las regiones. Nos mantenemos\nen evaluaci\u00f3n permanente de todas las \u00e1reas de servicios p\u00fablicos como lo ha\ninstruido el Jefe de Estado\u201d, precis\u00f3.<\/p>\n\n\n\n<p>&nbsp;Vale recordar que el <strong>Presidente Maduro<\/strong> activ\u00f3 recientemente\nel Gobierno de las Siete L\u00edneas de Calle. En ese contexto, exhort\u00f3 a todos los\nsectores del pa\u00eds a estudiar estas l\u00edneas de trabajo y actuar con una sola\nvisi\u00f3n de pa\u00eds.<\/p>\n\n\n\n<p><strong>A continuaci\u00f3n las\nSiete L\u00edneas de trabajo:<\/strong><\/p>\n\n\n\n<p>1.- Consolidar el crecimiento econ\u00f3mico con Igualdad:\nTransformar las condiciones materiales a favor de la equidad, la igualdad y a\ninclusi\u00f3n, produciendo riquezas para distribuirlas con justicia.<\/p>\n\n\n\n<p>2.- Expandir la protecci\u00f3n social: Consolidar el crecimiento\necon\u00f3mico en funci\u00f3n de mejorar los programas de protecci\u00f3n a las V\u00edctimas del\nBloqueo y sectores m\u00e1s vulnerables para erradicar la pobreza.<\/p>\n\n\n\n<p>3.- Ampliar la presencia del Poder Popular: Avivar la\nparticipaci\u00f3n y el protagonismo de nuestro pueblo organizado. En la dimensi\u00f3n\ndel socialismo en lo territorial, para la reactivaci\u00f3n de la econom\u00eda real y la\nrepolitizaci\u00f3n positiva del pa\u00eds para la construcci\u00f3n de soluciones reales.<\/p>\n\n\n\n<p>4.- Consolidar la seguridad integral de la Naci\u00f3n y\ngarantizar la justicia: Fortalecer las buenas pr\u00e1cticas en materia de\nprotecci\u00f3n ciudadana, acorde con nuestra doctrina de seguridad ciudadana y\nterritorial, en el contexto de la cultura de paz cada vez m\u00e1s cercana al\npueblo.<\/p>\n\n\n\n<p>5.- Consolidar y expandir el m\u00e9todo 1\u00d710 del Buen Gobierno y\nlas Bricomiles: A todos los servicios p\u00fablicos para garantizar la m\u00e1xima\neficiencia en la gesti\u00f3n.<\/p>\n\n\n\n<p>6.- Avanzar en la independencia integral y la\ndescolonizaci\u00f3n de Venezuela: Construir la independencia econ\u00f3mica, tecnol\u00f3gica\ny cultural de nuestra Patria bajo criterios nuevos que rompan con la ideolog\u00eda\ncolonial, teniendo como principal objetivo la Defensa del Territorio de la\nGuayana Esequiba.<\/p>\n\n\n\n<p>7.- Consolidar la Patria Grande: Impulsar este nuevo momento\nestelar de resurgimiento de los gobiernos progresistas a la vida de nuestra\nPatria Grande latinoamericana, frente a la gigantesca agresi\u00f3n imperialista y\nde agresi\u00f3n que vive nuestro continente.<\/p>\n\n\n\n<p>Prensa Mppee<\/p>\n","protected":false},"excerpt":{"rendered":"<p>Prensa Mppee- (Caracas 17\/01\/2022).-El Vicepresidente Sectorial de Obras P\u00fablicas y Servicios, G\/J N\u00e9stor Reverol, particip\u00f3 la tarde de este martes<\/p>\n","protected":false},"author":22,"featured_media":88549,"comment_status":"open","ping_status":"open","sticky":false,"template":"","format":"standard","meta":{"footnotes":""},"categories":[15],"tags":[],"class_list":["post-88548","post","type-post","status-publish","format-standard","has-post-thumbnail","hentry","category-nacionales"],"_links":{"self":[{"href":"https:\/\/mppee.gob.ve\/index.php?rest_route=\/wp\/v2\/posts\/88548","targetHints":{"allow":["GET"]}}],"collection":[{"href":"https:\/\/mppee.gob.ve\/index.php?rest_route=\/wp\/v2\/posts"}],"about":[{"href":"https:\/\/mppee.gob.ve\/index.php?rest_route=\/wp\/v2\/types\/post"}],"author":[{"embeddable":true,"href":"https:\/\/mppee.gob.ve\/index.php?rest_route=\/wp\/v2\/users\/22"}],"replies":[{"embeddable":true,"href":"https:\/\/mppee.gob.ve\/index.php?rest_route=%2Fwp%2Fv2%2Fcomments&post=88548"}],"version-history":[{"count":1,"href":"https:\/\/mppee.gob.ve\/index.php?rest_route=\/wp\/v2\/posts\/88548\/revisions"}],"predecessor-version":[{"id":88550,"href":"https:\/\/mppee.gob.ve\/index.php?rest_route=\/wp\/v2\/posts\/88548\/revisions\/88550"}],"wp:featuredmedia":[{"embeddable":true,"href":"https:\/\/mppee.gob.ve\/index.php?rest_route=\/wp\/v2\/media\/88549"}],"wp:attachment":[{"href":"https:\/\/mppee.gob.ve\/index.php?rest_route=%2Fwp%2Fv2%2Fmedia&parent=88548"}],"wp:term":[{"taxonomy":"category","embeddable":true,"href":"https:\/\/mppee.gob.ve\/index.php?rest_route=%2Fwp%2Fv2%2Fcategories&post=88548"},{"taxonomy":"post_tag","embeddable":true,"href":"https:\/\/mppee.gob.ve\/index.php?rest_route=%2Fwp%2Fv2%2Ftags&post=88548"}],"curies":[{"name":"wp","href":"https:\/\/api.w.org\/{rel}","templated":true}]}}