{"id":88552,"date":"2023-01-18T13:26:00","date_gmt":"2023-01-18T13:26:00","guid":{"rendered":"http:\/\/10.200.87.50\/mppee\/?p=88552"},"modified":"2023-01-19T13:32:54","modified_gmt":"2023-01-19T13:32:54","slug":"estadio-de-beisbol-latigo-chavez-contara-con-novedoso-sistema-de-iluminacion-de-tecnologia-led","status":"publish","type":"post","link":"https:\/\/mppee.gob.ve\/?p=88552","title":{"rendered":"Estadio de b\u00e9isbol L\u00e1tigo Ch\u00e1vez contar\u00e1 con novedoso sistema de iluminaci\u00f3n de tecnolog\u00eda LED"},"content":{"rendered":"<p style=\"text-align: justify;\"><img loading=\"lazy\" decoding=\"async\" class=\"size-medium wp-image-88560 alignleft\" src=\"http:\/\/10.200.87.50\/mppee\/wp-content\/uploads\/2023\/01\/Estadio-de-b\u00e9isbol-L\u00e1tigo-Ch\u00e1vez-contar\u00e1-con-novedoso-sistema-de-iluminaci\u00f3n-de-tecnolog\u00eda-LED-8-300x200.jpg\" alt=\"\" width=\"300\" height=\"200\" srcset=\"https:\/\/mppee.gob.ve\/wp-content\/uploads\/2023\/01\/Estadio-de-b\u00e9isbol-L\u00e1tigo-Ch\u00e1vez-contar\u00e1-con-novedoso-sistema-de-iluminaci\u00f3n-de-tecnolog\u00eda-LED-8-300x200.jpg 300w, https:\/\/mppee.gob.ve\/wp-content\/uploads\/2023\/01\/Estadio-de-b\u00e9isbol-L\u00e1tigo-Ch\u00e1vez-contar\u00e1-con-novedoso-sistema-de-iluminaci\u00f3n-de-tecnolog\u00eda-LED-8-1024x682.jpg 1024w, https:\/\/mppee.gob.ve\/wp-content\/uploads\/2023\/01\/Estadio-de-b\u00e9isbol-L\u00e1tigo-Ch\u00e1vez-contar\u00e1-con-novedoso-sistema-de-iluminaci\u00f3n-de-tecnolog\u00eda-LED-8-768x512.jpg 768w, https:\/\/mppee.gob.ve\/wp-content\/uploads\/2023\/01\/Estadio-de-b\u00e9isbol-L\u00e1tigo-Ch\u00e1vez-contar\u00e1-con-novedoso-sistema-de-iluminaci\u00f3n-de-tecnolog\u00eda-LED-8.jpg 1280w\" sizes=\"auto, (max-width: 300px) 100vw, 300px\" \/>El Vicepresidente Sectorial de Obras P\u00fablicas y Servicios, G\/J N\u00e9stor Reverol, supervis\u00f3 la noche de este mi\u00e9rcoles las instalaciones del nuevo estadio de b\u00e9isbol L\u00e1tigo Ch\u00e1vez, ubicado en La Rinconada en Caracas.<\/p>\n<p>La informaci\u00f3n la dio a conocer el General en Jefe a trav\u00e9s de su cuenta oficial en la red social Instagram @reverolnestor, donde destac\u00f3 que estuvo acompa\u00f1ado por los Ministros y presidentes de entes que integran la Vicepresidencia de Obras P\u00fablicas y Servicios.<\/p>\n<p>En ese contexto, record\u00f3 que este estadio ser\u00e1 una de las sedes de la sexag\u00e9sima quinta edici\u00f3n de la Serie del Caribe, que arrancar\u00e1 el pr\u00f3ximo dos de febrero en el pa\u00eds.<\/p>\n<p><img loading=\"lazy\" decoding=\"async\" class=\"size-medium wp-image-88559 alignright\" src=\"http:\/\/10.200.87.50\/mppee\/wp-content\/uploads\/2023\/01\/Estadio-de-b\u00e9isbol-L\u00e1tigo-Ch\u00e1vez-contar\u00e1-con-novedoso-sistema-de-iluminaci\u00f3n-de-tecnolog\u00eda-LED-7-300x200.jpg\" alt=\"\" width=\"300\" height=\"200\" srcset=\"https:\/\/mppee.gob.ve\/wp-content\/uploads\/2023\/01\/Estadio-de-b\u00e9isbol-L\u00e1tigo-Ch\u00e1vez-contar\u00e1-con-novedoso-sistema-de-iluminaci\u00f3n-de-tecnolog\u00eda-LED-7-300x200.jpg 300w, https:\/\/mppee.gob.ve\/wp-content\/uploads\/2023\/01\/Estadio-de-b\u00e9isbol-L\u00e1tigo-Ch\u00e1vez-contar\u00e1-con-novedoso-sistema-de-iluminaci\u00f3n-de-tecnolog\u00eda-LED-7-1024x682.jpg 1024w, https:\/\/mppee.gob.ve\/wp-content\/uploads\/2023\/01\/Estadio-de-b\u00e9isbol-L\u00e1tigo-Ch\u00e1vez-contar\u00e1-con-novedoso-sistema-de-iluminaci\u00f3n-de-tecnolog\u00eda-LED-7-768x512.jpg 768w, https:\/\/mppee.gob.ve\/wp-content\/uploads\/2023\/01\/Estadio-de-b\u00e9isbol-L\u00e1tigo-Ch\u00e1vez-contar\u00e1-con-novedoso-sistema-de-iluminaci\u00f3n-de-tecnolog\u00eda-LED-7.jpg 1280w\" sizes=\"auto, (max-width: 300px) 100vw, 300px\" \/>El tambi\u00e9n ministro del Poder Popular para la Energ\u00eda El\u00e9ctrica asever\u00f3 que este recinto deportivo tiene un aforo para m\u00e1s de 35 mil personas y contar\u00e1 con un sistema de iluminaci\u00f3n de luces Led que ser\u00e1 alimentado desde la subestaci\u00f3n el\u00e9ctrica Coche, que puso en servicio una cuarta unidad y celdas especiales exclusivas, adem\u00e1s de un transformador de potencia de 36 MVA.<\/p>\n<p><strong>\u00abEstas adecuaciones garantizan la confiabilidad del servicio tanto para estadio como para la comunidad de El Valle, Fuerte Tiuna y Coche\u00bb<\/strong>, afirm\u00f3 Reverol.<\/p>\n<p><img loading=\"lazy\" decoding=\"async\" class=\"size-medium wp-image-88558 alignleft\" src=\"http:\/\/10.200.87.50\/mppee\/wp-content\/uploads\/2023\/01\/Estadio-de-b\u00e9isbol-L\u00e1tigo-Ch\u00e1vez-contar\u00e1-con-novedoso-sistema-de-iluminaci\u00f3n-de-tecnolog\u00eda-LED-6-300x200.jpg\" alt=\"\" width=\"300\" height=\"200\" srcset=\"https:\/\/mppee.gob.ve\/wp-content\/uploads\/2023\/01\/Estadio-de-b\u00e9isbol-L\u00e1tigo-Ch\u00e1vez-contar\u00e1-con-novedoso-sistema-de-iluminaci\u00f3n-de-tecnolog\u00eda-LED-6-300x200.jpg 300w, https:\/\/mppee.gob.ve\/wp-content\/uploads\/2023\/01\/Estadio-de-b\u00e9isbol-L\u00e1tigo-Ch\u00e1vez-contar\u00e1-con-novedoso-sistema-de-iluminaci\u00f3n-de-tecnolog\u00eda-LED-6-768x512.jpg 768w, https:\/\/mppee.gob.ve\/wp-content\/uploads\/2023\/01\/Estadio-de-b\u00e9isbol-L\u00e1tigo-Ch\u00e1vez-contar\u00e1-con-novedoso-sistema-de-iluminaci\u00f3n-de-tecnolog\u00eda-LED-6.jpg 1024w\" sizes=\"auto, (max-width: 300px) 100vw, 300px\" \/>Por otra parte, comunic\u00f3 que se revisaron cada una de las \u00e1reas de responsabilidad y los trabajos realizados en este novedoso espacio deportivo que alcanzan cerca del 100% de ejecuci\u00f3n.<\/p>\n<p>Vale recordar que el estadio de b\u00e9isbol L\u00e1tigo Ch\u00e1vez es un proyecto en ejecuci\u00f3n aprobado por el presidente de la Rep\u00fablica Bolivariana de Venezuela, Nicol\u00e1s Maduro, como parte del parque con el mismo nombre, que tambi\u00e9n incluye un estadio de f\u00fatbol.<\/p>\n<p><strong>Prensa Mppee<\/strong><\/p>\n<div class=\"adL\"><img loading=\"lazy\" decoding=\"async\" class=\"alignnone wp-image-88557 size-full\" src=\"http:\/\/10.200.87.50\/mppee\/wp-content\/uploads\/2023\/01\/Estadio-de-b\u00e9isbol-L\u00e1tigo-Ch\u00e1vez-contar\u00e1-con-novedoso-sistema-de-iluminaci\u00f3n-de-tecnolog\u00eda-LED-5.jpg\" alt=\"\" width=\"1024\" height=\"683\" srcset=\"https:\/\/mppee.gob.ve\/wp-content\/uploads\/2023\/01\/Estadio-de-b\u00e9isbol-L\u00e1tigo-Ch\u00e1vez-contar\u00e1-con-novedoso-sistema-de-iluminaci\u00f3n-de-tecnolog\u00eda-LED-5.jpg 1024w, https:\/\/mppee.gob.ve\/wp-content\/uploads\/2023\/01\/Estadio-de-b\u00e9isbol-L\u00e1tigo-Ch\u00e1vez-contar\u00e1-con-novedoso-sistema-de-iluminaci\u00f3n-de-tecnolog\u00eda-LED-5-300x200.jpg 300w, https:\/\/mppee.gob.ve\/wp-content\/uploads\/2023\/01\/Estadio-de-b\u00e9isbol-L\u00e1tigo-Ch\u00e1vez-contar\u00e1-con-novedoso-sistema-de-iluminaci\u00f3n-de-tecnolog\u00eda-LED-5-768x512.jpg 768w\" sizes=\"auto, (max-width: 1024px) 100vw, 1024px\" \/> <img loading=\"lazy\" decoding=\"async\" class=\"alignnone wp-image-88556 size-full\" src=\"http:\/\/10.200.87.50\/mppee\/wp-content\/uploads\/2023\/01\/Estadio-de-b\u00e9isbol-L\u00e1tigo-Ch\u00e1vez-contar\u00e1-con-novedoso-sistema-de-iluminaci\u00f3n-de-tecnolog\u00eda-LED-4.jpg\" alt=\"\" width=\"1024\" height=\"692\" srcset=\"https:\/\/mppee.gob.ve\/wp-content\/uploads\/2023\/01\/Estadio-de-b\u00e9isbol-L\u00e1tigo-Ch\u00e1vez-contar\u00e1-con-novedoso-sistema-de-iluminaci\u00f3n-de-tecnolog\u00eda-LED-4.jpg 1024w, https:\/\/mppee.gob.ve\/wp-content\/uploads\/2023\/01\/Estadio-de-b\u00e9isbol-L\u00e1tigo-Ch\u00e1vez-contar\u00e1-con-novedoso-sistema-de-iluminaci\u00f3n-de-tecnolog\u00eda-LED-4-300x203.jpg 300w, https:\/\/mppee.gob.ve\/wp-content\/uploads\/2023\/01\/Estadio-de-b\u00e9isbol-L\u00e1tigo-Ch\u00e1vez-contar\u00e1-con-novedoso-sistema-de-iluminaci\u00f3n-de-tecnolog\u00eda-LED-4-768x519.jpg 768w\" sizes=\"auto, (max-width: 1024px) 100vw, 1024px\" \/> <img loading=\"lazy\" decoding=\"async\" class=\"alignnone wp-image-88555 size-full\" src=\"http:\/\/10.200.87.50\/mppee\/wp-content\/uploads\/2023\/01\/Estadio-de-b\u00e9isbol-L\u00e1tigo-Ch\u00e1vez-contar\u00e1-con-novedoso-sistema-de-iluminaci\u00f3n-de-tecnolog\u00eda-LED-3.jpg\" alt=\"\" width=\"1024\" height=\"683\" srcset=\"https:\/\/mppee.gob.ve\/wp-content\/uploads\/2023\/01\/Estadio-de-b\u00e9isbol-L\u00e1tigo-Ch\u00e1vez-contar\u00e1-con-novedoso-sistema-de-iluminaci\u00f3n-de-tecnolog\u00eda-LED-3.jpg 1024w, https:\/\/mppee.gob.ve\/wp-content\/uploads\/2023\/01\/Estadio-de-b\u00e9isbol-L\u00e1tigo-Ch\u00e1vez-contar\u00e1-con-novedoso-sistema-de-iluminaci\u00f3n-de-tecnolog\u00eda-LED-3-300x200.jpg 300w, https:\/\/mppee.gob.ve\/wp-content\/uploads\/2023\/01\/Estadio-de-b\u00e9isbol-L\u00e1tigo-Ch\u00e1vez-contar\u00e1-con-novedoso-sistema-de-iluminaci\u00f3n-de-tecnolog\u00eda-LED-3-768x512.jpg 768w\" sizes=\"auto, (max-width: 1024px) 100vw, 1024px\" \/> <img loading=\"lazy\" decoding=\"async\" class=\"alignnone wp-image-88554 size-full\" src=\"http:\/\/10.200.87.50\/mppee\/wp-content\/uploads\/2023\/01\/Estadio-de-b\u00e9isbol-L\u00e1tigo-Ch\u00e1vez-contar\u00e1-con-novedoso-sistema-de-iluminaci\u00f3n-de-tecnolog\u00eda-LED-2.jpg\" alt=\"\" width=\"1024\" height=\"711\" srcset=\"https:\/\/mppee.gob.ve\/wp-content\/uploads\/2023\/01\/Estadio-de-b\u00e9isbol-L\u00e1tigo-Ch\u00e1vez-contar\u00e1-con-novedoso-sistema-de-iluminaci\u00f3n-de-tecnolog\u00eda-LED-2.jpg 1024w, https:\/\/mppee.gob.ve\/wp-content\/uploads\/2023\/01\/Estadio-de-b\u00e9isbol-L\u00e1tigo-Ch\u00e1vez-contar\u00e1-con-novedoso-sistema-de-iluminaci\u00f3n-de-tecnolog\u00eda-LED-2-300x208.jpg 300w, https:\/\/mppee.gob.ve\/wp-content\/uploads\/2023\/01\/Estadio-de-b\u00e9isbol-L\u00e1tigo-Ch\u00e1vez-contar\u00e1-con-novedoso-sistema-de-iluminaci\u00f3n-de-tecnolog\u00eda-LED-2-768x533.jpg 768w, https:\/\/mppee.gob.ve\/wp-content\/uploads\/2023\/01\/Estadio-de-b\u00e9isbol-L\u00e1tigo-Ch\u00e1vez-contar\u00e1-con-novedoso-sistema-de-iluminaci\u00f3n-de-tecnolog\u00eda-LED-2-392x272.jpg 392w, https:\/\/mppee.gob.ve\/wp-content\/uploads\/2023\/01\/Estadio-de-b\u00e9isbol-L\u00e1tigo-Ch\u00e1vez-contar\u00e1-con-novedoso-sistema-de-iluminaci\u00f3n-de-tecnolog\u00eda-LED-2-130x90.jpg 130w\" sizes=\"auto, (max-width: 1024px) 100vw, 1024px\" \/><\/div>\n","protected":false},"excerpt":{"rendered":"<p>El Vicepresidente Sectorial de Obras P\u00fablicas y Servicios, G\/J N\u00e9stor Reverol, supervis\u00f3 la noche de este mi\u00e9rcoles las instalaciones del<\/p>\n","protected":false},"author":12,"featured_media":88553,"comment_status":"open","ping_status":"open","sticky":false,"template":"","format":"standard","meta":{"footnotes":""},"categories":[30],"tags":[11],"class_list":["post-88552","post","type-post","status-publish","format-standard","has-post-thumbnail","hentry","category-regionales","tag-mppee"],"_links":{"self":[{"href":"https:\/\/mppee.gob.ve\/index.php?rest_route=\/wp\/v2\/posts\/88552","targetHints":{"allow":["GET"]}}],"collection":[{"href":"https:\/\/mppee.gob.ve\/index.php?rest_route=\/wp\/v2\/posts"}],"about":[{"href":"https:\/\/mppee.gob.ve\/index.php?rest_route=\/wp\/v2\/types\/post"}],"author":[{"embeddable":true,"href":"https:\/\/mppee.gob.ve\/index.php?rest_route=\/wp\/v2\/users\/12"}],"replies":[{"embeddable":true,"href":"https:\/\/mppee.gob.ve\/index.php?rest_route=%2Fwp%2Fv2%2Fcomments&post=88552"}],"version-history":[{"count":1,"href":"https:\/\/mppee.gob.ve\/index.php?rest_route=\/wp\/v2\/posts\/88552\/revisions"}],"predecessor-version":[{"id":88561,"href":"https:\/\/mppee.gob.ve\/index.php?rest_route=\/wp\/v2\/posts\/88552\/revisions\/88561"}],"wp:featuredmedia":[{"embeddable":true,"href":"https:\/\/mppee.gob.ve\/index.php?rest_route=\/wp\/v2\/media\/88553"}],"wp:attachment":[{"href":"https:\/\/mppee.gob.ve\/index.php?rest_route=%2Fwp%2Fv2%2Fmedia&parent=88552"}],"wp:term":[{"taxonomy":"category","embeddable":true,"href":"https:\/\/mppee.gob.ve\/index.php?rest_route=%2Fwp%2Fv2%2Fcategories&post=88552"},{"taxonomy":"post_tag","embeddable":true,"href":"https:\/\/mppee.gob.ve\/index.php?rest_route=%2Fwp%2Fv2%2Ftags&post=88552"}],"curies":[{"name":"wp","href":"https:\/\/api.w.org\/{rel}","templated":true}]}}