{"id":88574,"date":"2023-01-22T13:35:00","date_gmt":"2023-01-22T13:35:00","guid":{"rendered":"http:\/\/10.200.87.50\/mppee\/?p=88574"},"modified":"2023-01-23T13:41:09","modified_gmt":"2023-01-23T13:41:09","slug":"lenny-ramirez-en-corpoelec-tengo-a-mi-segunda-familia","status":"publish","type":"post","link":"https:\/\/mppee.gob.ve\/?p=88574","title":{"rendered":"Lenny Ram\u00edrez: En Corpoelec tengo a mi segunda familia"},"content":{"rendered":"<p style=\"text-align: justify;\"><img loading=\"lazy\" decoding=\"async\" class=\"size-medium wp-image-88579 alignleft\" src=\"http:\/\/10.200.87.50\/mppee\/wp-content\/uploads\/2023\/01\/WhatsApp-Image-2023-01-22-at-11.32.26-PM-300x240.jpeg\" alt=\"\" width=\"300\" height=\"240\" \/>En la sede del Fondo Autoadministrado para la Salud del Ministerio del Poder Popular para la Energ\u00eda El\u00e9ctrica (Fasmee) en Corpoelec-El Marqu\u00e9s, la licenciada Lenny Ram\u00edrez, enfermera especialista, se encarga de dar un servicio m\u00e9dico integral a los trabajadores, trabajadoras y familiares que forman parte del sector el\u00e9ctrico.<\/p>\n<p style=\"text-align: justify;\"><strong>\u201cLa experiencia que he tenido dentro del Fasmee y Corpoelec ha sido verdaderamente amplia, he aprendido mucho en la parte del servicio m\u00e9dico, como en la parte administrativa\u201d<\/strong>, asever\u00f3 Ram\u00edrez.<\/p>\n<p style=\"text-align: justify;\">Madre de dos ni\u00f1as, logr\u00f3 equilibrar ambas facetas de su vida, ense\u00f1\u00e1ndoles a sus ni\u00f1as que <strong>\u201cel personal de enfermer\u00eda siempre debe estar ah\u00ed las 24 horas del d\u00eda\u201d<\/strong>, precis\u00f3.<\/p>\n<p style=\"text-align: justify;\"><img loading=\"lazy\" decoding=\"async\" class=\"size-medium wp-image-88577 alignright\" src=\"http:\/\/10.200.87.50\/mppee\/wp-content\/uploads\/2023\/01\/WhatsApp-Image-2023-01-22-at-11.32.25-PM-300x170.jpeg\" alt=\"\" width=\"300\" height=\"170\" srcset=\"https:\/\/mppee.gob.ve\/wp-content\/uploads\/2023\/01\/WhatsApp-Image-2023-01-22-at-11.32.25-PM-300x170.jpeg 300w, https:\/\/mppee.gob.ve\/wp-content\/uploads\/2023\/01\/WhatsApp-Image-2023-01-22-at-11.32.25-PM-1024x581.jpeg 1024w, https:\/\/mppee.gob.ve\/wp-content\/uploads\/2023\/01\/WhatsApp-Image-2023-01-22-at-11.32.25-PM-768x435.jpeg 768w, https:\/\/mppee.gob.ve\/wp-content\/uploads\/2023\/01\/WhatsApp-Image-2023-01-22-at-11.32.25-PM.jpeg 1037w\" sizes=\"auto, (max-width: 300px) 100vw, 300px\" \/>Ram\u00edrez considera que se debe tener mucha constancia, dedicaci\u00f3n, carisma y amor para ejercer su trabajo, especialmente con los pacientes que son atendidos a diario en la sede El Marqu\u00e9s.<\/p>\n<p style=\"text-align: justify;\"><strong>\u201cEl personal de enfermer\u00eda debe tener mucha dedicaci\u00f3n y estar en el lugar del paciente. Nos tiene que gustar lo que hacemos, porque tenemos que hacerlo de verdad, con todo el cari\u00f1o, calma y atenci\u00f3n\u201d<\/strong>, agreg\u00f3.<\/p>\n<p style=\"text-align: justify;\">Finalmente, indic\u00f3 que Corpoelec es su segundo hogar y su segunda familia, porque ah\u00ed pasa gran parte del tiempo.<\/p>\n<p><strong>\u00a0Prensa Corpoelec<\/strong><\/p>\n<p><img loading=\"lazy\" decoding=\"async\" class=\"alignnone wp-image-88576 size-full\" src=\"http:\/\/10.200.87.50\/mppee\/wp-content\/uploads\/2023\/01\/WhatsApp-Image-2023-01-22-at-11.32.24-PM.jpeg\" alt=\"\" width=\"996\" height=\"456\" \/> <img loading=\"lazy\" decoding=\"async\" class=\"alignnone wp-image-88575 size-full\" src=\"http:\/\/10.200.87.50\/mppee\/wp-content\/uploads\/2023\/01\/WhatsApp-Image-2023-01-22-at-11.32.24-PM-1.jpeg\" alt=\"\" width=\"946\" height=\"578\" srcset=\"https:\/\/mppee.gob.ve\/wp-content\/uploads\/2023\/01\/WhatsApp-Image-2023-01-22-at-11.32.24-PM-1.jpeg 946w, https:\/\/mppee.gob.ve\/wp-content\/uploads\/2023\/01\/WhatsApp-Image-2023-01-22-at-11.32.24-PM-1-300x183.jpeg 300w, https:\/\/mppee.gob.ve\/wp-content\/uploads\/2023\/01\/WhatsApp-Image-2023-01-22-at-11.32.24-PM-1-768x469.jpeg 768w\" sizes=\"auto, (max-width: 946px) 100vw, 946px\" \/><\/p>\n","protected":false},"excerpt":{"rendered":"<p>En la sede del Fondo Autoadministrado para la Salud del Ministerio del Poder Popular para la Energ\u00eda El\u00e9ctrica (Fasmee) en<\/p>\n","protected":false},"author":12,"featured_media":88578,"comment_status":"open","ping_status":"open","sticky":false,"template":"","format":"standard","meta":{"footnotes":""},"categories":[1],"tags":[],"class_list":["post-88574","post","type-post","status-publish","format-standard","has-post-thumbnail","hentry","category-mppee"],"_links":{"self":[{"href":"https:\/\/mppee.gob.ve\/index.php?rest_route=\/wp\/v2\/posts\/88574","targetHints":{"allow":["GET"]}}],"collection":[{"href":"https:\/\/mppee.gob.ve\/index.php?rest_route=\/wp\/v2\/posts"}],"about":[{"href":"https:\/\/mppee.gob.ve\/index.php?rest_route=\/wp\/v2\/types\/post"}],"author":[{"embeddable":true,"href":"https:\/\/mppee.gob.ve\/index.php?rest_route=\/wp\/v2\/users\/12"}],"replies":[{"embeddable":true,"href":"https:\/\/mppee.gob.ve\/index.php?rest_route=%2Fwp%2Fv2%2Fcomments&post=88574"}],"version-history":[{"count":1,"href":"https:\/\/mppee.gob.ve\/index.php?rest_route=\/wp\/v2\/posts\/88574\/revisions"}],"predecessor-version":[{"id":88580,"href":"https:\/\/mppee.gob.ve\/index.php?rest_route=\/wp\/v2\/posts\/88574\/revisions\/88580"}],"wp:featuredmedia":[{"embeddable":true,"href":"https:\/\/mppee.gob.ve\/index.php?rest_route=\/wp\/v2\/media\/88578"}],"wp:attachment":[{"href":"https:\/\/mppee.gob.ve\/index.php?rest_route=%2Fwp%2Fv2%2Fmedia&parent=88574"}],"wp:term":[{"taxonomy":"category","embeddable":true,"href":"https:\/\/mppee.gob.ve\/index.php?rest_route=%2Fwp%2Fv2%2Fcategories&post=88574"},{"taxonomy":"post_tag","embeddable":true,"href":"https:\/\/mppee.gob.ve\/index.php?rest_route=%2Fwp%2Fv2%2Ftags&post=88574"}],"curies":[{"name":"wp","href":"https:\/\/api.w.org\/{rel}","templated":true}]}}