{"id":88592,"date":"2023-01-26T22:09:28","date_gmt":"2023-01-26T22:09:28","guid":{"rendered":"http:\/\/10.200.87.50\/mppee\/?p=88592"},"modified":"2023-01-26T22:09:33","modified_gmt":"2023-01-26T22:09:33","slug":"dotan-de-vehiculos-y-equipos-de-ultima-tecnologia-a-la-brigada-de-control-de-emergencias-del-sen","status":"publish","type":"post","link":"https:\/\/mppee.gob.ve\/?p=88592","title":{"rendered":"Dotan de veh\u00edculos y equipos de \u00faltima tecnolog\u00eda a la Brigada de Control de Emergencias del SEN"},"content":{"rendered":"\n<p>(Prensa MPPEE- 26\/01\/2023) Este\njueves, la <strong>Brigada de Control de\nEmergencias del Sistema El\u00e9ctrico Nacional (SEN)<\/strong> recibi\u00f3 una nueva <strong>dotaci\u00f3n de veh\u00edculos<\/strong> y equipos para\nminimizar los posibles riesgos que se puedan presentar en el <strong>Sistema El\u00e9ctrico Nacional (SEN). <\/strong><\/p>\n\n\n\n<p>Dicha entrega la lider\u00f3 el <strong>Vicepresidente Sectorial de Obras P\u00fablicas\ny Servicios, G\/J N\u00e9stor Reverol<\/strong>, en el <strong>Centro\nde Servicios La Yaguara<\/strong>, en Caracas. <\/p>\n\n\n\n<p>\u201cEstamos incorporando un nuevo\nequipamiento para atender todas las emergencia del <strong>Sistema El\u00e9ctrico Nacional<\/strong>\u201d, expres\u00f3. <\/p>\n\n\n\n<p>Destac\u00f3 que entre los recursos\nentregados hay dos camiones Rosenbauer que tiene&nbsp; tres modalidades: agua, polvo seco y espuma,\n13 camionetas Hilux, 3 cisternas de 8 mil y 6 mil litros de agua, 168\nextintores de 150 libras. <\/p>\n\n\n\n<p>\u201cAs\u00ed como 5 mil esferas de\nextinci\u00f3n, un equipo de \u00faltima <strong>tecnolog\u00eda<\/strong>\nque garantiza la operatividad y minimiza los riesgos durante un incendio\u201d,\nagreg\u00f3. <\/p>\n\n\n\n<p>Asimismo, inform\u00f3 que 100 hombres\ny mujeres del Poder Popular organizado que se incorporar\u00e1n de manera voluntaria\na la <strong>Brigada Especial de Atenci\u00f3n de\nEmergencia<\/strong>, para alertar y atender cualquier eventualidad que se registren\nen las diferentes subestaciones del Distrito Capital.<\/p>\n\n\n\n<p>\u201cLos compa\u00f1eros voluntarios que se unen a esta Brigada de\nEmergencia del sector el\u00e9ctrico inviten a su comunidad para que se sumen a este\nobjetivo y estar pendientes del Dotan de veh\u00edculos y equipos de \u00faltima\ntecnolog\u00eda a la Brigada de Control de Emergencias del SEN. Solo el pueblo salva\nal pueblo\u201d, inst\u00f3 el vicepresidente Reverol. <\/p>\n\n\n\n<p>Prensa MPPEE<\/p>\n","protected":false},"excerpt":{"rendered":"<p>(Prensa MPPEE- 26\/01\/2023) Este jueves, la Brigada de Control de Emergencias del Sistema El\u00e9ctrico Nacional (SEN) recibi\u00f3 una nueva dotaci\u00f3n<\/p>\n","protected":false},"author":22,"featured_media":88594,"comment_status":"open","ping_status":"open","sticky":false,"template":"","format":"standard","meta":{"footnotes":""},"categories":[15],"tags":[],"class_list":["post-88592","post","type-post","status-publish","format-standard","has-post-thumbnail","hentry","category-nacionales"],"_links":{"self":[{"href":"https:\/\/mppee.gob.ve\/index.php?rest_route=\/wp\/v2\/posts\/88592","targetHints":{"allow":["GET"]}}],"collection":[{"href":"https:\/\/mppee.gob.ve\/index.php?rest_route=\/wp\/v2\/posts"}],"about":[{"href":"https:\/\/mppee.gob.ve\/index.php?rest_route=\/wp\/v2\/types\/post"}],"author":[{"embeddable":true,"href":"https:\/\/mppee.gob.ve\/index.php?rest_route=\/wp\/v2\/users\/22"}],"replies":[{"embeddable":true,"href":"https:\/\/mppee.gob.ve\/index.php?rest_route=%2Fwp%2Fv2%2Fcomments&post=88592"}],"version-history":[{"count":1,"href":"https:\/\/mppee.gob.ve\/index.php?rest_route=\/wp\/v2\/posts\/88592\/revisions"}],"predecessor-version":[{"id":88595,"href":"https:\/\/mppee.gob.ve\/index.php?rest_route=\/wp\/v2\/posts\/88592\/revisions\/88595"}],"wp:featuredmedia":[{"embeddable":true,"href":"https:\/\/mppee.gob.ve\/index.php?rest_route=\/wp\/v2\/media\/88594"}],"wp:attachment":[{"href":"https:\/\/mppee.gob.ve\/index.php?rest_route=%2Fwp%2Fv2%2Fmedia&parent=88592"}],"wp:term":[{"taxonomy":"category","embeddable":true,"href":"https:\/\/mppee.gob.ve\/index.php?rest_route=%2Fwp%2Fv2%2Fcategories&post=88592"},{"taxonomy":"post_tag","embeddable":true,"href":"https:\/\/mppee.gob.ve\/index.php?rest_route=%2Fwp%2Fv2%2Ftags&post=88592"}],"curies":[{"name":"wp","href":"https:\/\/api.w.org\/{rel}","templated":true}]}}