{"id":88617,"date":"2023-02-02T14:09:00","date_gmt":"2023-02-02T14:09:00","guid":{"rendered":"http:\/\/10.200.87.50\/mppee\/?p=88617"},"modified":"2023-02-03T14:14:11","modified_gmt":"2023-02-03T14:14:11","slug":"hace-24-anos-se-inicio-una-nueva-era-de-independencia-dignidad-y-la-soberania","status":"publish","type":"post","link":"https:\/\/mppee.gob.ve\/?p=88617","title":{"rendered":"Hace 24 a\u00f1os se inici\u00f3 una nueva era de independencia, dignidad y la soberan\u00eda"},"content":{"rendered":"<p style=\"text-align: justify;\"><img loading=\"lazy\" decoding=\"async\" class=\"size-medium wp-image-88622 alignleft\" src=\"http:\/\/10.200.87.50\/mppee\/wp-content\/uploads\/2023\/02\/WhatsApp-Image-2023-02-03-at-10.03.02-AM-1-175x300.jpeg\" alt=\"\" width=\"175\" height=\"300\" srcset=\"https:\/\/mppee.gob.ve\/wp-content\/uploads\/2023\/02\/WhatsApp-Image-2023-02-03-at-10.03.02-AM-1-175x300.jpeg 175w, https:\/\/mppee.gob.ve\/wp-content\/uploads\/2023\/02\/WhatsApp-Image-2023-02-03-at-10.03.02-AM-1-597x1024.jpeg 597w, https:\/\/mppee.gob.ve\/wp-content\/uploads\/2023\/02\/WhatsApp-Image-2023-02-03-at-10.03.02-AM-1.jpeg 630w\" sizes=\"auto, (max-width: 175px) 100vw, 175px\" \/>El presidente de la Rep\u00fablica, Nicol\u00e1s Maduro Moros afirm\u00f3 que con la juramentaci\u00f3n del Comandante Hugo Rafael Ch\u00e1vez Fr\u00edas, el 2 de febrero de 1999, se inici\u00f3 en el pa\u00eds la Revoluci\u00f3n Bolivariana para ejercer la pol\u00edtica de justicia social en beneficio del pueblo.<\/p>\n<p style=\"text-align: justify;\"><strong>\u201cComenzaba tambi\u00e9n una nueva era para nuestra Patria, la era de la independencia, de la dignidad, de la soberan\u00eda, de la Revoluci\u00f3n Bolivariana\u201d<\/strong>, expres\u00f3 el Jefe de Estado desde el Complejo Cultural Teatro Teresa Carre\u00f1o de Caracas, donde se llev\u00f3 a cabo la Expo Gobierno para conmemorar el 24\u00b0 Aniversario de la Revoluci\u00f3n Bolivariana.<\/p>\n<p style=\"text-align: justify;\">Agreg\u00f3 que con la llegada del Comandante Ch\u00e1vez a la presidencia tambi\u00e9n se construy\u00f3 la <strong>\u201cdemocracia directa y el proyecto humanista\u201d.<\/strong><\/p>\n<p style=\"text-align: justify;\"><img loading=\"lazy\" decoding=\"async\" class=\"size-medium wp-image-88618 alignright\" src=\"http:\/\/10.200.87.50\/mppee\/wp-content\/uploads\/2023\/02\/WhatsApp-Image-2023-02-03-at-10.03.01-AM-1-171x300.jpeg\" alt=\"\" width=\"171\" height=\"300\" srcset=\"https:\/\/mppee.gob.ve\/wp-content\/uploads\/2023\/02\/WhatsApp-Image-2023-02-03-at-10.03.01-AM-1-171x300.jpeg 171w, https:\/\/mppee.gob.ve\/wp-content\/uploads\/2023\/02\/WhatsApp-Image-2023-02-03-at-10.03.01-AM-1-582x1024.jpeg 582w, https:\/\/mppee.gob.ve\/wp-content\/uploads\/2023\/02\/WhatsApp-Image-2023-02-03-at-10.03.01-AM-1.jpeg 614w\" sizes=\"auto, (max-width: 171px) 100vw, 171px\" \/>Adem\u00e1s, record\u00f3 que el l\u00edder de la Revoluci\u00f3n Bolivariana llam\u00f3 hace 24 a\u00f1os a tener Patria, la cual fue construida a prueba de todas las circunstancias listas para superar.<\/p>\n<p style=\"text-align: justify;\"><strong>\u201cEl Comandante Hugo Ch\u00e1vez simboliz\u00f3 una luz de cambio que marc\u00f3 una ruptura con la era puntofijista en la que existi\u00f3 una clase pol\u00edtica olig\u00e1rquica y vende patria (\u2026) Hizo una obra grandiosa y hermosa de construcci\u00f3n colectiva de un pueblo y de un liderazgo que ha seguido su bandera y que sigue su legado din\u00e1mico y renov\u00e1ndose\u201d<\/strong>, sentenci\u00f3.<\/p>\n<p style=\"text-align: justify;\"><em><strong>MPPEE presente en Expo Ir\u00e1n Venezuela<\/strong><\/em><\/p>\n<p style=\"text-align: justify;\">En la exposici\u00f3n estuvieron presentes los integrantes del gabinete ejecutivo entre ellos el Vicepresidente Sectorial de Obras P\u00fablicas y Servicios, G\/J N\u00e9stor Reverol, quien estuvo al frente del stand del Ministerio del Poder Popular para la Energ\u00eda El\u00e9ctrica en el que se expuso las diferentes l\u00e1mparas y reflectores solares, transformadores de diversas potencias y un panel con distintos tipos de bombillos.<\/p>\n<p style=\"text-align: justify;\"><em><strong><img loading=\"lazy\" decoding=\"async\" class=\"size-medium wp-image-88619 alignleft\" src=\"http:\/\/10.200.87.50\/mppee\/wp-content\/uploads\/2023\/02\/WhatsApp-Image-2023-02-03-at-10.03.01-AM-2-171x300.jpeg\" alt=\"\" width=\"171\" height=\"300\" srcset=\"https:\/\/mppee.gob.ve\/wp-content\/uploads\/2023\/02\/WhatsApp-Image-2023-02-03-at-10.03.01-AM-2-171x300.jpeg 171w, https:\/\/mppee.gob.ve\/wp-content\/uploads\/2023\/02\/WhatsApp-Image-2023-02-03-at-10.03.01-AM-2-584x1024.jpeg 584w, https:\/\/mppee.gob.ve\/wp-content\/uploads\/2023\/02\/WhatsApp-Image-2023-02-03-at-10.03.01-AM-2.jpeg 616w\" sizes=\"auto, (max-width: 171px) 100vw, 171px\" \/>Entrega de centros de salud<\/strong><\/em><\/p>\n<p style=\"text-align: justify;\">Durante su alocuci\u00f3n, el presidente Maduro anunci\u00f3 la entrega de 49 obras y centros de salud en todo el territorio nacional.<\/p>\n<p style=\"text-align: justify;\">De igual manera, inform\u00f3 sobre la puesta en funcionamiento de cinco centros de salud del Ipasme en Anzo\u00e1tegui, Barinas, Delta Amacuro, Monagas y en la ciudad de Caracas, a fin de brindarle una \u00f3ptima atenci\u00f3n m\u00e9dica a los docentes.<\/p>\n<p style=\"text-align: justify;\">Asimismo, resalt\u00f3 la inauguraci\u00f3n del estadio Monumental de B\u00e9isbol Sim\u00f3n Bol\u00edvar, ubicado en los espacios de La Rinconada, en Caracas. Una obra que representa el futuro del b\u00e9isbol venezolano en beneficio de ni\u00f1os y j\u00f3venes y que adem\u00e1s es, junto al estadio Jorge Luis Garc\u00eda Carneiro de Macuto en La Guaira, sede de la Serie del Caribe Gran Caracas 2023.<\/p>\n<p style=\"text-align: justify;\"><strong>Prensa Mppee<\/strong><\/p>\n","protected":false},"excerpt":{"rendered":"<p>El presidente de la Rep\u00fablica, Nicol\u00e1s Maduro Moros afirm\u00f3 que con la juramentaci\u00f3n del Comandante Hugo Rafael Ch\u00e1vez Fr\u00edas, el<\/p>\n","protected":false},"author":12,"featured_media":88623,"comment_status":"open","ping_status":"open","sticky":false,"template":"","format":"standard","meta":{"footnotes":""},"categories":[15],"tags":[11],"class_list":["post-88617","post","type-post","status-publish","format-standard","has-post-thumbnail","hentry","category-nacionales","tag-mppee"],"_links":{"self":[{"href":"https:\/\/mppee.gob.ve\/index.php?rest_route=\/wp\/v2\/posts\/88617","targetHints":{"allow":["GET"]}}],"collection":[{"href":"https:\/\/mppee.gob.ve\/index.php?rest_route=\/wp\/v2\/posts"}],"about":[{"href":"https:\/\/mppee.gob.ve\/index.php?rest_route=\/wp\/v2\/types\/post"}],"author":[{"embeddable":true,"href":"https:\/\/mppee.gob.ve\/index.php?rest_route=\/wp\/v2\/users\/12"}],"replies":[{"embeddable":true,"href":"https:\/\/mppee.gob.ve\/index.php?rest_route=%2Fwp%2Fv2%2Fcomments&post=88617"}],"version-history":[{"count":1,"href":"https:\/\/mppee.gob.ve\/index.php?rest_route=\/wp\/v2\/posts\/88617\/revisions"}],"predecessor-version":[{"id":88624,"href":"https:\/\/mppee.gob.ve\/index.php?rest_route=\/wp\/v2\/posts\/88617\/revisions\/88624"}],"wp:featuredmedia":[{"embeddable":true,"href":"https:\/\/mppee.gob.ve\/index.php?rest_route=\/wp\/v2\/media\/88623"}],"wp:attachment":[{"href":"https:\/\/mppee.gob.ve\/index.php?rest_route=%2Fwp%2Fv2%2Fmedia&parent=88617"}],"wp:term":[{"taxonomy":"category","embeddable":true,"href":"https:\/\/mppee.gob.ve\/index.php?rest_route=%2Fwp%2Fv2%2Fcategories&post=88617"},{"taxonomy":"post_tag","embeddable":true,"href":"https:\/\/mppee.gob.ve\/index.php?rest_route=%2Fwp%2Fv2%2Ftags&post=88617"}],"curies":[{"name":"wp","href":"https:\/\/api.w.org\/{rel}","templated":true}]}}