{"id":88625,"date":"2023-02-03T22:25:24","date_gmt":"2023-02-03T22:25:24","guid":{"rendered":"http:\/\/10.200.87.50\/mppee\/?p=88625"},"modified":"2023-02-03T22:25:25","modified_gmt":"2023-02-03T22:25:25","slug":"realizan-labores-de-mantenimiento-en-lineas-de-transmision-de-los-estados-falcon-y-zulia","status":"publish","type":"post","link":"https:\/\/mppee.gob.ve\/?p=88625","title":{"rendered":"Realizan labores de mantenimiento en l\u00edneas de transmisi\u00f3n de los estados Falc\u00f3n y Zulia"},"content":{"rendered":"\n<p>(Prensa MPPEE\u2013 Caracas\n03\/02\/2023).- El <strong>Vicepresidente\nSectorial de Obras P\u00fablicas y Servicios, G\/J N\u00e9stor Reverol<\/strong>, inform\u00f3 este\nviernes que la fuerza trabajadora de la <strong>Corporaci\u00f3n\nEl\u00e9ctrica Nacional (Corpoelec)<\/strong> realiz\u00f3 <strong>labores\nde pica, poda y tala<\/strong> en m\u00e1s de mil 800 hect\u00e1reas de corredores de servicios\nen las l\u00edneas de transmisi\u00f3n de los estados Falc\u00f3n y Zulia.<\/p>\n\n\n\n<p>La informaci\u00f3n la dio a conocer\nel General en Jefe a mediante una publicaci\u00f3n en su cuenta oficial en Instagram\n@reverolnestor donde detall\u00f3 que la jornada de mantenimiento se inici\u00f3 de\nmanera simult\u00e1nea en ambos estados con la participaci\u00f3n de 300&nbsp; hombres y mujeres&nbsp; pertenecientes a la <strong>Gerencia de Programaci\u00f3n y Control de Vegetaci\u00f3n.<\/strong><\/p>\n\n\n\n<p>En ese contexto, detall\u00f3 que los\ntrabajadores se desplegaron en las <strong>l\u00edneas\nde transmisi\u00f3n<\/strong>, Tucacas-Yaracal a 115kV y el Tablazo \u2013 Cuatricentenario.<\/p>\n\n\n\n<p>Destac\u00f3 que estos trabajos\nefectuados en ambas l\u00edneas estrat\u00e9gicas, permitir\u00e1n mayor estabilidad y\nconfiabilidad para consolidar un \u00f3ptimo suministro de energ\u00eda a los <strong>habitantes falconianos y zulianos.<\/strong><\/p>\n\n\n\n<p>\u201c\u00a1Seguimos sumando esfuerzos para\ngarantizar un servicio de calidad!\u201d, afirm\u00f3&nbsp;\nReverol quien reiter\u00f3 el compromiso del <strong>Gobierno Bolivariano<\/strong> para optimizar el <strong>Sistema El\u00e9ctrico Nacional (SEN).<\/strong> <\/p>\n\n\n\n<p>Prensa MPPEE<\/p>\n","protected":false},"excerpt":{"rendered":"<p>(Prensa MPPEE\u2013 Caracas 03\/02\/2023).- El Vicepresidente Sectorial de Obras P\u00fablicas y Servicios, G\/J N\u00e9stor Reverol, inform\u00f3 este viernes que la<\/p>\n","protected":false},"author":22,"featured_media":0,"comment_status":"open","ping_status":"open","sticky":false,"template":"","format":"standard","meta":{"footnotes":""},"categories":[30],"tags":[],"class_list":["post-88625","post","type-post","status-publish","format-standard","hentry","category-regionales"],"_links":{"self":[{"href":"https:\/\/mppee.gob.ve\/index.php?rest_route=\/wp\/v2\/posts\/88625","targetHints":{"allow":["GET"]}}],"collection":[{"href":"https:\/\/mppee.gob.ve\/index.php?rest_route=\/wp\/v2\/posts"}],"about":[{"href":"https:\/\/mppee.gob.ve\/index.php?rest_route=\/wp\/v2\/types\/post"}],"author":[{"embeddable":true,"href":"https:\/\/mppee.gob.ve\/index.php?rest_route=\/wp\/v2\/users\/22"}],"replies":[{"embeddable":true,"href":"https:\/\/mppee.gob.ve\/index.php?rest_route=%2Fwp%2Fv2%2Fcomments&post=88625"}],"version-history":[{"count":1,"href":"https:\/\/mppee.gob.ve\/index.php?rest_route=\/wp\/v2\/posts\/88625\/revisions"}],"predecessor-version":[{"id":88627,"href":"https:\/\/mppee.gob.ve\/index.php?rest_route=\/wp\/v2\/posts\/88625\/revisions\/88627"}],"wp:attachment":[{"href":"https:\/\/mppee.gob.ve\/index.php?rest_route=%2Fwp%2Fv2%2Fmedia&parent=88625"}],"wp:term":[{"taxonomy":"category","embeddable":true,"href":"https:\/\/mppee.gob.ve\/index.php?rest_route=%2Fwp%2Fv2%2Fcategories&post=88625"},{"taxonomy":"post_tag","embeddable":true,"href":"https:\/\/mppee.gob.ve\/index.php?rest_route=%2Fwp%2Fv2%2Ftags&post=88625"}],"curies":[{"name":"wp","href":"https:\/\/api.w.org\/{rel}","templated":true}]}}