{"id":88628,"date":"2023-02-04T00:10:35","date_gmt":"2023-02-04T00:10:35","guid":{"rendered":"http:\/\/10.200.87.50\/mppee\/?p=88628"},"modified":"2023-02-04T00:10:37","modified_gmt":"2023-02-04T00:10:37","slug":"disenan-plan-estrategico-de-comercializacion-para-incrementar-recursos-que-seran-destinados-al-manteniendo-y-seguridad-del-sen","status":"publish","type":"post","link":"https:\/\/mppee.gob.ve\/?p=88628","title":{"rendered":"Dise\u00f1an Plan Estrat\u00e9gico de Comercializaci\u00f3n para incrementar recursos que ser\u00e1n destinados al manteniendo y seguridad del SEN"},"content":{"rendered":"\n<p>(Prensa MPPEE\u2013 Caracas\n03\/02\/2023).- El <strong>Vicepresidente\nSectorial de Obras P\u00fablicas y Servicios, G\/J N\u00e9stor Reverol<\/strong>, lider\u00f3 este\nviernes una <strong>reuni\u00f3n de trabajo<\/strong> con\nlos Gerentes Estadales de Comercializaci\u00f3n adscritos a la <strong>Corporaci\u00f3n El\u00e9ctrica Nacional (Corpoelec).<\/strong> <\/p>\n\n\n\n<p>Durante el encuentro que se\nrealiz\u00f3 en la sede del <strong>Ministerio del\nPoder Popular para la Energ\u00eda El\u00e9ctrica (MPPEE)<\/strong> en Caracas, donde se debati\u00f3\nsobre el <strong>Plan Estrat\u00e9gico de\nComercializaci\u00f3n <\/strong>que se desarrollar\u00e1 este a\u00f1o con el objetivo de avanzar en\nla recaudaci\u00f3n por concepto de servicio el\u00e9ctrico.<\/p>\n\n\n\n<p>&nbsp;\u201cHemos dise\u00f1ado el <strong>Plan Estrat\u00e9gico de Comercializaci\u00f3n<\/strong> que nos permite incrementar\nlos recursos para seguir manteniendo la estabilidad, confiabilidad y seguridad\ndel Sistema El\u00e9ctrico Nacional (SEN)\u201d, precis\u00f3.<\/p>\n\n\n\n<p>El tambi\u00e9n <strong>Ministro para la Energ\u00eda El\u00e9ctrica<\/strong> destac\u00f3 que durante el encuentro\ntambi\u00e9n revisaron los diferentes planes y programas del sector, para fortalecer\nel bienestar social de la fuerza trabajadora, establecido en la primera l\u00ednea\nestrat\u00e9gica y sus acciones program\u00e1ticas del sector.<\/p>\n\n\n\n<p>Finalmente, asever\u00f3 que el\nGobierno Bolivariano contin\u00faa sumando esfuerzos para garantizar un servicio de\ncalidad y optimizar el Sistema El\u00e9ctrico Nacional<strong>.<\/strong><\/p>\n\n\n\n<p>Prensa MPPEE<\/p>\n","protected":false},"excerpt":{"rendered":"<p>(Prensa MPPEE\u2013 Caracas 03\/02\/2023).- El Vicepresidente Sectorial de Obras P\u00fablicas y Servicios, G\/J N\u00e9stor Reverol, lider\u00f3 este viernes una reuni\u00f3n<\/p>\n","protected":false},"author":22,"featured_media":88629,"comment_status":"open","ping_status":"open","sticky":false,"template":"","format":"standard","meta":{"footnotes":""},"categories":[15],"tags":[],"class_list":["post-88628","post","type-post","status-publish","format-standard","has-post-thumbnail","hentry","category-nacionales"],"_links":{"self":[{"href":"https:\/\/mppee.gob.ve\/index.php?rest_route=\/wp\/v2\/posts\/88628","targetHints":{"allow":["GET"]}}],"collection":[{"href":"https:\/\/mppee.gob.ve\/index.php?rest_route=\/wp\/v2\/posts"}],"about":[{"href":"https:\/\/mppee.gob.ve\/index.php?rest_route=\/wp\/v2\/types\/post"}],"author":[{"embeddable":true,"href":"https:\/\/mppee.gob.ve\/index.php?rest_route=\/wp\/v2\/users\/22"}],"replies":[{"embeddable":true,"href":"https:\/\/mppee.gob.ve\/index.php?rest_route=%2Fwp%2Fv2%2Fcomments&post=88628"}],"version-history":[{"count":1,"href":"https:\/\/mppee.gob.ve\/index.php?rest_route=\/wp\/v2\/posts\/88628\/revisions"}],"predecessor-version":[{"id":88630,"href":"https:\/\/mppee.gob.ve\/index.php?rest_route=\/wp\/v2\/posts\/88628\/revisions\/88630"}],"wp:featuredmedia":[{"embeddable":true,"href":"https:\/\/mppee.gob.ve\/index.php?rest_route=\/wp\/v2\/media\/88629"}],"wp:attachment":[{"href":"https:\/\/mppee.gob.ve\/index.php?rest_route=%2Fwp%2Fv2%2Fmedia&parent=88628"}],"wp:term":[{"taxonomy":"category","embeddable":true,"href":"https:\/\/mppee.gob.ve\/index.php?rest_route=%2Fwp%2Fv2%2Fcategories&post=88628"},{"taxonomy":"post_tag","embeddable":true,"href":"https:\/\/mppee.gob.ve\/index.php?rest_route=%2Fwp%2Fv2%2Ftags&post=88628"}],"curies":[{"name":"wp","href":"https:\/\/api.w.org\/{rel}","templated":true}]}}