{"id":88634,"date":"2023-02-06T23:31:47","date_gmt":"2023-02-06T23:31:47","guid":{"rendered":"http:\/\/10.200.87.50\/mppee\/?p=88634"},"modified":"2023-02-06T23:31:48","modified_gmt":"2023-02-06T23:31:48","slug":"venezuela-y-cuba-evaluan-proyectos-de-masificacion-energetica-y-la-promocion-de-energias-alternativas","status":"publish","type":"post","link":"https:\/\/mppee.gob.ve\/?p=88634","title":{"rendered":"Venezuela y Cuba eval\u00faan proyectos de masificaci\u00f3n energ\u00e9tica y la promoci\u00f3n de energ\u00edas alternativas"},"content":{"rendered":"\n<p>(Prensa MPPEE &#8211; 06\/02\/2023).- El <strong>Vicepresidente Sectorial de Obras P\u00fablicas y Servicios, G\/J N\u00e9stor\nReverol<\/strong>, se reuni\u00f3 este lunes con el Vice Primer Ministro, Comandante de la\nRevoluci\u00f3n, <strong>Ramiro Vald\u00e9s Men\u00e9ndez<\/strong> y\ndiversos ministros del <strong>gabinete\nEjecutivo<\/strong> del pa\u00eds. <\/p>\n\n\n\n<p>En ese sentido, <strong>Reverol<\/strong>\ndestac\u00f3 que se evaluaron los proyectos de masificaci\u00f3n energ\u00e9tica y la\npromoci\u00f3n de energ\u00edas alternativas, adem\u00e1s de los planes de <strong>construcci\u00f3n de viviendas y obras p\u00fablicas.<\/strong><\/p>\n\n\n\n<p>\u201cEste apoyo entre <strong>naciones\nhermanas<\/strong> se fortalece porque los revolucionarios hacemos lo que decimos y\ncumplimos lo que prometemos\u201d, enfatiz\u00f3 el tambi\u00e9n <strong>Ministro del Poder Popular para de Energ\u00eda El\u00e9ctrica.<\/strong><\/p>\n\n\n\n<p>Vale destacar que ra\u00edces hist\u00f3ricas unen a <strong>Cuba y Venezuela<\/strong> en la lucha por la\nintegraci\u00f3n de los pueblos latinoamericanos en la defensa de la soberan\u00eda e\nindependencia, prop\u00f3sito que sigue hoy m\u00e1s firme que nunca con el <strong>presidente de la Rep\u00fablica, Nicol\u00e1s Maduro<\/strong>.<\/p>\n","protected":false},"excerpt":{"rendered":"<p>(Prensa MPPEE &#8211; 06\/02\/2023).- El Vicepresidente Sectorial de Obras P\u00fablicas y Servicios, G\/J N\u00e9stor Reverol, se reuni\u00f3 este lunes con<\/p>\n","protected":false},"author":22,"featured_media":88635,"comment_status":"open","ping_status":"open","sticky":false,"template":"","format":"standard","meta":{"footnotes":""},"categories":[15],"tags":[46],"class_list":["post-88634","post","type-post","status-publish","format-standard","has-post-thumbnail","hentry","category-nacionales","tag-venezuela"],"_links":{"self":[{"href":"https:\/\/mppee.gob.ve\/index.php?rest_route=\/wp\/v2\/posts\/88634","targetHints":{"allow":["GET"]}}],"collection":[{"href":"https:\/\/mppee.gob.ve\/index.php?rest_route=\/wp\/v2\/posts"}],"about":[{"href":"https:\/\/mppee.gob.ve\/index.php?rest_route=\/wp\/v2\/types\/post"}],"author":[{"embeddable":true,"href":"https:\/\/mppee.gob.ve\/index.php?rest_route=\/wp\/v2\/users\/22"}],"replies":[{"embeddable":true,"href":"https:\/\/mppee.gob.ve\/index.php?rest_route=%2Fwp%2Fv2%2Fcomments&post=88634"}],"version-history":[{"count":1,"href":"https:\/\/mppee.gob.ve\/index.php?rest_route=\/wp\/v2\/posts\/88634\/revisions"}],"predecessor-version":[{"id":88636,"href":"https:\/\/mppee.gob.ve\/index.php?rest_route=\/wp\/v2\/posts\/88634\/revisions\/88636"}],"wp:featuredmedia":[{"embeddable":true,"href":"https:\/\/mppee.gob.ve\/index.php?rest_route=\/wp\/v2\/media\/88635"}],"wp:attachment":[{"href":"https:\/\/mppee.gob.ve\/index.php?rest_route=%2Fwp%2Fv2%2Fmedia&parent=88634"}],"wp:term":[{"taxonomy":"category","embeddable":true,"href":"https:\/\/mppee.gob.ve\/index.php?rest_route=%2Fwp%2Fv2%2Fcategories&post=88634"},{"taxonomy":"post_tag","embeddable":true,"href":"https:\/\/mppee.gob.ve\/index.php?rest_route=%2Fwp%2Fv2%2Ftags&post=88634"}],"curies":[{"name":"wp","href":"https:\/\/api.w.org\/{rel}","templated":true}]}}