{"id":88647,"date":"2023-02-08T20:16:17","date_gmt":"2023-02-08T20:16:17","guid":{"rendered":"http:\/\/10.200.87.50\/mppee\/?p=88647"},"modified":"2023-02-08T20:16:18","modified_gmt":"2023-02-08T20:16:18","slug":"instalan-interruptor-en-subestacion-barinas-iii-en-pro-del-fortalecimiento-del-sen","status":"publish","type":"post","link":"https:\/\/mppee.gob.ve\/?p=88647","title":{"rendered":"Instalan interruptor en Subestaci\u00f3n Barinas III en pro del fortalecimiento del SEN"},"content":{"rendered":"\n<p><strong>(Prensa MPPEE \u2013 08\/02\/2023).-<\/strong> La <strong>fuerza trabajadora de Mediciones y Protecciones<\/strong> junto con el equipo\nde <strong>L\u00edneas de Transmisi\u00f3n<\/strong> de la <strong>Corporaci\u00f3n El\u00e9ctrica Nacional (Corpoelec)<\/strong>\ninstal\u00f3 un interruptor en la <strong>Subestaci\u00f3n\nBarinas III<\/strong>, con el fin de fortalecer a\u00fan m\u00e1s la transmisi\u00f3n y distribuci\u00f3n\nde energ\u00eda&nbsp; en la entidad. <\/p>\n\n\n\n<p>Con este mantenimiento correctivo\nse beneficiaron cerca de 68 mil habitantes de la parroquia Coraz\u00f3n de Jes\u00fas, en\nel estado <strong>Barinas<\/strong>, ya que el\nartefacto fortalece la alimentaci\u00f3n de energ\u00eda a trav\u00e9s de la barra de\ntransferencia al permitir mayor flexibilidad de la red en los sistemas que\nsuministran servicio a los circuitos: Esperanza, Corocito, Bol\u00edvar, La Hormiga,\nPag\u00fceicito, Negro Primero, Las Palmas, Primero de Diciembre y Borburata.<\/p>\n\n\n\n<p>\u201cEs un mantenimiento correctivo\nque mejorar\u00e1 la confiabilidad y continuidad del <strong>servicio el\u00e9ctrico<\/strong>, en las comunidades vinculadas al mismo\u201d, afirm\u00f3\nla trabajadora del departamento Mediciones y Protecciones de Transmisi\u00f3n,\nAnyuli Morales. <\/p>\n\n\n\n<p>De esta manera, <strong>Corpoelec<\/strong> contin\u00faa trabajando en el\nacondicionamiento del Sistema El\u00e9ctrico Nacional (SEN) con obras que garantizan\nel desarrollo eficaz de las actividades diarias del sector.<\/p>\n\n\n\n<p><strong>Prensa MPPEE <\/strong><\/p>\n","protected":false},"excerpt":{"rendered":"<p>(Prensa MPPEE \u2013 08\/02\/2023).- La fuerza trabajadora de Mediciones y Protecciones junto con el equipo de L\u00edneas de Transmisi\u00f3n de<\/p>\n","protected":false},"author":22,"featured_media":88648,"comment_status":"open","ping_status":"open","sticky":false,"template":"","format":"standard","meta":{"footnotes":""},"categories":[30],"tags":[],"class_list":["post-88647","post","type-post","status-publish","format-standard","has-post-thumbnail","hentry","category-regionales"],"_links":{"self":[{"href":"https:\/\/mppee.gob.ve\/index.php?rest_route=\/wp\/v2\/posts\/88647","targetHints":{"allow":["GET"]}}],"collection":[{"href":"https:\/\/mppee.gob.ve\/index.php?rest_route=\/wp\/v2\/posts"}],"about":[{"href":"https:\/\/mppee.gob.ve\/index.php?rest_route=\/wp\/v2\/types\/post"}],"author":[{"embeddable":true,"href":"https:\/\/mppee.gob.ve\/index.php?rest_route=\/wp\/v2\/users\/22"}],"replies":[{"embeddable":true,"href":"https:\/\/mppee.gob.ve\/index.php?rest_route=%2Fwp%2Fv2%2Fcomments&post=88647"}],"version-history":[{"count":1,"href":"https:\/\/mppee.gob.ve\/index.php?rest_route=\/wp\/v2\/posts\/88647\/revisions"}],"predecessor-version":[{"id":88649,"href":"https:\/\/mppee.gob.ve\/index.php?rest_route=\/wp\/v2\/posts\/88647\/revisions\/88649"}],"wp:featuredmedia":[{"embeddable":true,"href":"https:\/\/mppee.gob.ve\/index.php?rest_route=\/wp\/v2\/media\/88648"}],"wp:attachment":[{"href":"https:\/\/mppee.gob.ve\/index.php?rest_route=%2Fwp%2Fv2%2Fmedia&parent=88647"}],"wp:term":[{"taxonomy":"category","embeddable":true,"href":"https:\/\/mppee.gob.ve\/index.php?rest_route=%2Fwp%2Fv2%2Fcategories&post=88647"},{"taxonomy":"post_tag","embeddable":true,"href":"https:\/\/mppee.gob.ve\/index.php?rest_route=%2Fwp%2Fv2%2Ftags&post=88647"}],"curies":[{"name":"wp","href":"https:\/\/api.w.org\/{rel}","templated":true}]}}