{"id":88654,"date":"2023-02-10T13:09:04","date_gmt":"2023-02-10T13:09:04","guid":{"rendered":"http:\/\/10.200.87.50\/mppee\/?p=88654"},"modified":"2023-02-10T13:09:05","modified_gmt":"2023-02-10T13:09:05","slug":"poder-popular-debatira-en-asambleas-ley-de-energias-renovables-y-alternativas","status":"publish","type":"post","link":"https:\/\/mppee.gob.ve\/?p=88654","title":{"rendered":"Poder Popular debatir\u00e1 en asambleas Ley de Energ\u00edas Renovables y Alternativas"},"content":{"rendered":"<p style=\"text-align: justify;\"><img loading=\"lazy\" decoding=\"async\" class=\"size-medium wp-image-88658 alignleft\" src=\"http:\/\/10.200.87.50\/mppee\/wp-content\/uploads\/2023\/02\/Poder-Popular-debatir\u00e1-en-asambleas-Ley-de-Energ\u00edas-Renovables-y-Alternativas-300x167.jpg\" alt=\"\" width=\"300\" height=\"167\" srcset=\"https:\/\/mppee.gob.ve\/wp-content\/uploads\/2023\/02\/Poder-Popular-debatir\u00e1-en-asambleas-Ley-de-Energ\u00edas-Renovables-y-Alternativas-300x167.jpg 300w, https:\/\/mppee.gob.ve\/wp-content\/uploads\/2023\/02\/Poder-Popular-debatir\u00e1-en-asambleas-Ley-de-Energ\u00edas-Renovables-y-Alternativas-768x427.jpg 768w, https:\/\/mppee.gob.ve\/wp-content\/uploads\/2023\/02\/Poder-Popular-debatir\u00e1-en-asambleas-Ley-de-Energ\u00edas-Renovables-y-Alternativas.jpg 800w\" sizes=\"auto, (max-width: 300px) 100vw, 300px\" \/>Con el objetivo de impulsar y promover el uso de las energ\u00edas renovables y alternativas, este s\u00e1bado 11 de febrero se llevar\u00e1 a cabo en todo el territorio nacional diferentes asambleas para consultar y debatir la propuesta de Ley de Energ\u00edas Renovables y Alternativas.<\/p>\n<p style=\"text-align: justify;\"><strong>\u201cSe estima que la actividad se realice en todas las plazas Bol\u00edvar de las capitales de cada entidad, consejos municipales, casas de la cultura y tambi\u00e9n en los espacios de Corpoelec a nivel nacional\u201d,<\/strong> inform\u00f3 recientemente \u00c1ngel Rodr\u00edguez, diputado y presidente de la Comisi\u00f3n Permanente de Energ\u00eda y Petr\u00f3leo.<\/p>\n<p style=\"text-align: justify;\"><img loading=\"lazy\" decoding=\"async\" class=\"size-full wp-image-88657 alignright\" src=\"http:\/\/10.200.87.50\/mppee\/wp-content\/uploads\/2023\/02\/Poder-Popular-debatir\u00e1-en-asambleas-Ley-de-Energ\u00edas-Renovables-y-Alternativas-3.jpg\" alt=\"\" width=\"301\" height=\"167\" \/>Destac\u00f3, que el objetivo de esta consulta permitir\u00e1 que el Poder Popular Organizado aporte sus ideas, a fin de promover y regular el uso de las energ\u00edas renovables y alternativas y transformar la matriz energ\u00e9tica nacional.<\/p>\n<p style=\"text-align: justify;\">Esta ley estar\u00e1 dirigida a personas naturales jur\u00eddicas, instituciones p\u00fablicas, privadas, mixtas, nacionales y extranjeras, as\u00ed como las formas de organizaci\u00f3n socio-productiva comunal, siendo su principal \u00f3rgano rector el Ministerio del Poder Popular para la Energ\u00eda El\u00e9ctrica.<\/p>\n<p style=\"text-align: justify;\"><img loading=\"lazy\" decoding=\"async\" class=\"size-medium wp-image-88655 alignleft\" src=\"http:\/\/10.200.87.50\/mppee\/wp-content\/uploads\/2023\/02\/Poder-Popular-debatir\u00e1-en-asambleas-Ley-de-Energ\u00edas-Renovables-y-Alternativas-1-300x167.jpeg\" alt=\"\" width=\"300\" height=\"167\" srcset=\"https:\/\/mppee.gob.ve\/wp-content\/uploads\/2023\/02\/Poder-Popular-debatir\u00e1-en-asambleas-Ley-de-Energ\u00edas-Renovables-y-Alternativas-1-300x167.jpeg 300w, https:\/\/mppee.gob.ve\/wp-content\/uploads\/2023\/02\/Poder-Popular-debatir\u00e1-en-asambleas-Ley-de-Energ\u00edas-Renovables-y-Alternativas-1-768x427.jpeg 768w, https:\/\/mppee.gob.ve\/wp-content\/uploads\/2023\/02\/Poder-Popular-debatir\u00e1-en-asambleas-Ley-de-Energ\u00edas-Renovables-y-Alternativas-1.jpeg 800w\" sizes=\"auto, (max-width: 300px) 100vw, 300px\" \/>Vale destacar que el desarrollo de estas estrategias busca contribuir al combate contra el Cambio Clim\u00e1tico, promoviendo as\u00ed desde el aspecto jur\u00eddico y la inclusi\u00f3n social, acciones que fortalezcan el compromiso con la preservaci\u00f3n ambiental y la reducci\u00f3n de emisi\u00f3n de gases de efecto invernadero.<\/p>\n<p style=\"text-align: justify;\"><strong>Prensa Mppee<\/strong><\/p>\n","protected":false},"excerpt":{"rendered":"<p>Con el objetivo de impulsar y promover el uso de las energ\u00edas renovables y alternativas, este s\u00e1bado 11 de febrero<\/p>\n","protected":false},"author":12,"featured_media":88656,"comment_status":"open","ping_status":"open","sticky":false,"template":"","format":"standard","meta":{"footnotes":""},"categories":[15],"tags":[11],"class_list":["post-88654","post","type-post","status-publish","format-standard","has-post-thumbnail","hentry","category-nacionales","tag-mppee"],"_links":{"self":[{"href":"https:\/\/mppee.gob.ve\/index.php?rest_route=\/wp\/v2\/posts\/88654","targetHints":{"allow":["GET"]}}],"collection":[{"href":"https:\/\/mppee.gob.ve\/index.php?rest_route=\/wp\/v2\/posts"}],"about":[{"href":"https:\/\/mppee.gob.ve\/index.php?rest_route=\/wp\/v2\/types\/post"}],"author":[{"embeddable":true,"href":"https:\/\/mppee.gob.ve\/index.php?rest_route=\/wp\/v2\/users\/12"}],"replies":[{"embeddable":true,"href":"https:\/\/mppee.gob.ve\/index.php?rest_route=%2Fwp%2Fv2%2Fcomments&post=88654"}],"version-history":[{"count":1,"href":"https:\/\/mppee.gob.ve\/index.php?rest_route=\/wp\/v2\/posts\/88654\/revisions"}],"predecessor-version":[{"id":88659,"href":"https:\/\/mppee.gob.ve\/index.php?rest_route=\/wp\/v2\/posts\/88654\/revisions\/88659"}],"wp:featuredmedia":[{"embeddable":true,"href":"https:\/\/mppee.gob.ve\/index.php?rest_route=\/wp\/v2\/media\/88656"}],"wp:attachment":[{"href":"https:\/\/mppee.gob.ve\/index.php?rest_route=%2Fwp%2Fv2%2Fmedia&parent=88654"}],"wp:term":[{"taxonomy":"category","embeddable":true,"href":"https:\/\/mppee.gob.ve\/index.php?rest_route=%2Fwp%2Fv2%2Fcategories&post=88654"},{"taxonomy":"post_tag","embeddable":true,"href":"https:\/\/mppee.gob.ve\/index.php?rest_route=%2Fwp%2Fv2%2Ftags&post=88654"}],"curies":[{"name":"wp","href":"https:\/\/api.w.org\/{rel}","templated":true}]}}