{"id":88664,"date":"2023-02-11T20:17:39","date_gmt":"2023-02-11T20:17:39","guid":{"rendered":"http:\/\/10.200.87.50\/mppee\/?p=88664"},"modified":"2023-02-11T20:17:40","modified_gmt":"2023-02-11T20:17:40","slug":"poder-popular-debate-propuesta-de-ley-de-energias-renovables-y-alternativas-en-todo-el-pais","status":"publish","type":"post","link":"https:\/\/mppee.gob.ve\/?p=88664","title":{"rendered":"Poder Popular debate propuesta de Ley de Energ\u00edas Renovables y Alternativas en todo el pa\u00eds"},"content":{"rendered":"\n<p>(Prensa Mppee &#8211;&nbsp;\n11\/02\/2023).-&nbsp; Este s\u00e1bado se\nrealiz\u00f3 en todo el pa\u00eds diferentes asambleas&nbsp;\njunto al <strong>Poder Popular organizado<\/strong>\npara consultar y debatir la <strong>propuesta de\nLey de Energ\u00edas Renovables y Alternativas.<\/strong><\/p>\n\n\n\n<p>Desde el <strong>Centro de\nServicio Guanape en el estado La Guaira<\/strong>,&nbsp;\nla <strong>viceministra para las Nuevas\nFuentes y Uso racional de la Energ\u00eda El\u00e9ctrica, Tania Masea<\/strong>, manifest\u00f3 que\ncon la discusi\u00f3n de esta propuesta de Ley se est\u00e1 impulsando y promoviendo la\nenerg\u00eda solar, e\u00f3lica e hidr\u00e1ulica, como nuevas alternativas de soluci\u00f3n para\nmejorar la calidad de vida&nbsp; y el servicio\np\u00fablico de la <strong>energ\u00eda el\u00e9ctrica<\/strong> a\ntoda la poblaci\u00f3n venezolana. <\/p>\n\n\n\n<p>&nbsp;\u201cEstamos activos en\nlos 23 estados del pa\u00eds y Caracas simult\u00e1neamente en conjunto con la Asamblea\nNacional (AN), el <strong>Ministerio para la\nEnerg\u00eda El\u00e9ctrica<\/strong>, <strong>Corpoelec<\/strong> y\nsus entes adscritos junto al Poder Popular con instituciones p\u00fablicas y\nprivadas, haciendo la consulta del proyecto de Ley de <strong>Energ\u00edas Renovables y Alternativas<\/strong>, cumpliendo entonces con las\nl\u00edneas estrat\u00e9gicas del Gobierno Nacional&nbsp;\nque empoderan al Poder Popular\u201d, precis\u00f3.<\/p>\n\n\n\n<p>Masea asever\u00f3 que esta normativa jur\u00eddica busca promover el\ndesarrollo y aprovechamiento de las fuentes de <strong>energ\u00edas alternativas, limpias y renovables<\/strong> para la generaci\u00f3n de\nenerg\u00eda el\u00e9ctrica, que garantice la protecci\u00f3n ambiental y el desarrollo\nsustentable del pa\u00eds.<\/p>\n\n\n\n<p>\u201cEsta ley llama a la corresponsabilidad en la prestaci\u00f3n del\nservicio el\u00e9ctrico y al empoderamiento del Poder Popular para desarrollar\nnuevas fuentes de energ\u00edas\u201d, sostuvo.<\/p>\n\n\n\n<p>Visi\u00f3n del Poder Popular organizado<\/p>\n\n\n\n<p>En ese contexto, Gisela Rosales, parlamentaria comunal y <strong>vocera estadal de Energ\u00eda<\/strong> en el estado\nLa Guaira, manifest\u00f3 la importancia de activar nuevamente las Mesas T\u00e9cnicas de\nEnerg\u00eda y que sea el Poder Popular que presente sugerencias para tener un buen\nservicio el\u00e9ctrico dentro de las comunidades.<\/p>\n\n\n\n<p>Por su parte, Keida Alfonso perteneciente al movimiento de\nMujeres OSEAMAS La Guaira, manifest\u00f3 la importancia de discutir esta <strong>Ley<\/strong> junto al pueblo para mejorar el\nsuministro el\u00e9ctrico en todo el territorio nacional. <\/p>\n\n\n\n<p>Vale destacar que esta ley estar\u00e1 dirigida a personas\nnaturales jur\u00eddicas, instituciones p\u00fablicas, privadas, mixtas, nacionales y\nextranjeras, as\u00ed como las formas de organizaci\u00f3n socio-productiva comunal,\nsiendo su principal \u00f3rgano rector el <strong>Ministerio\ndel Poder Popular para la Energ\u00eda El\u00e9ctrica.<\/strong><\/p>\n\n\n\n<p>El desarrollo de estas estrategias busca contribuir con el\ncombate contra el <strong>Cambio Clim\u00e1tico<\/strong>,\npromoviendo as\u00ed desde el aspecto jur\u00eddico y la inclusi\u00f3n social, acciones que\nfortalezcan el compromiso con la preservaci\u00f3n ambiental y la reducci\u00f3n de\nemisi\u00f3n de gases de efecto invernadero.<\/p>\n\n\n\n<p>Prensa MPPEE<\/p>\n","protected":false},"excerpt":{"rendered":"<p>(Prensa Mppee &#8211;&nbsp; 11\/02\/2023).-&nbsp; Este s\u00e1bado se realiz\u00f3 en todo el pa\u00eds diferentes asambleas&nbsp; junto al Poder Popular organizado para<\/p>\n","protected":false},"author":22,"featured_media":88665,"comment_status":"open","ping_status":"open","sticky":false,"template":"","format":"standard","meta":{"footnotes":""},"categories":[15],"tags":[],"class_list":["post-88664","post","type-post","status-publish","format-standard","has-post-thumbnail","hentry","category-nacionales"],"_links":{"self":[{"href":"https:\/\/mppee.gob.ve\/index.php?rest_route=\/wp\/v2\/posts\/88664","targetHints":{"allow":["GET"]}}],"collection":[{"href":"https:\/\/mppee.gob.ve\/index.php?rest_route=\/wp\/v2\/posts"}],"about":[{"href":"https:\/\/mppee.gob.ve\/index.php?rest_route=\/wp\/v2\/types\/post"}],"author":[{"embeddable":true,"href":"https:\/\/mppee.gob.ve\/index.php?rest_route=\/wp\/v2\/users\/22"}],"replies":[{"embeddable":true,"href":"https:\/\/mppee.gob.ve\/index.php?rest_route=%2Fwp%2Fv2%2Fcomments&post=88664"}],"version-history":[{"count":1,"href":"https:\/\/mppee.gob.ve\/index.php?rest_route=\/wp\/v2\/posts\/88664\/revisions"}],"predecessor-version":[{"id":88666,"href":"https:\/\/mppee.gob.ve\/index.php?rest_route=\/wp\/v2\/posts\/88664\/revisions\/88666"}],"wp:featuredmedia":[{"embeddable":true,"href":"https:\/\/mppee.gob.ve\/index.php?rest_route=\/wp\/v2\/media\/88665"}],"wp:attachment":[{"href":"https:\/\/mppee.gob.ve\/index.php?rest_route=%2Fwp%2Fv2%2Fmedia&parent=88664"}],"wp:term":[{"taxonomy":"category","embeddable":true,"href":"https:\/\/mppee.gob.ve\/index.php?rest_route=%2Fwp%2Fv2%2Fcategories&post=88664"},{"taxonomy":"post_tag","embeddable":true,"href":"https:\/\/mppee.gob.ve\/index.php?rest_route=%2Fwp%2Fv2%2Ftags&post=88664"}],"curies":[{"name":"wp","href":"https:\/\/api.w.org\/{rel}","templated":true}]}}