{"id":88671,"date":"2023-02-12T20:41:28","date_gmt":"2023-02-12T20:41:28","guid":{"rendered":"http:\/\/10.200.87.50\/mppee\/?p=88671"},"modified":"2023-02-12T20:41:29","modified_gmt":"2023-02-12T20:41:29","slug":"fuerza-trabajadora-conmemoro-los-209-anos-de-la-batalla-de-la-victoria-y-el-dia-de-la-juventud","status":"publish","type":"post","link":"https:\/\/mppee.gob.ve\/?p=88671","title":{"rendered":"Fuerza trabajadora conmemor\u00f3 los 209 a\u00f1os de la Batalla de La Victoria y el D\u00eda de la Juventud"},"content":{"rendered":"\n<p>Prensa MPPEE\u2013 Caracas\n12\/02\/2023).- La <strong>fuerza trabajadora del\nsector el\u00e9ctrico<\/strong> se moviliz\u00f3 este domingo para conmemorar los 209 a\u00f1os de\nla <strong>Batalla de La Victoria y el D\u00eda de la\nJuventud<\/strong>.<\/p>\n\n\n\n<p>La marcha multitudinaria parti\u00f3\ndesde Plaza Venezuela en el Paseo de la Resistencia Ind\u00edgena y tuvo como punto\nde llegada el <strong>Palacio de Miraflores<\/strong>\ndonde fue recibida por el <strong>presidente de\nla Rep\u00fablica Bolivariana de Venezuela, Nicol\u00e1s Maduro.<\/strong><\/p>\n\n\n\n<p>En ese sentido, la <strong>viceministra para la Articulaci\u00f3n y\nParticipaci\u00f3n Social del Ministerio del Poder Popular para la Energ\u00eda El\u00e9ctrica\n(Mppee), Nuris Perozo<\/strong>, manifest\u00f3 la importancia de esta fecha patria y el\ncompromiso de la fuerza trabajadora en el desarrollo del pa\u00eds.&nbsp; <\/p>\n\n\n\n<p>\u201cNosotros desde el <strong>sector el\u00e9ctrico<\/strong> estamos promoviendo\nque la juventud venezolana sea profesional y sea profesional con calidad revolucionaria.\nEstamos movilizados, todos los sectores y todos los entes desde el <strong>Ministerio del Poder Popular para la\nEnerg\u00eda El\u00e9ctrica<\/strong> conmemorando estos 209 a\u00f1os porque estamos en la victoria;\nproducir es vencer\u201d, expres\u00f3 Perozo.<\/p>\n\n\n\n<p>En la movilizaci\u00f3n estuvieron presentes igualmente diferentes\nautoridades, invitados especiales y la juventud quienes desbordaron de amor y alegr\u00eda\nlas calles de Caracas.<\/p>\n\n\n\n<p>Por otra parte, la <strong>juventud venezolana<\/strong> denunci\u00f3 igualmente\nlas sanciones, el bloqueo econ\u00f3mico y criminal que el imperialismo norteamericano\nha querido imponer a nuestra Patria. <\/p>\n\n\n\n<p>Prensa Mppee <\/p>\n","protected":false},"excerpt":{"rendered":"<p>Prensa MPPEE\u2013 Caracas 12\/02\/2023).- La fuerza trabajadora del sector el\u00e9ctrico se moviliz\u00f3 este domingo para conmemorar los 209 a\u00f1os de<\/p>\n","protected":false},"author":22,"featured_media":88672,"comment_status":"open","ping_status":"open","sticky":false,"template":"","format":"standard","meta":{"footnotes":""},"categories":[15],"tags":[],"class_list":["post-88671","post","type-post","status-publish","format-standard","has-post-thumbnail","hentry","category-nacionales"],"_links":{"self":[{"href":"https:\/\/mppee.gob.ve\/index.php?rest_route=\/wp\/v2\/posts\/88671","targetHints":{"allow":["GET"]}}],"collection":[{"href":"https:\/\/mppee.gob.ve\/index.php?rest_route=\/wp\/v2\/posts"}],"about":[{"href":"https:\/\/mppee.gob.ve\/index.php?rest_route=\/wp\/v2\/types\/post"}],"author":[{"embeddable":true,"href":"https:\/\/mppee.gob.ve\/index.php?rest_route=\/wp\/v2\/users\/22"}],"replies":[{"embeddable":true,"href":"https:\/\/mppee.gob.ve\/index.php?rest_route=%2Fwp%2Fv2%2Fcomments&post=88671"}],"version-history":[{"count":1,"href":"https:\/\/mppee.gob.ve\/index.php?rest_route=\/wp\/v2\/posts\/88671\/revisions"}],"predecessor-version":[{"id":88673,"href":"https:\/\/mppee.gob.ve\/index.php?rest_route=\/wp\/v2\/posts\/88671\/revisions\/88673"}],"wp:featuredmedia":[{"embeddable":true,"href":"https:\/\/mppee.gob.ve\/index.php?rest_route=\/wp\/v2\/media\/88672"}],"wp:attachment":[{"href":"https:\/\/mppee.gob.ve\/index.php?rest_route=%2Fwp%2Fv2%2Fmedia&parent=88671"}],"wp:term":[{"taxonomy":"category","embeddable":true,"href":"https:\/\/mppee.gob.ve\/index.php?rest_route=%2Fwp%2Fv2%2Fcategories&post=88671"},{"taxonomy":"post_tag","embeddable":true,"href":"https:\/\/mppee.gob.ve\/index.php?rest_route=%2Fwp%2Fv2%2Ftags&post=88671"}],"curies":[{"name":"wp","href":"https:\/\/api.w.org\/{rel}","templated":true}]}}