{"id":88690,"date":"2023-02-17T00:01:53","date_gmt":"2023-02-17T00:01:53","guid":{"rendered":"http:\/\/10.200.87.50\/mppee\/?p=88690"},"modified":"2023-02-17T00:01:55","modified_gmt":"2023-02-17T00:01:55","slug":"evaluan-planes-para-mantenimiento-de-corredores-y-vias-de-acceso-a-lineas-de-transmision-y-subestaciones-del-sen","status":"publish","type":"post","link":"https:\/\/mppee.gob.ve\/?p=88690","title":{"rendered":"Eval\u00faan planes para mantenimiento de corredores y v\u00edas de acceso a l\u00edneas de transmisi\u00f3n y subestaciones del SEN"},"content":{"rendered":"\n<p>(Prensa MPPEE\u2013 Caracas 16\/02\/2023).- El <strong>vicepresidente Sectorial de Obras P\u00fablicas y Servicios, G\/J N\u00e9stor\nReverol,<\/strong> lider\u00f3 la tarde de este jueves una <strong>reuni\u00f3n de trabajo<\/strong>&nbsp; con la\nfuerza trabajadora de la <strong>Gerencia de\nProgramaci\u00f3n y Control de Vegetaci\u00f3n<\/strong> de la<strong> Corporaci\u00f3n El\u00e9ctrica Nacional (Corpoelec).<\/strong><\/p>\n\n\n\n<p>El General en Jefe destac\u00f3 que durante el encuentro se\nevaluaron las diferentes metas programadas para el <strong>mantenimiento de corredores de servicios<\/strong> <strong>y v\u00edas de acceso<\/strong> a las <strong>l\u00edneas\nde transmisi\u00f3n y subestaciones<\/strong> del <strong>Sistema\nEl\u00e9ctrico Nacional (SEN).<\/strong><\/p>\n\n\n\n<p>Reverol recalc\u00f3 igualmente que el <strong>Plan de Mantenimiento de Circuitos<\/strong>,&nbsp;\n<strong>Subestaciones y el Plan Pica,\nPoda y Tala,<\/strong> est\u00e1 orientado en el retiro de vegetaci\u00f3n cercana a los\ntendidos el\u00e9ctricos y en las instalaciones de la Estatal el\u00e9ctrica.<\/p>\n\n\n\n<p>\u201cEs una acci\u00f3n imprescindible para el funcionamiento del <strong>SEN<\/strong>, especialmente en la temporada de\nsequ\u00eda cuando pueden registrarse mayor n\u00famero de incendios forestales\u201d,\nprecis\u00f3.<\/p>\n\n\n\n<p>Finalmente, asever\u00f3 que la fuerza trabajadora del <strong>sector el\u00e9ctrico<\/strong> est\u00e1 comprometida para\nprestar un servicio continuo y de calidad para el pueblo venezolano.<\/p>\n\n\n\n<p>Prensa MPPEE<\/p>\n","protected":false},"excerpt":{"rendered":"<p>(Prensa MPPEE\u2013 Caracas 16\/02\/2023).- El vicepresidente Sectorial de Obras P\u00fablicas y Servicios, G\/J N\u00e9stor Reverol, lider\u00f3 la tarde de este<\/p>\n","protected":false},"author":22,"featured_media":88691,"comment_status":"open","ping_status":"open","sticky":false,"template":"","format":"standard","meta":{"footnotes":""},"categories":[15],"tags":[],"class_list":["post-88690","post","type-post","status-publish","format-standard","has-post-thumbnail","hentry","category-nacionales"],"_links":{"self":[{"href":"https:\/\/mppee.gob.ve\/index.php?rest_route=\/wp\/v2\/posts\/88690","targetHints":{"allow":["GET"]}}],"collection":[{"href":"https:\/\/mppee.gob.ve\/index.php?rest_route=\/wp\/v2\/posts"}],"about":[{"href":"https:\/\/mppee.gob.ve\/index.php?rest_route=\/wp\/v2\/types\/post"}],"author":[{"embeddable":true,"href":"https:\/\/mppee.gob.ve\/index.php?rest_route=\/wp\/v2\/users\/22"}],"replies":[{"embeddable":true,"href":"https:\/\/mppee.gob.ve\/index.php?rest_route=%2Fwp%2Fv2%2Fcomments&post=88690"}],"version-history":[{"count":1,"href":"https:\/\/mppee.gob.ve\/index.php?rest_route=\/wp\/v2\/posts\/88690\/revisions"}],"predecessor-version":[{"id":88692,"href":"https:\/\/mppee.gob.ve\/index.php?rest_route=\/wp\/v2\/posts\/88690\/revisions\/88692"}],"wp:featuredmedia":[{"embeddable":true,"href":"https:\/\/mppee.gob.ve\/index.php?rest_route=\/wp\/v2\/media\/88691"}],"wp:attachment":[{"href":"https:\/\/mppee.gob.ve\/index.php?rest_route=%2Fwp%2Fv2%2Fmedia&parent=88690"}],"wp:term":[{"taxonomy":"category","embeddable":true,"href":"https:\/\/mppee.gob.ve\/index.php?rest_route=%2Fwp%2Fv2%2Fcategories&post=88690"},{"taxonomy":"post_tag","embeddable":true,"href":"https:\/\/mppee.gob.ve\/index.php?rest_route=%2Fwp%2Fv2%2Ftags&post=88690"}],"curies":[{"name":"wp","href":"https:\/\/api.w.org\/{rel}","templated":true}]}}