{"id":88694,"date":"2023-02-17T23:50:24","date_gmt":"2023-02-17T23:50:24","guid":{"rendered":"http:\/\/10.200.87.50\/mppee\/?p=88694"},"modified":"2023-02-17T23:50:25","modified_gmt":"2023-02-17T23:50:25","slug":"autoridades-evaluan-avances-del-1x-10-del-buen-gobierno-en-las-regiones","status":"publish","type":"post","link":"https:\/\/mppee.gob.ve\/?p=88694","title":{"rendered":"Autoridades eval\u00faan avances del 1x 10 del Buen Gobierno en las regiones"},"content":{"rendered":"\n<p>(Prensa MPPEE\u2013 Caracas\n17\/02\/2023).- El <strong>vicepresidente\nSectorial de Obras P\u00fablicas y Servicios G\/J, N\u00e9stor Reverol<\/strong>, lider\u00f3 este\nviernes una <strong>reuni\u00f3n extraordinaria<\/strong>\nde trabajo&nbsp; con los Ministros que\nintegran la Vicepresidencia Sectorial y los presidentes de entes adscritos,\npara evaluar el desarrollo de los compromisos adquiridos con las regiones a trav\u00e9s\ndel <strong>1&#215;10 del Buen Gobierno<\/strong>.<\/p>\n\n\n\n<p>Durante el encuentro que se llev\u00f3\na cabo en la sede principal del <strong>Ministerio\ndel Poder Popular para la Energ\u00eda El\u00e9ctrica<\/strong> en Caracas, se revis\u00f3\nigualmente&nbsp; <strong>el Plan Estrat\u00e9gico Nacional para la Atenci\u00f3n de V\u00edas y Puentes <\/strong>que\nse viene ejecutando en todo el territorio nacional.<\/p>\n\n\n\n<p>El General en Jefe tambi\u00e9n\ndestac\u00f3 que se trazaron diferentes lineamientos en materia de <strong>servicios p\u00fablicos<\/strong> para las\ninstalaciones que albergar\u00e1n los quintos&nbsp;\n<strong>Juegos Deportivos de la Alianza\nBolivariana para los Pueblos de Nuestra Am\u00e9rica (ALBA) 2023<\/strong>.<\/p>\n\n\n\n<p>Este evento deportivo se\nrealizar\u00e1 en el pa\u00eds entre el 21 y 29 de abril, con la participaci\u00f3n de m\u00e1s de\n3 mil 500 atletas de 11 naciones.<\/p>\n\n\n\n<p>Prensa MPPEE <\/p>\n","protected":false},"excerpt":{"rendered":"<p>(Prensa MPPEE\u2013 Caracas 17\/02\/2023).- El vicepresidente Sectorial de Obras P\u00fablicas y Servicios G\/J, N\u00e9stor Reverol, lider\u00f3 este viernes una reuni\u00f3n<\/p>\n","protected":false},"author":22,"featured_media":88695,"comment_status":"open","ping_status":"open","sticky":false,"template":"","format":"standard","meta":{"footnotes":""},"categories":[15],"tags":[],"class_list":["post-88694","post","type-post","status-publish","format-standard","has-post-thumbnail","hentry","category-nacionales"],"_links":{"self":[{"href":"https:\/\/mppee.gob.ve\/index.php?rest_route=\/wp\/v2\/posts\/88694","targetHints":{"allow":["GET"]}}],"collection":[{"href":"https:\/\/mppee.gob.ve\/index.php?rest_route=\/wp\/v2\/posts"}],"about":[{"href":"https:\/\/mppee.gob.ve\/index.php?rest_route=\/wp\/v2\/types\/post"}],"author":[{"embeddable":true,"href":"https:\/\/mppee.gob.ve\/index.php?rest_route=\/wp\/v2\/users\/22"}],"replies":[{"embeddable":true,"href":"https:\/\/mppee.gob.ve\/index.php?rest_route=%2Fwp%2Fv2%2Fcomments&post=88694"}],"version-history":[{"count":1,"href":"https:\/\/mppee.gob.ve\/index.php?rest_route=\/wp\/v2\/posts\/88694\/revisions"}],"predecessor-version":[{"id":88696,"href":"https:\/\/mppee.gob.ve\/index.php?rest_route=\/wp\/v2\/posts\/88694\/revisions\/88696"}],"wp:featuredmedia":[{"embeddable":true,"href":"https:\/\/mppee.gob.ve\/index.php?rest_route=\/wp\/v2\/media\/88695"}],"wp:attachment":[{"href":"https:\/\/mppee.gob.ve\/index.php?rest_route=%2Fwp%2Fv2%2Fmedia&parent=88694"}],"wp:term":[{"taxonomy":"category","embeddable":true,"href":"https:\/\/mppee.gob.ve\/index.php?rest_route=%2Fwp%2Fv2%2Fcategories&post=88694"},{"taxonomy":"post_tag","embeddable":true,"href":"https:\/\/mppee.gob.ve\/index.php?rest_route=%2Fwp%2Fv2%2Ftags&post=88694"}],"curies":[{"name":"wp","href":"https:\/\/api.w.org\/{rel}","templated":true}]}}