{"id":88700,"date":"2023-02-23T13:49:58","date_gmt":"2023-02-23T13:49:58","guid":{"rendered":"http:\/\/10.200.87.50\/mppee\/?p=88700"},"modified":"2023-02-23T13:49:59","modified_gmt":"2023-02-23T13:49:59","slug":"universidad-nacional-experimental-de-especialidades-electricas-dictara-el-diplomado-de-gestion-energetica","status":"publish","type":"post","link":"https:\/\/mppee.gob.ve\/?p=88700","title":{"rendered":"Universidad Nacional Experimental de Especialidades El\u00e9ctricas dictar\u00e1 el Diplomado de Gesti\u00f3n Energ\u00e9tica"},"content":{"rendered":"\n<p>(Prensa Mppee \u2013 Caracas 23\/02\/2023).- Con el objetivo de fortalecer el conocimiento de la <strong>fuerza trabajadora del sector el\u00e9ctrico<\/strong>, la <strong>Universidad Nacional Experimental de Especialidades El\u00e9ctricas (Unexee)<\/strong>, dio inicio al <strong>diplomado \u201cGesti\u00f3n Energ\u00e9tica\u201d<\/strong>, para la 1 era. cohorte febrero-abril 2023, con una duraci\u00f3n de 200 horas acad\u00e9micas.<\/p>\n\n\n\n<p>\u201cEstamos celebrando que la <strong>Universidad Nacional Experimental de Especialidades El\u00e9ctricas<\/strong>, dio\nla aprobaci\u00f3n para el inicio del <strong>diplomado\nde Gesti\u00f3n Energ\u00e9tica<\/strong>, con el que pretendemos dar m\u00e1s conocimiento a todos\nlos participantes en cuanto a la eficiencia energ\u00e9tica y al desarrollo de las\nenerg\u00edas alternativas en nuestro pa\u00eds\u201d, dijo la <strong>viceministra para Nuevas Fuentes y Uso Racional de la Energ\u00eda\nEl\u00e9ctrica, Tania Masea.<\/strong><\/p>\n\n\n\n<p>Igualmente, se\u00f1al\u00f3 que est\u00e1n trabajando con la visi\u00f3n\nestrat\u00e9gica del sector el\u00e9ctrico para ir engranando el <strong>Plan de Desarrollo Econ\u00f3mico de la Naci\u00f3n<\/strong> en contribuci\u00f3n con el <strong>Plan Nacional de Energ\u00edas Alternativas<\/strong>\ny c\u00f3mo desde la eficiencia energ\u00e9tica se puede fortalecer el <strong>Sistema El\u00e9ctrico Nacional.<\/strong><\/p>\n\n\n\n<p>La actividad acad\u00e9mica se desarroll\u00f3 en el piso 5 de la sede\ndel Ministerio <strong>del Poder Popular para la\nEnerg\u00eda El\u00e9ctrica (Mppee)<\/strong>, ubicada en San Bernardino, Caracas, y cont\u00f3 con\nla participaci\u00f3n de 25 profesionales de distintas gerencias, quienes estar\u00e1n\ncursando cinco m\u00f3dulos de 40 horas cada uno hasta su fecha de culminaci\u00f3n, el\npr\u00f3ximo 27 abril. Las <strong>actividades\nformativas<\/strong> est\u00e1n a cargo de ocho facilitadores expertos en la materia.<\/p>\n\n\n\n<p>Por su parte, <strong>Wendy\nUzc\u00e1tegui, directora de Planificaci\u00f3n y Desarrollo de Ecoenerg\u00eda<\/strong>, manifest\u00f3\nque \u201ces una experiencia nueva donde vamos a adquirir muchos conocimientos para\nel desarrollo de nuestras funciones\u201d.<\/p>\n\n\n\n<p>Prensa Mppee<\/p>\n","protected":false},"excerpt":{"rendered":"<p>(Prensa Mppee \u2013 Caracas 23\/02\/2023).- Con el objetivo de fortalecer el conocimiento de la fuerza trabajadora del sector el\u00e9ctrico, la<\/p>\n","protected":false},"author":22,"featured_media":88701,"comment_status":"open","ping_status":"open","sticky":false,"template":"","format":"standard","meta":{"footnotes":""},"categories":[1],"tags":[],"class_list":["post-88700","post","type-post","status-publish","format-standard","has-post-thumbnail","hentry","category-mppee"],"_links":{"self":[{"href":"https:\/\/mppee.gob.ve\/index.php?rest_route=\/wp\/v2\/posts\/88700","targetHints":{"allow":["GET"]}}],"collection":[{"href":"https:\/\/mppee.gob.ve\/index.php?rest_route=\/wp\/v2\/posts"}],"about":[{"href":"https:\/\/mppee.gob.ve\/index.php?rest_route=\/wp\/v2\/types\/post"}],"author":[{"embeddable":true,"href":"https:\/\/mppee.gob.ve\/index.php?rest_route=\/wp\/v2\/users\/22"}],"replies":[{"embeddable":true,"href":"https:\/\/mppee.gob.ve\/index.php?rest_route=%2Fwp%2Fv2%2Fcomments&post=88700"}],"version-history":[{"count":1,"href":"https:\/\/mppee.gob.ve\/index.php?rest_route=\/wp\/v2\/posts\/88700\/revisions"}],"predecessor-version":[{"id":88702,"href":"https:\/\/mppee.gob.ve\/index.php?rest_route=\/wp\/v2\/posts\/88700\/revisions\/88702"}],"wp:featuredmedia":[{"embeddable":true,"href":"https:\/\/mppee.gob.ve\/index.php?rest_route=\/wp\/v2\/media\/88701"}],"wp:attachment":[{"href":"https:\/\/mppee.gob.ve\/index.php?rest_route=%2Fwp%2Fv2%2Fmedia&parent=88700"}],"wp:term":[{"taxonomy":"category","embeddable":true,"href":"https:\/\/mppee.gob.ve\/index.php?rest_route=%2Fwp%2Fv2%2Fcategories&post=88700"},{"taxonomy":"post_tag","embeddable":true,"href":"https:\/\/mppee.gob.ve\/index.php?rest_route=%2Fwp%2Fv2%2Ftags&post=88700"}],"curies":[{"name":"wp","href":"https:\/\/api.w.org\/{rel}","templated":true}]}}