{"id":88707,"date":"2023-02-23T21:06:15","date_gmt":"2023-02-23T21:06:15","guid":{"rendered":"http:\/\/10.200.87.50\/mppee\/?p=88707"},"modified":"2023-02-23T21:06:47","modified_gmt":"2023-02-23T21:06:47","slug":"disenan-plan-para-el-mantenimiento-de-unidades-terrestres-y-fortalecer-la-capacidad-operativa-en-el-pais","status":"publish","type":"post","link":"https:\/\/mppee.gob.ve\/?p=88707","title":{"rendered":"Dise\u00f1an Plan para el mantenimiento de unidades terrestres y fortalecer la capacidad operativa en el pa\u00eds"},"content":{"rendered":"<p style=\"text-align: justify;\"><img loading=\"lazy\" decoding=\"async\" class=\"size-medium wp-image-88715 alignleft\" src=\"http:\/\/10.200.87.50\/mppee\/wp-content\/uploads\/2023\/02\/Dise\u00f1an-Plan-para-el-mantenimiento-de-unidades-terrestres-y-fortalecer-la-capacidad-operativa-en-el-pa\u00eds-300x168.jpeg\" alt=\"\" width=\"300\" height=\"168\" srcset=\"https:\/\/mppee.gob.ve\/wp-content\/uploads\/2023\/02\/Dise\u00f1an-Plan-para-el-mantenimiento-de-unidades-terrestres-y-fortalecer-la-capacidad-operativa-en-el-pa\u00eds-300x168.jpeg 300w, https:\/\/mppee.gob.ve\/wp-content\/uploads\/2023\/02\/Dise\u00f1an-Plan-para-el-mantenimiento-de-unidades-terrestres-y-fortalecer-la-capacidad-operativa-en-el-pa\u00eds-1024x574.jpeg 1024w, https:\/\/mppee.gob.ve\/wp-content\/uploads\/2023\/02\/Dise\u00f1an-Plan-para-el-mantenimiento-de-unidades-terrestres-y-fortalecer-la-capacidad-operativa-en-el-pa\u00eds-768x431.jpeg 768w, https:\/\/mppee.gob.ve\/wp-content\/uploads\/2023\/02\/Dise\u00f1an-Plan-para-el-mantenimiento-de-unidades-terrestres-y-fortalecer-la-capacidad-operativa-en-el-pa\u00eds-800x445.jpeg 800w, https:\/\/mppee.gob.ve\/wp-content\/uploads\/2023\/02\/Dise\u00f1an-Plan-para-el-mantenimiento-de-unidades-terrestres-y-fortalecer-la-capacidad-operativa-en-el-pa\u00eds.jpeg 1280w\" sizes=\"auto, (max-width: 300px) 100vw, 300px\" \/>El vicepresidente Sectorial de Obras P\u00fablicas y Servicios, G\/J, N\u00e9stor Reverol, sostuvo este jueves un importante encuentro de trabajo con el Ministro del Poder Popular para el Transporte, Ram\u00f3n Vel\u00e1squez Araguay\u00e1n y representantes de las Operadoras de Transporte P\u00fablico (OTP), con el objetivo de dise\u00f1ar una pol\u00edtica de mantenimiento de las unidades terrestres para fortalecer la capacidad operativa del servicio en el pa\u00eds.<\/p>\n<p style=\"text-align: justify;\">Reverol destac\u00f3 que durante la reuni\u00f3n se dise\u00f1\u00f3 igualmente un mapa de soluciones para garantizarles a los transportistas el suministro de combustible, con el prop\u00f3sito de mejorar la movilidad de la poblaci\u00f3n venezolana.<\/p>\n<p style=\"text-align: justify;\"><strong><img loading=\"lazy\" decoding=\"async\" class=\"size-medium wp-image-88709 alignright\" src=\"http:\/\/10.200.87.50\/mppee\/wp-content\/uploads\/2023\/02\/Dise\u00f1an-Plan-para-el-mantenimiento-de-unidades-terrestres-y-fortalecer-la-capacidad-operativa-en-el-pa\u00eds-2-300x196.jpeg\" alt=\"\" width=\"300\" height=\"196\" srcset=\"https:\/\/mppee.gob.ve\/wp-content\/uploads\/2023\/02\/Dise\u00f1an-Plan-para-el-mantenimiento-de-unidades-terrestres-y-fortalecer-la-capacidad-operativa-en-el-pa\u00eds-2-300x196.jpeg 300w, https:\/\/mppee.gob.ve\/wp-content\/uploads\/2023\/02\/Dise\u00f1an-Plan-para-el-mantenimiento-de-unidades-terrestres-y-fortalecer-la-capacidad-operativa-en-el-pa\u00eds-2-1024x668.jpeg 1024w, https:\/\/mppee.gob.ve\/wp-content\/uploads\/2023\/02\/Dise\u00f1an-Plan-para-el-mantenimiento-de-unidades-terrestres-y-fortalecer-la-capacidad-operativa-en-el-pa\u00eds-2-768x501.jpeg 768w, https:\/\/mppee.gob.ve\/wp-content\/uploads\/2023\/02\/Dise\u00f1an-Plan-para-el-mantenimiento-de-unidades-terrestres-y-fortalecer-la-capacidad-operativa-en-el-pa\u00eds-2.jpeg 1280w\" sizes=\"auto, (max-width: 300px) 100vw, 300px\" \/>\u201cTambi\u00e9n instru\u00ed a las OTP que deben utilizar el sistema Veticket para asegurar un cobro actualizado, permiti\u00e9ndoles a los usuarios y usuarias hacer uso de los beneficios que reciben a trav\u00e9s del Carnet de la Patria\u201d<\/strong>, sostuvo el General en Jefe.<\/p>\n<p style=\"text-align: justify;\"><em><strong>Recuperar\u00e1n m\u00e1s de 1.400 autobuses en 2023<\/strong><\/em><\/p>\n<p style=\"text-align: justify;\"><img loading=\"lazy\" decoding=\"async\" class=\"size-medium wp-image-88712 alignleft\" src=\"http:\/\/10.200.87.50\/mppee\/wp-content\/uploads\/2023\/02\/Dise\u00f1an-Plan-para-el-mantenimiento-de-unidades-terrestres-y-fortalecer-la-capacidad-operativa-en-el-pa\u00eds-5-300x200.jpeg\" alt=\"\" width=\"300\" height=\"200\" srcset=\"https:\/\/mppee.gob.ve\/wp-content\/uploads\/2023\/02\/Dise\u00f1an-Plan-para-el-mantenimiento-de-unidades-terrestres-y-fortalecer-la-capacidad-operativa-en-el-pa\u00eds-5-300x200.jpeg 300w, https:\/\/mppee.gob.ve\/wp-content\/uploads\/2023\/02\/Dise\u00f1an-Plan-para-el-mantenimiento-de-unidades-terrestres-y-fortalecer-la-capacidad-operativa-en-el-pa\u00eds-5-1024x682.jpeg 1024w, https:\/\/mppee.gob.ve\/wp-content\/uploads\/2023\/02\/Dise\u00f1an-Plan-para-el-mantenimiento-de-unidades-terrestres-y-fortalecer-la-capacidad-operativa-en-el-pa\u00eds-5-768x512.jpeg 768w, https:\/\/mppee.gob.ve\/wp-content\/uploads\/2023\/02\/Dise\u00f1an-Plan-para-el-mantenimiento-de-unidades-terrestres-y-fortalecer-la-capacidad-operativa-en-el-pa\u00eds-5.jpeg 1280w\" sizes=\"auto, (max-width: 300px) 100vw, 300px\" \/>Por otra parte, el Vicepresidente Sectorial anunci\u00f3 que durante el a\u00f1o 2023 ser\u00e1n recuperadas m\u00e1s de 1.400 unidades a trav\u00e9s del Plan de Mantenimiento Preventivo y Correctivo del Sistema Nacional de Transporte.<\/p>\n<p style=\"text-align: justify;\">Agreg\u00f3 que se adquirieron insumos para 3.500 veh\u00edculos, as\u00ed como 240 nuevas unidades, todo ello con el fin de optimizar el servicio de transporte p\u00fablico.<\/p>\n<p style=\"text-align: justify;\"><strong>\u201cEl Gobierno Nacional sigue implementando pol\u00edticas en materia de transporte p\u00fablico para vencer las consecuencias del bloqueo econ\u00f3mico que enfrenta el pa\u00eds\u201d<\/strong>, finaliz\u00f3 Reverol.<\/p>\n<p style=\"text-align: justify;\"><strong>Prensa Mppee<\/strong><\/p>\n<p><a href=\"https:\/\/youtu.be\/8bdAz1MAMjI\">VIDEO<\/a><\/p>\n<p><img loading=\"lazy\" decoding=\"async\" class=\"alignnone wp-image-88714 size-large\" src=\"http:\/\/10.200.87.50\/mppee\/wp-content\/uploads\/2023\/02\/Dise\u00f1an-Plan-para-el-mantenimiento-de-unidades-terrestres-y-fortalecer-la-capacidad-operativa-en-el-pa\u00eds-7-1024x741.jpeg\" alt=\"\" width=\"800\" height=\"579\" srcset=\"https:\/\/mppee.gob.ve\/wp-content\/uploads\/2023\/02\/Dise\u00f1an-Plan-para-el-mantenimiento-de-unidades-terrestres-y-fortalecer-la-capacidad-operativa-en-el-pa\u00eds-7-1024x741.jpeg 1024w, https:\/\/mppee.gob.ve\/wp-content\/uploads\/2023\/02\/Dise\u00f1an-Plan-para-el-mantenimiento-de-unidades-terrestres-y-fortalecer-la-capacidad-operativa-en-el-pa\u00eds-7-300x217.jpeg 300w, https:\/\/mppee.gob.ve\/wp-content\/uploads\/2023\/02\/Dise\u00f1an-Plan-para-el-mantenimiento-de-unidades-terrestres-y-fortalecer-la-capacidad-operativa-en-el-pa\u00eds-7-768x556.jpeg 768w, https:\/\/mppee.gob.ve\/wp-content\/uploads\/2023\/02\/Dise\u00f1an-Plan-para-el-mantenimiento-de-unidades-terrestres-y-fortalecer-la-capacidad-operativa-en-el-pa\u00eds-7.jpeg 1280w\" sizes=\"auto, (max-width: 800px) 100vw, 800px\" \/> <img loading=\"lazy\" decoding=\"async\" class=\"alignnone wp-image-88710 size-large\" src=\"http:\/\/10.200.87.50\/mppee\/wp-content\/uploads\/2023\/02\/Dise\u00f1an-Plan-para-el-mantenimiento-de-unidades-terrestres-y-fortalecer-la-capacidad-operativa-en-el-pa\u00eds-3-1024x682.jpeg\" alt=\"\" width=\"800\" height=\"533\" srcset=\"https:\/\/mppee.gob.ve\/wp-content\/uploads\/2023\/02\/Dise\u00f1an-Plan-para-el-mantenimiento-de-unidades-terrestres-y-fortalecer-la-capacidad-operativa-en-el-pa\u00eds-3-1024x682.jpeg 1024w, https:\/\/mppee.gob.ve\/wp-content\/uploads\/2023\/02\/Dise\u00f1an-Plan-para-el-mantenimiento-de-unidades-terrestres-y-fortalecer-la-capacidad-operativa-en-el-pa\u00eds-3-300x200.jpeg 300w, https:\/\/mppee.gob.ve\/wp-content\/uploads\/2023\/02\/Dise\u00f1an-Plan-para-el-mantenimiento-de-unidades-terrestres-y-fortalecer-la-capacidad-operativa-en-el-pa\u00eds-3-768x512.jpeg 768w, https:\/\/mppee.gob.ve\/wp-content\/uploads\/2023\/02\/Dise\u00f1an-Plan-para-el-mantenimiento-de-unidades-terrestres-y-fortalecer-la-capacidad-operativa-en-el-pa\u00eds-3.jpeg 1280w\" sizes=\"auto, (max-width: 800px) 100vw, 800px\" \/><\/p>\n","protected":false},"excerpt":{"rendered":"<p>El vicepresidente Sectorial de Obras P\u00fablicas y Servicios, G\/J, N\u00e9stor Reverol, sostuvo este jueves un importante encuentro de trabajo con<\/p>\n","protected":false},"author":12,"featured_media":88711,"comment_status":"open","ping_status":"open","sticky":false,"template":"","format":"standard","meta":{"footnotes":""},"categories":[15],"tags":[],"class_list":["post-88707","post","type-post","status-publish","format-standard","has-post-thumbnail","hentry","category-nacionales"],"_links":{"self":[{"href":"https:\/\/mppee.gob.ve\/index.php?rest_route=\/wp\/v2\/posts\/88707","targetHints":{"allow":["GET"]}}],"collection":[{"href":"https:\/\/mppee.gob.ve\/index.php?rest_route=\/wp\/v2\/posts"}],"about":[{"href":"https:\/\/mppee.gob.ve\/index.php?rest_route=\/wp\/v2\/types\/post"}],"author":[{"embeddable":true,"href":"https:\/\/mppee.gob.ve\/index.php?rest_route=\/wp\/v2\/users\/12"}],"replies":[{"embeddable":true,"href":"https:\/\/mppee.gob.ve\/index.php?rest_route=%2Fwp%2Fv2%2Fcomments&post=88707"}],"version-history":[{"count":2,"href":"https:\/\/mppee.gob.ve\/index.php?rest_route=\/wp\/v2\/posts\/88707\/revisions"}],"predecessor-version":[{"id":88717,"href":"https:\/\/mppee.gob.ve\/index.php?rest_route=\/wp\/v2\/posts\/88707\/revisions\/88717"}],"wp:featuredmedia":[{"embeddable":true,"href":"https:\/\/mppee.gob.ve\/index.php?rest_route=\/wp\/v2\/media\/88711"}],"wp:attachment":[{"href":"https:\/\/mppee.gob.ve\/index.php?rest_route=%2Fwp%2Fv2%2Fmedia&parent=88707"}],"wp:term":[{"taxonomy":"category","embeddable":true,"href":"https:\/\/mppee.gob.ve\/index.php?rest_route=%2Fwp%2Fv2%2Fcategories&post=88707"},{"taxonomy":"post_tag","embeddable":true,"href":"https:\/\/mppee.gob.ve\/index.php?rest_route=%2Fwp%2Fv2%2Ftags&post=88707"}],"curies":[{"name":"wp","href":"https:\/\/api.w.org\/{rel}","templated":true}]}}