{"id":88732,"date":"2023-02-26T19:36:34","date_gmt":"2023-02-26T19:36:34","guid":{"rendered":"http:\/\/10.200.87.50\/mppee\/?p=88732"},"modified":"2023-02-26T19:36:36","modified_gmt":"2023-02-26T19:36:36","slug":"ebrin-pereira-trabajar-en-corpoelec-fue-un-sueno-hecho-realidad","status":"publish","type":"post","link":"https:\/\/mppee.gob.ve\/?p=88732","title":{"rendered":"Ebrin Pereira: Trabajar en Corpoelec fue un sue\u00f1o hecho realidad"},"content":{"rendered":"\n<p><strong>Prensa MPPEE\u2013 (Caracas\n26\/02\/2023).-<\/strong> Para <strong>Ebrin Pereira<\/strong>,\nquien es <strong>jefe de Divisi\u00f3n del Centro de\nServicios La Yaguara<\/strong> de <strong>la\nCorporaci\u00f3n El\u00e9ctrica Nacional (Corpoelec)<\/strong>, trabajar en esta instituci\u00f3n\nfue un sue\u00f1o hecho realidad. <\/p>\n\n\n\n<p>Ilusi\u00f3n que tuvo desde peque\u00f1o, gracias a su padre quien lo\nllevaba al ente adscrito del <strong>Ministerio\npara el Poder Popular de la Energ\u00eda El\u00e9ctrica (Mppee)<\/strong>, y donde labor\u00f3\ndurante 28 a\u00f1os, \u201cse jubil\u00f3 hace dos a\u00f1os\u201d, indic\u00f3 Pereira. <\/p>\n\n\n\n<p>\u201cCrec\u00ed con esa emoci\u00f3n (\u2026) as\u00ed que estudi\u00e9 primero <strong>T\u00e9cnico Superior de Electricidad<\/strong> con\nlas ganas de ingresar a la empresa. Y as\u00ed fue, empec\u00e9 aqu\u00ed, en <strong>La Yaguara<\/strong>, en la parte de desarrollo.\nTambi\u00e9n me gradu\u00e9 de ingeniero\u201d, expres\u00f3. <\/p>\n\n\n\n<p>En el a\u00f1o 2020 ocup\u00f3 el cargo de Jefe de <strong>Divisi\u00f3n del Centro de Servicios La Yaguara<\/strong>,\ndonde tambi\u00e9n asumi\u00f3 el compromiso de mantener la formaci\u00f3n constante de su\nequipo laboral, \u201cporque eso es importante para los trabajadores\u201d, afirm\u00f3. <\/p>\n\n\n\n<p>\u201cEllos son h\u00e9roes an\u00f3nimos, siempre est\u00e1n ah\u00ed trabajando\ndiariamente para garantizarle el servicio el\u00e9ctrico a la gente\u201d, concluy\u00f3\nPereira.<\/p>\n","protected":false},"excerpt":{"rendered":"<p>Prensa MPPEE\u2013 (Caracas 26\/02\/2023).- Para Ebrin Pereira, quien es jefe de Divisi\u00f3n del Centro de Servicios La Yaguara de la<\/p>\n","protected":false},"author":22,"featured_media":0,"comment_status":"open","ping_status":"open","sticky":false,"template":"","format":"standard","meta":{"footnotes":""},"categories":[1],"tags":[],"class_list":["post-88732","post","type-post","status-publish","format-standard","hentry","category-mppee"],"_links":{"self":[{"href":"https:\/\/mppee.gob.ve\/index.php?rest_route=\/wp\/v2\/posts\/88732","targetHints":{"allow":["GET"]}}],"collection":[{"href":"https:\/\/mppee.gob.ve\/index.php?rest_route=\/wp\/v2\/posts"}],"about":[{"href":"https:\/\/mppee.gob.ve\/index.php?rest_route=\/wp\/v2\/types\/post"}],"author":[{"embeddable":true,"href":"https:\/\/mppee.gob.ve\/index.php?rest_route=\/wp\/v2\/users\/22"}],"replies":[{"embeddable":true,"href":"https:\/\/mppee.gob.ve\/index.php?rest_route=%2Fwp%2Fv2%2Fcomments&post=88732"}],"version-history":[{"count":1,"href":"https:\/\/mppee.gob.ve\/index.php?rest_route=\/wp\/v2\/posts\/88732\/revisions"}],"predecessor-version":[{"id":88734,"href":"https:\/\/mppee.gob.ve\/index.php?rest_route=\/wp\/v2\/posts\/88732\/revisions\/88734"}],"wp:attachment":[{"href":"https:\/\/mppee.gob.ve\/index.php?rest_route=%2Fwp%2Fv2%2Fmedia&parent=88732"}],"wp:term":[{"taxonomy":"category","embeddable":true,"href":"https:\/\/mppee.gob.ve\/index.php?rest_route=%2Fwp%2Fv2%2Fcategories&post=88732"},{"taxonomy":"post_tag","embeddable":true,"href":"https:\/\/mppee.gob.ve\/index.php?rest_route=%2Fwp%2Fv2%2Ftags&post=88732"}],"curies":[{"name":"wp","href":"https:\/\/api.w.org\/{rel}","templated":true}]}}