{"id":88735,"date":"2023-02-27T23:14:53","date_gmt":"2023-02-27T23:14:53","guid":{"rendered":"http:\/\/10.200.87.50\/mppee\/?p=88735"},"modified":"2023-02-27T23:15:32","modified_gmt":"2023-02-27T23:15:32","slug":"fuerza-trabajadora-del-sector-electrico-conmemora-34-anos-de-el-caracazo","status":"publish","type":"post","link":"https:\/\/mppee.gob.ve\/?p=88735","title":{"rendered":"Fuerza trabajadora del sector el\u00e9ctrico conmemora 34 a\u00f1os de \u201cEl Caracazo\u201d"},"content":{"rendered":"\n<p>Prensa MPPEE (Caracas\n27\/02\/2023).-&nbsp; La <strong>fuerza trabajadora del sector el\u00e9ctrico<\/strong> conmemor\u00f3 este lunes los 34\na\u00f1os de <strong>\u201cEl Caracazo\u201d<\/strong>, reafirmando\nla lucha contra el <strong>imperialismo<\/strong>\ndurante&nbsp; una concentraci\u00f3n que tuvo lugar\nen la <strong>plaza Al\u00ed Primera<\/strong>, en la\nparroquia El Valle de Caracas.<\/p>\n\n\n\n<p>Con consignas y cantos los <strong>trabajadores<\/strong> demostraron una vez m\u00e1s su\nvoluntad inquebrantable de defender la soberan\u00eda e independencia de la Patria,\nadem\u00e1s de manifestar su contundente rechazo a&nbsp;\nla barbarie y las pol\u00edticas neoliberales impuestas por el <strong>Fondo Monetario Internacional (FMI)<\/strong>\npara la \u00e9poca.&nbsp; <\/p>\n\n\n\n<p>De manera simult\u00e1nea, igualmente\nse realizaron concentraciones en Petare y el Cuartel San Carlos, en la capital\ndel pa\u00eds.<\/p>\n\n\n\n<p>Vale recordar que esta rebeli\u00f3n\npopular se inici\u00f3 en la ciudad de&nbsp;\nGuarenas, estado Miranda, pero luego se extendi\u00f3 a la capital del pa\u00eds.\nYa en horas de la tarde en toda Caracas, el Pueblo sali\u00f3 a las calles a\ndefender sus derechos. <\/p>\n\n\n\n<p>Las fuerzas militares y\npoliciales dirigidas por el Gobierno de ese entonces, pusieron en marcha la\nbrutal represi\u00f3n. A esta masacre se le conoce como \u201cEl Caracazo\u201d.<\/p>\n\n\n\n<p>Prensa MPPEE<\/p>\n","protected":false},"excerpt":{"rendered":"<p>Prensa MPPEE (Caracas 27\/02\/2023).-&nbsp; La fuerza trabajadora del sector el\u00e9ctrico conmemor\u00f3 este lunes los 34 a\u00f1os de \u201cEl Caracazo\u201d, reafirmando<\/p>\n","protected":false},"author":22,"featured_media":88738,"comment_status":"open","ping_status":"open","sticky":false,"template":"","format":"standard","meta":{"footnotes":""},"categories":[15],"tags":[],"class_list":["post-88735","post","type-post","status-publish","format-standard","has-post-thumbnail","hentry","category-nacionales"],"_links":{"self":[{"href":"https:\/\/mppee.gob.ve\/index.php?rest_route=\/wp\/v2\/posts\/88735","targetHints":{"allow":["GET"]}}],"collection":[{"href":"https:\/\/mppee.gob.ve\/index.php?rest_route=\/wp\/v2\/posts"}],"about":[{"href":"https:\/\/mppee.gob.ve\/index.php?rest_route=\/wp\/v2\/types\/post"}],"author":[{"embeddable":true,"href":"https:\/\/mppee.gob.ve\/index.php?rest_route=\/wp\/v2\/users\/22"}],"replies":[{"embeddable":true,"href":"https:\/\/mppee.gob.ve\/index.php?rest_route=%2Fwp%2Fv2%2Fcomments&post=88735"}],"version-history":[{"count":1,"href":"https:\/\/mppee.gob.ve\/index.php?rest_route=\/wp\/v2\/posts\/88735\/revisions"}],"predecessor-version":[{"id":88737,"href":"https:\/\/mppee.gob.ve\/index.php?rest_route=\/wp\/v2\/posts\/88735\/revisions\/88737"}],"wp:featuredmedia":[{"embeddable":true,"href":"https:\/\/mppee.gob.ve\/index.php?rest_route=\/wp\/v2\/media\/88738"}],"wp:attachment":[{"href":"https:\/\/mppee.gob.ve\/index.php?rest_route=%2Fwp%2Fv2%2Fmedia&parent=88735"}],"wp:term":[{"taxonomy":"category","embeddable":true,"href":"https:\/\/mppee.gob.ve\/index.php?rest_route=%2Fwp%2Fv2%2Fcategories&post=88735"},{"taxonomy":"post_tag","embeddable":true,"href":"https:\/\/mppee.gob.ve\/index.php?rest_route=%2Fwp%2Fv2%2Ftags&post=88735"}],"curies":[{"name":"wp","href":"https:\/\/api.w.org\/{rel}","templated":true}]}}