{"id":88739,"date":"2023-02-28T00:37:44","date_gmt":"2023-02-28T00:37:44","guid":{"rendered":"http:\/\/10.200.87.50\/mppee\/?p=88739"},"modified":"2023-02-28T00:37:45","modified_gmt":"2023-02-28T00:37:45","slug":"mas-de-300-mil-transportistas-registrados-en-el-sistema-patria-en-los-ultimos-cinco-meses","status":"publish","type":"post","link":"https:\/\/mppee.gob.ve\/?p=88739","title":{"rendered":"M\u00e1s de 300 mil transportistas registrados en el Sistema Patria en los \u00faltimos cinco meses"},"content":{"rendered":"\n<p>Prensa MPPEE (Caracas 27\/02\/2023).- El <strong>vicepresidente Sectorial de Obras P\u00fablicas y Servicios, G\/J N\u00e9stor\nReverol,<\/strong> lider\u00f3 este lunes una <strong>reuni\u00f3n\nextraordinaria de trabajo<\/strong> con el equipo del <strong>Ministerio del Poder Popular para el Transporte (MPPT)<\/strong> y el <strong>\u00d3rgano Superior de Transporte<\/strong>, con la\nfinalidad de concretar las acciones dirigidas a optimizar este <strong>servicio p\u00fablico<\/strong> tan vital para el desarrollo\nproductivo del pa\u00eds.<\/p>\n\n\n\n<p>En ese contexto, el General en Jefe, destac\u00f3 que durante los\n\u00faltimos cinco meses se pueden contabilizar m\u00e1s de 300 mil <strong>transportistas registrados<\/strong> en el <strong>Sistema Patria<\/strong>, una estrategia que permitir\u00e1 conocer y atender en\ntiempo real las necesidades de este importante sector.<\/p>\n\n\n\n<p>Por otra parte, <strong>Reverol<\/strong>\ninform\u00f3 sobre los avances en la reorganizaci\u00f3n del transporte p\u00fablico para\nestablecer cronogramas de suministro de <strong>combustible\nsubsidiado<\/strong>, que beneficiar\u00e1 tanto al conductor como a los usuarios. <\/p>\n\n\n\n<p>\u201cContamos con los l\u00edderes y las bases de este importante\nsector que moviliza a nuestro pueblo\u201d, precis\u00f3.<\/p>\n\n\n\n<p>Prensa MPPEE\/ Jeimy Avenda\u00f1o<\/p>\n","protected":false},"excerpt":{"rendered":"<p>Prensa MPPEE (Caracas 27\/02\/2023).- El vicepresidente Sectorial de Obras P\u00fablicas y Servicios, G\/J N\u00e9stor Reverol, lider\u00f3 este lunes una reuni\u00f3n<\/p>\n","protected":false},"author":22,"featured_media":88740,"comment_status":"open","ping_status":"open","sticky":false,"template":"","format":"standard","meta":{"footnotes":""},"categories":[15],"tags":[],"class_list":["post-88739","post","type-post","status-publish","format-standard","has-post-thumbnail","hentry","category-nacionales"],"_links":{"self":[{"href":"https:\/\/mppee.gob.ve\/index.php?rest_route=\/wp\/v2\/posts\/88739","targetHints":{"allow":["GET"]}}],"collection":[{"href":"https:\/\/mppee.gob.ve\/index.php?rest_route=\/wp\/v2\/posts"}],"about":[{"href":"https:\/\/mppee.gob.ve\/index.php?rest_route=\/wp\/v2\/types\/post"}],"author":[{"embeddable":true,"href":"https:\/\/mppee.gob.ve\/index.php?rest_route=\/wp\/v2\/users\/22"}],"replies":[{"embeddable":true,"href":"https:\/\/mppee.gob.ve\/index.php?rest_route=%2Fwp%2Fv2%2Fcomments&post=88739"}],"version-history":[{"count":1,"href":"https:\/\/mppee.gob.ve\/index.php?rest_route=\/wp\/v2\/posts\/88739\/revisions"}],"predecessor-version":[{"id":88741,"href":"https:\/\/mppee.gob.ve\/index.php?rest_route=\/wp\/v2\/posts\/88739\/revisions\/88741"}],"wp:featuredmedia":[{"embeddable":true,"href":"https:\/\/mppee.gob.ve\/index.php?rest_route=\/wp\/v2\/media\/88740"}],"wp:attachment":[{"href":"https:\/\/mppee.gob.ve\/index.php?rest_route=%2Fwp%2Fv2%2Fmedia&parent=88739"}],"wp:term":[{"taxonomy":"category","embeddable":true,"href":"https:\/\/mppee.gob.ve\/index.php?rest_route=%2Fwp%2Fv2%2Fcategories&post=88739"},{"taxonomy":"post_tag","embeddable":true,"href":"https:\/\/mppee.gob.ve\/index.php?rest_route=%2Fwp%2Fv2%2Ftags&post=88739"}],"curies":[{"name":"wp","href":"https:\/\/api.w.org\/{rel}","templated":true}]}}