{"id":88742,"date":"2023-02-28T23:06:23","date_gmt":"2023-02-28T23:06:23","guid":{"rendered":"http:\/\/10.200.87.50\/mppee\/?p=88742"},"modified":"2023-02-28T23:06:25","modified_gmt":"2023-02-28T23:06:25","slug":"venezuela-y-turkiye-intercambian-estrategias-en-materia-de-energia-electrica","status":"publish","type":"post","link":"https:\/\/mppee.gob.ve\/?p=88742","title":{"rendered":"Venezuela y T\u00fcrkiye intercambian estrategias en materia de energ\u00eda el\u00e9ctrica"},"content":{"rendered":"\n<p>Prensa MPPEE- (Caracas 28\/02\/2023).-\nEl <strong>vicepresidente Sectorial de Obras\nP\u00fablicas y Servicios, G\/J N\u00e9stor Reverol<\/strong>, sostuvo este martes una\nimportante reuni\u00f3n con el <strong>Excelent\u00edsimo\nEmbajador de la Rep\u00fablica de T\u00fcrkiye,&nbsp;\nAydan Karamano\u011flu.<\/strong><\/p>\n\n\n\n<p>En ese contexto, el <strong>General en Jefe<\/strong> detall\u00f3 que durante el\nencuentro intercambiaron diferentes <strong>estrategias<\/strong>\nvinculadas a proyectos para el beneficio de ambas naciones en materia de <strong>energ\u00eda el\u00e9ctrica<\/strong>, con el fin de\navanzar con una visi\u00f3n integradora.<\/p>\n\n\n\n<p>\u201c<strong>Venezuela<\/strong> viene estableciendo alianzas con pa\u00edses hermanos para\nfortalecer \u00e1reas que tributen al <strong>desarrollo\necon\u00f3mico, productivo y social<\/strong> de nuestros pueblos, particularmente en el\nfortalecimiento del <strong>Sistema El\u00e9ctrico\nNacional<\/strong>\u201d, asever\u00f3 Reverol. <\/p>\n\n\n\n<p>Por otra parte, el tambi\u00e9n <strong>Ministro para la Energ\u00eda El\u00e9ctrica<\/strong>\nexpres\u00f3 su solidaridad al diplom\u00e1tico y al pueblo de <strong>T\u00fcrkiye<\/strong> por los terremotos que se registraron en ese pa\u00eds el pasado\n8 de febrero, y que dejaron m\u00e1s de 45.000 muertos. <\/p>\n\n\n\n<p>\u201cExpresamos nuestra <strong>solidaridad<\/strong> al Gobierno y las familias\nafectadas por los terremotos que se registraron en ese pa\u00eds y hacemos votos por\nsu pronta recuperaci\u00f3n\u201d, dijo Reverol. <\/p>\n\n\n\n<p>Vale recordar que <strong>Venezuela y T\u00fcrkiye<\/strong> mantienen una\nentrelazada relaci\u00f3n bilateral que les ha permitido firmar acuerdos\nestrat\u00e9gicos en diferentes \u00e1reas en pro del bienestar de ambas naciones. <\/p>\n\n\n\n<p>Prensa MPPEE\/ Aliarly Carrillo<\/p>\n","protected":false},"excerpt":{"rendered":"<p>Prensa MPPEE- (Caracas 28\/02\/2023).- El vicepresidente Sectorial de Obras P\u00fablicas y Servicios, G\/J N\u00e9stor Reverol, sostuvo este martes una importante<\/p>\n","protected":false},"author":22,"featured_media":88743,"comment_status":"open","ping_status":"open","sticky":false,"template":"","format":"standard","meta":{"footnotes":""},"categories":[15],"tags":[46],"class_list":["post-88742","post","type-post","status-publish","format-standard","has-post-thumbnail","hentry","category-nacionales","tag-venezuela"],"_links":{"self":[{"href":"https:\/\/mppee.gob.ve\/index.php?rest_route=\/wp\/v2\/posts\/88742","targetHints":{"allow":["GET"]}}],"collection":[{"href":"https:\/\/mppee.gob.ve\/index.php?rest_route=\/wp\/v2\/posts"}],"about":[{"href":"https:\/\/mppee.gob.ve\/index.php?rest_route=\/wp\/v2\/types\/post"}],"author":[{"embeddable":true,"href":"https:\/\/mppee.gob.ve\/index.php?rest_route=\/wp\/v2\/users\/22"}],"replies":[{"embeddable":true,"href":"https:\/\/mppee.gob.ve\/index.php?rest_route=%2Fwp%2Fv2%2Fcomments&post=88742"}],"version-history":[{"count":1,"href":"https:\/\/mppee.gob.ve\/index.php?rest_route=\/wp\/v2\/posts\/88742\/revisions"}],"predecessor-version":[{"id":88744,"href":"https:\/\/mppee.gob.ve\/index.php?rest_route=\/wp\/v2\/posts\/88742\/revisions\/88744"}],"wp:featuredmedia":[{"embeddable":true,"href":"https:\/\/mppee.gob.ve\/index.php?rest_route=\/wp\/v2\/media\/88743"}],"wp:attachment":[{"href":"https:\/\/mppee.gob.ve\/index.php?rest_route=%2Fwp%2Fv2%2Fmedia&parent=88742"}],"wp:term":[{"taxonomy":"category","embeddable":true,"href":"https:\/\/mppee.gob.ve\/index.php?rest_route=%2Fwp%2Fv2%2Fcategories&post=88742"},{"taxonomy":"post_tag","embeddable":true,"href":"https:\/\/mppee.gob.ve\/index.php?rest_route=%2Fwp%2Fv2%2Ftags&post=88742"}],"curies":[{"name":"wp","href":"https:\/\/api.w.org\/{rel}","templated":true}]}}