{"id":88748,"date":"2023-03-02T23:28:39","date_gmt":"2023-03-02T23:28:39","guid":{"rendered":"http:\/\/10.200.87.50\/mppee\/?p=88748"},"modified":"2023-03-02T23:28:40","modified_gmt":"2023-03-02T23:28:40","slug":"iniciara-proceso-de-matriculacion-para-transportistas-publicos-de-tipo-urbano-en-el-pais","status":"publish","type":"post","link":"https:\/\/mppee.gob.ve\/?p=88748","title":{"rendered":"Iniciar\u00e1 proceso de matriculaci\u00f3n para transportistas p\u00fablicos de tipo urbano en el  pa\u00eds"},"content":{"rendered":"\n<p>Prensa Vsops (02-03-2023).- El <strong>vicepresidente Sectorial de Obras P\u00fablicas y Servicios, G\/ J N\u00e9stor\nReverol<\/strong>, inform\u00f3 este jueves sobre el <strong>inicio\nde un proceso de matriculaci\u00f3n<\/strong> para <strong>los\ntransportistas p\u00fablicos<\/strong> de tipo <strong>urbano<\/strong>\nen el territorio nacional.<\/p>\n\n\n\n<p>La informaci\u00f3n la dio a conocer el <strong>General en Jefe<\/strong> luego de un contacto satelital, donde se realiz\u00f3 la\npresentaci\u00f3n de la <strong>F\u00e1brica Nacional de\nPlacas Identificadoras de Veh\u00edculos<\/strong>, ubicada en la parroquia La Dolorita,\nen el municipio Sucre del estado Miranda, con motivo del acto por la\ncelebraci\u00f3n del cuarto aniversario de la <strong>Gran\nMisi\u00f3n Transporte Venezuela<\/strong> que estuvo liderado por la Vicepresidenta\nEjecutiva, Delcy Rodr\u00edguez.<\/p>\n\n\n\n<p>\u201cEs una excelente noticia esta nueva f\u00e1brica de placas, que\nanteriormente la ten\u00edamos que traer importadas. Esto nos va a permitir a\nnosotros comenzar un <strong>proceso de\nrenovaci\u00f3n<\/strong> y de nuevo registro de matriculaci\u00f3n, sobre todo para tener un\nestricto control del <strong>transporte urbano<\/strong>\nque es nuestra prioridad\u201d, precis\u00f3.<\/p>\n\n\n\n<p>Reverol destac\u00f3 que igualmente se llevar\u00e1 a cabo un proceso\nde <strong>registro de matriculaci\u00f3n<\/strong> a <strong>motorizados y taxistas<\/strong> del pa\u00eds.<\/p>\n\n\n\n<p>\u201cNuestra prioridad es la atenci\u00f3n a toda el \u00e1rea de <strong>transporte<\/strong>, pero m\u00e1s que todo al\ntransporte urbano, suburbano e interurbano\u201d, afirm\u00f3.<\/p>\n\n\n\n<p>Finalmente, record\u00f3 que recientemente sostuvo una reuni\u00f3n de\ntrabajo con la Mesa Nacional de Di\u00e1logo del sector de <strong>Transporte P\u00fablico<\/strong> y con representantes de diferentes gremios del\ntransporte de carga y <strong>Operadores de\nTransporte P\u00fablico<\/strong> a nivel nacional, para establecer un conjunto de\npol\u00edticas.<\/p>\n\n\n\n<p>Prensa Vsops \/ Maikel Reyes<\/p>\n","protected":false},"excerpt":{"rendered":"<p>Prensa Vsops (02-03-2023).- El vicepresidente Sectorial de Obras P\u00fablicas y Servicios, G\/ J N\u00e9stor Reverol, inform\u00f3 este jueves sobre el<\/p>\n","protected":false},"author":22,"featured_media":88749,"comment_status":"open","ping_status":"open","sticky":false,"template":"","format":"standard","meta":{"footnotes":""},"categories":[15],"tags":[],"class_list":["post-88748","post","type-post","status-publish","format-standard","has-post-thumbnail","hentry","category-nacionales"],"_links":{"self":[{"href":"https:\/\/mppee.gob.ve\/index.php?rest_route=\/wp\/v2\/posts\/88748","targetHints":{"allow":["GET"]}}],"collection":[{"href":"https:\/\/mppee.gob.ve\/index.php?rest_route=\/wp\/v2\/posts"}],"about":[{"href":"https:\/\/mppee.gob.ve\/index.php?rest_route=\/wp\/v2\/types\/post"}],"author":[{"embeddable":true,"href":"https:\/\/mppee.gob.ve\/index.php?rest_route=\/wp\/v2\/users\/22"}],"replies":[{"embeddable":true,"href":"https:\/\/mppee.gob.ve\/index.php?rest_route=%2Fwp%2Fv2%2Fcomments&post=88748"}],"version-history":[{"count":1,"href":"https:\/\/mppee.gob.ve\/index.php?rest_route=\/wp\/v2\/posts\/88748\/revisions"}],"predecessor-version":[{"id":88750,"href":"https:\/\/mppee.gob.ve\/index.php?rest_route=\/wp\/v2\/posts\/88748\/revisions\/88750"}],"wp:featuredmedia":[{"embeddable":true,"href":"https:\/\/mppee.gob.ve\/index.php?rest_route=\/wp\/v2\/media\/88749"}],"wp:attachment":[{"href":"https:\/\/mppee.gob.ve\/index.php?rest_route=%2Fwp%2Fv2%2Fmedia&parent=88748"}],"wp:term":[{"taxonomy":"category","embeddable":true,"href":"https:\/\/mppee.gob.ve\/index.php?rest_route=%2Fwp%2Fv2%2Fcategories&post=88748"},{"taxonomy":"post_tag","embeddable":true,"href":"https:\/\/mppee.gob.ve\/index.php?rest_route=%2Fwp%2Fv2%2Ftags&post=88748"}],"curies":[{"name":"wp","href":"https:\/\/api.w.org\/{rel}","templated":true}]}}