{"id":88752,"date":"2023-03-05T13:54:02","date_gmt":"2023-03-05T13:54:02","guid":{"rendered":"http:\/\/10.200.87.50\/mppee\/?p=88752"},"modified":"2023-03-05T13:54:04","modified_gmt":"2023-03-05T13:54:04","slug":"mppee-contribuye-a-la-mitigacion-del-cambio-climatico-al-usar-energias-alternativas-en-el-sen","status":"publish","type":"post","link":"https:\/\/mppee.gob.ve\/?p=88752","title":{"rendered":"MPPEE contribuye a la mitigaci\u00f3n del cambio clim\u00e1tico al usar energ\u00edas alternativas en el SEN"},"content":{"rendered":"<p style=\"text-align: justify;\"><img loading=\"lazy\" decoding=\"async\" class=\"size-medium wp-image-88753 alignleft\" src=\"http:\/\/10.200.87.50\/mppee\/wp-content\/uploads\/2023\/03\/MPPEE-contribuye-a-la-mitigaci\u00f3n-del-cambio-clim\u00e1tico-al-usar-energ\u00edas-alternativas-en-el-SEN-169x300.jpeg\" alt=\"\" width=\"169\" height=\"300\" srcset=\"https:\/\/mppee.gob.ve\/wp-content\/uploads\/2023\/03\/MPPEE-contribuye-a-la-mitigaci\u00f3n-del-cambio-clim\u00e1tico-al-usar-energ\u00edas-alternativas-en-el-SEN-169x300.jpeg 169w, https:\/\/mppee.gob.ve\/wp-content\/uploads\/2023\/03\/MPPEE-contribuye-a-la-mitigaci\u00f3n-del-cambio-clim\u00e1tico-al-usar-energ\u00edas-alternativas-en-el-SEN-576x1024.jpeg 576w, https:\/\/mppee.gob.ve\/wp-content\/uploads\/2023\/03\/MPPEE-contribuye-a-la-mitigaci\u00f3n-del-cambio-clim\u00e1tico-al-usar-energ\u00edas-alternativas-en-el-SEN-768x1365.jpeg 768w, https:\/\/mppee.gob.ve\/wp-content\/uploads\/2023\/03\/MPPEE-contribuye-a-la-mitigaci\u00f3n-del-cambio-clim\u00e1tico-al-usar-energ\u00edas-alternativas-en-el-SEN-864x1536.jpeg 864w, https:\/\/mppee.gob.ve\/wp-content\/uploads\/2023\/03\/MPPEE-contribuye-a-la-mitigaci\u00f3n-del-cambio-clim\u00e1tico-al-usar-energ\u00edas-alternativas-en-el-SEN.jpeg 900w\" sizes=\"auto, (max-width: 169px) 100vw, 169px\" \/>El Ministerio del Poder Popular de la Energ\u00eda El\u00e9ctrica (Mppee) contin\u00faa incluyendo energ\u00edas alternativas dentro del Sistema El\u00e9ctrico Nacional (SEN) para contribuir en la mitigaci\u00f3n del cambio clim\u00e1tico.<\/p>\n<p style=\"text-align: justify;\">As\u00ed lo afirm\u00f3 la viceministra para la Nuevas Fuentes y Uso Racional de la Energ\u00eda El\u00e9ctrica de la instituci\u00f3n, Tania Masea, en el marco del D\u00eda Mundial de la Eficiencia Energ\u00e9tica que se celebra este domingo.<\/p>\n<p style=\"text-align: justify;\"><strong>\u201cEstamos trabajando por instrucciones del Ministro de Energ\u00eda El\u00e9ctrica, N\u00e9stor Reverol en diversificar nuestra matriz energ\u00e9tica colocando m\u00e1s sistema fotovoltaico y fortaleciendo el Parque E\u00f3lico Paraguan\u00e1, para incluir m\u00e1s energ\u00eda disponible para el pueblo venezolano pero con energ\u00edas alternativas\u201d,<\/strong> indic\u00f3.<\/p>\n<p style=\"text-align: justify;\"><img loading=\"lazy\" decoding=\"async\" class=\"size-medium wp-image-88754 alignright\" src=\"http:\/\/10.200.87.50\/mppee\/wp-content\/uploads\/2023\/03\/MPPEE-contribuye-a-la-mitigaci\u00f3n-del-cambio-clim\u00e1tico-al-usar-energ\u00edas-alternativas-en-el-SEN-1-300x168.jpeg\" alt=\"\" width=\"300\" height=\"168\" srcset=\"https:\/\/mppee.gob.ve\/wp-content\/uploads\/2023\/03\/MPPEE-contribuye-a-la-mitigaci\u00f3n-del-cambio-clim\u00e1tico-al-usar-energ\u00edas-alternativas-en-el-SEN-1-300x168.jpeg 300w, https:\/\/mppee.gob.ve\/wp-content\/uploads\/2023\/03\/MPPEE-contribuye-a-la-mitigaci\u00f3n-del-cambio-clim\u00e1tico-al-usar-energ\u00edas-alternativas-en-el-SEN-1-768x430.jpeg 768w, https:\/\/mppee.gob.ve\/wp-content\/uploads\/2023\/03\/MPPEE-contribuye-a-la-mitigaci\u00f3n-del-cambio-clim\u00e1tico-al-usar-energ\u00edas-alternativas-en-el-SEN-1.jpeg 800w\" sizes=\"auto, (max-width: 300px) 100vw, 300px\" \/>Agreg\u00f3 que para cumplir con este prop\u00f3sito trabajan de manera mancomunada con todas las estructuras del Gobierno Nacional y Regional, en pro de la disminuci\u00f3n de los gases de efecto invernadero.<\/p>\n<p style=\"text-align: justify;\">Por ello, detall\u00f3 que el Mppee ha implementado diversas pol\u00edticas que contribuyen al uso responsable de la energ\u00eda a trav\u00e9s de las grandes sustituciones de bombillos incandescentes ahorradores y tipo LED.<\/p>\n<p style=\"text-align: justify;\">Al respecto, record\u00f3 que en 14 estados del pa\u00eds han colocado luminarias solares; un ejemplo es la reciente inauguraci\u00f3n, en M\u00e9rida, del primer Sistema de Generaci\u00f3n de Energ\u00eda Renovables del pa\u00eds.<\/p>\n<p style=\"text-align: justify;\"><img loading=\"lazy\" decoding=\"async\" class=\"size-medium wp-image-88755 alignleft\" src=\"http:\/\/10.200.87.50\/mppee\/wp-content\/uploads\/2023\/03\/MPPEE-contribuye-a-la-mitigaci\u00f3n-del-cambio-clim\u00e1tico-al-usar-energ\u00edas-alternativas-en-el-SEN-2-300x153.jpeg\" alt=\"\" width=\"300\" height=\"153\" srcset=\"https:\/\/mppee.gob.ve\/wp-content\/uploads\/2023\/03\/MPPEE-contribuye-a-la-mitigaci\u00f3n-del-cambio-clim\u00e1tico-al-usar-energ\u00edas-alternativas-en-el-SEN-2-300x153.jpeg 300w, https:\/\/mppee.gob.ve\/wp-content\/uploads\/2023\/03\/MPPEE-contribuye-a-la-mitigaci\u00f3n-del-cambio-clim\u00e1tico-al-usar-energ\u00edas-alternativas-en-el-SEN-2-768x392.jpeg 768w, https:\/\/mppee.gob.ve\/wp-content\/uploads\/2023\/03\/MPPEE-contribuye-a-la-mitigaci\u00f3n-del-cambio-clim\u00e1tico-al-usar-energ\u00edas-alternativas-en-el-SEN-2.jpeg 940w\" sizes=\"auto, (max-width: 300px) 100vw, 300px\" \/>Asimismo, est\u00e1n impulsando normativas como la Ley del Uso Racional y Eficiente de la Energ\u00eda, y est\u00e1 en debate la Ley de Energ\u00edas Renovables y Alternativas, que se lleva desde la Comisi\u00f3n de Energ\u00eda y Petr\u00f3leo de la Asamblea Nacional (AN).<\/p>\n<p style=\"text-align: justify;\">Tambi\u00e9n hemos<strong> \u201cvenido trabajando tanto en las comunidades como en las instituciones educativas, gubernamentales, empresas p\u00fablicas y privadas, para orientar a las personas en la disminuci\u00f3n del consumo\u201d<\/strong>, mencion\u00f3.<\/p>\n<p style=\"text-align: justify;\">En tal sentido, Masea hizo un llamado a la poblaci\u00f3n para que haga uso responsable de la energ\u00eda apagando la luz o desenchufando los electrodom\u00e9sticos cuando no est\u00e9n en uso y colocar el aire acondicionado en 23\u00ba cent\u00edgrados.<\/p>\n<p style=\"text-align: justify;\"><strong>\u201cEsa es la tarea para poder llegar a una mejor eficiencia en el servicio de energ\u00eda y para disminuir los gases de efecto invernadero (\u2026) todos somos corresponsables\u201d<\/strong>, concluy\u00f3.<\/p>\n<p style=\"text-align: justify;\"><strong>Prensa Mppee<\/strong><\/p>\n","protected":false},"excerpt":{"rendered":"<p>El Ministerio del Poder Popular de la Energ\u00eda El\u00e9ctrica (Mppee) contin\u00faa incluyendo energ\u00edas alternativas dentro del Sistema El\u00e9ctrico Nacional (SEN)<\/p>\n","protected":false},"author":12,"featured_media":88756,"comment_status":"open","ping_status":"open","sticky":false,"template":"","format":"standard","meta":{"footnotes":""},"categories":[15],"tags":[11],"class_list":["post-88752","post","type-post","status-publish","format-standard","has-post-thumbnail","hentry","category-nacionales","tag-mppee"],"_links":{"self":[{"href":"https:\/\/mppee.gob.ve\/index.php?rest_route=\/wp\/v2\/posts\/88752","targetHints":{"allow":["GET"]}}],"collection":[{"href":"https:\/\/mppee.gob.ve\/index.php?rest_route=\/wp\/v2\/posts"}],"about":[{"href":"https:\/\/mppee.gob.ve\/index.php?rest_route=\/wp\/v2\/types\/post"}],"author":[{"embeddable":true,"href":"https:\/\/mppee.gob.ve\/index.php?rest_route=\/wp\/v2\/users\/12"}],"replies":[{"embeddable":true,"href":"https:\/\/mppee.gob.ve\/index.php?rest_route=%2Fwp%2Fv2%2Fcomments&post=88752"}],"version-history":[{"count":1,"href":"https:\/\/mppee.gob.ve\/index.php?rest_route=\/wp\/v2\/posts\/88752\/revisions"}],"predecessor-version":[{"id":88757,"href":"https:\/\/mppee.gob.ve\/index.php?rest_route=\/wp\/v2\/posts\/88752\/revisions\/88757"}],"wp:featuredmedia":[{"embeddable":true,"href":"https:\/\/mppee.gob.ve\/index.php?rest_route=\/wp\/v2\/media\/88756"}],"wp:attachment":[{"href":"https:\/\/mppee.gob.ve\/index.php?rest_route=%2Fwp%2Fv2%2Fmedia&parent=88752"}],"wp:term":[{"taxonomy":"category","embeddable":true,"href":"https:\/\/mppee.gob.ve\/index.php?rest_route=%2Fwp%2Fv2%2Fcategories&post=88752"},{"taxonomy":"post_tag","embeddable":true,"href":"https:\/\/mppee.gob.ve\/index.php?rest_route=%2Fwp%2Fv2%2Ftags&post=88752"}],"curies":[{"name":"wp","href":"https:\/\/api.w.org\/{rel}","templated":true}]}}