{"id":88758,"date":"2023-03-05T12:02:00","date_gmt":"2023-03-05T12:02:00","guid":{"rendered":"http:\/\/10.200.87.50\/mppee\/?p=88758"},"modified":"2023-03-06T12:10:54","modified_gmt":"2023-03-06T12:10:54","slug":"a-diez-anos-de-la-siembra-del-comandante-chavez-sector-electrico-reafirma-su-compromiso-con-la-independencia-y-la-patria-socialista","status":"publish","type":"post","link":"https:\/\/mppee.gob.ve\/?p=88758","title":{"rendered":"A diez a\u00f1os de la siembra del Comandante Ch\u00e1vez sector el\u00e9ctrico reafirma su compromiso con la Independencia y la Patria Socialista"},"content":{"rendered":"<p style=\"text-align: justify;\"><img loading=\"lazy\" decoding=\"async\" class=\"size-medium wp-image-88760 alignleft\" src=\"http:\/\/10.200.87.50\/mppee\/wp-content\/uploads\/2023\/03\/WhatsApp-Image-2023-03-05-at-4.25.47-PM-3-255x300.jpeg\" alt=\"\" width=\"255\" height=\"300\" srcset=\"https:\/\/mppee.gob.ve\/wp-content\/uploads\/2023\/03\/WhatsApp-Image-2023-03-05-at-4.25.47-PM-3-255x300.jpeg 255w, https:\/\/mppee.gob.ve\/wp-content\/uploads\/2023\/03\/WhatsApp-Image-2023-03-05-at-4.25.47-PM-3-870x1024.jpeg 870w, https:\/\/mppee.gob.ve\/wp-content\/uploads\/2023\/03\/WhatsApp-Image-2023-03-05-at-4.25.47-PM-3-768x904.jpeg 768w, https:\/\/mppee.gob.ve\/wp-content\/uploads\/2023\/03\/WhatsApp-Image-2023-03-05-at-4.25.47-PM-3.jpeg 1088w\" sizes=\"auto, (max-width: 255px) 100vw, 255px\" \/>Este domingo 5 de marzo se llevaron a cabo diversas concentraciones en la ciudad de Caracas, para conmemorar los diez a\u00f1os de la siembra del Comandante Eterno de la Revoluci\u00f3n Bolivariana Hugo Rafael Ch\u00e1vez Fr\u00edas.<\/p>\n<p style=\"text-align: justify;\">El pueblo caraque\u00f1o se reuni\u00f3 en el Rinc\u00f3n del Taxista, la Iglesia de Pag\u00fcita, El Calvario, la Plaza O \u00b4Leary, el Parque Al\u00ed Primera, la Plaza Sucre, la Plaza Miranda y la Plaza Caracas, para movilizarse hasta el Cuartel de la Monta\u00f1a, en la parroquia 23 de Enero, donde continuaron con los actos conmemorativos del paso del Comandante Ch\u00e1vez hacia la inmortalidad.<\/p>\n<p style=\"text-align: justify;\"><img loading=\"lazy\" decoding=\"async\" class=\"size-medium wp-image-88762 alignright\" src=\"http:\/\/10.200.87.50\/mppee\/wp-content\/uploads\/2023\/03\/WhatsApp-Image-2023-03-05-at-4.25.48-PM-1-292x300.jpeg\" alt=\"\" width=\"292\" height=\"300\" srcset=\"https:\/\/mppee.gob.ve\/wp-content\/uploads\/2023\/03\/WhatsApp-Image-2023-03-05-at-4.25.48-PM-1-292x300.jpeg 292w, https:\/\/mppee.gob.ve\/wp-content\/uploads\/2023\/03\/WhatsApp-Image-2023-03-05-at-4.25.48-PM-1-995x1024.jpeg 995w, https:\/\/mppee.gob.ve\/wp-content\/uploads\/2023\/03\/WhatsApp-Image-2023-03-05-at-4.25.48-PM-1-768x790.jpeg 768w, https:\/\/mppee.gob.ve\/wp-content\/uploads\/2023\/03\/WhatsApp-Image-2023-03-05-at-4.25.48-PM-1.jpeg 1244w\" sizes=\"auto, (max-width: 292px) 100vw, 292px\" \/>Durante el evento, el Jefe del Cuerpo de Inspectores del Sistema El\u00e9ctrico Nacional, Igor Gavidia, destac\u00f3 que luego de una d\u00e9cada de la partida f\u00edsica del l\u00edder de la Revoluci\u00f3n Bolivariana, las y los empleados del sector el\u00e9ctrico est\u00e1n cumpliendo el objetivo hist\u00f3rico emanado por el Comandante Ch\u00e1vez, que es la consolidaci\u00f3n de la Independencia y la Patria Socialista.<\/p>\n<p style=\"text-align: justify;\">En este sentido, Gavidia destac\u00f3 la importancia de educarse, formarse, adem\u00e1s de prepararse mental y f\u00edsicamente para dejarle a las nuevas generaciones la Venezuela soberana con equidad social que le asegure al pueblo venezolano, la mayor suma de felicidad posible como lo so\u00f1aron el Libertador Sim\u00f3n Bol\u00edvar y el Comandante Hugo Ch\u00e1vez.<\/p>\n<p style=\"text-align: justify;\"><em><strong><img loading=\"lazy\" decoding=\"async\" class=\"size-medium wp-image-88764 alignleft\" src=\"http:\/\/10.200.87.50\/mppee\/wp-content\/uploads\/2023\/03\/WhatsApp-Image-2023-03-05-at-4.25.48-PM-300x236.jpeg\" alt=\"\" width=\"300\" height=\"236\" srcset=\"https:\/\/mppee.gob.ve\/wp-content\/uploads\/2023\/03\/WhatsApp-Image-2023-03-05-at-4.25.48-PM-300x236.jpeg 300w, https:\/\/mppee.gob.ve\/wp-content\/uploads\/2023\/03\/WhatsApp-Image-2023-03-05-at-4.25.48-PM-1024x804.jpeg 1024w, https:\/\/mppee.gob.ve\/wp-content\/uploads\/2023\/03\/WhatsApp-Image-2023-03-05-at-4.25.48-PM-768x603.jpeg 768w, https:\/\/mppee.gob.ve\/wp-content\/uploads\/2023\/03\/WhatsApp-Image-2023-03-05-at-4.25.48-PM.jpeg 1280w\" sizes=\"auto, (max-width: 300px) 100vw, 300px\" \/>Las mujeres venezolanas presentes en la conmemoraci\u00f3n<\/strong><\/em><\/p>\n<p style=\"text-align: justify;\">Por su parte, la integrante de la Comisi\u00f3n de Movilizaci\u00f3n del Frente Cacica Urqu\u00eda, Atenah\u00ed Figueroa, manifest\u00f3 que gracias al Comandante Ch\u00e1vez existe la Ley Org\u00e1nica sobre el Derecho de las Mujeres a una Vida Libre de Violencia, y destac\u00f3, que Ch\u00e1vez ense\u00f1\u00f3 a las mujeres a ser l\u00edderes con humildad y con amor.<\/p>\n<p style=\"text-align: justify;\"><strong>\u201cHoy por hoy las mujeres nos sentimos dignificadas, empoderadas en lo pol\u00edtico, en lo social, en lo econ\u00f3mico, gracias a nuestro presidente Hugo Ch\u00e1vez nos dej\u00f3 ese legado\u201d<\/strong>, asever\u00f3.<\/p>\n<p style=\"text-align: justify;\"><img loading=\"lazy\" decoding=\"async\" class=\"size-medium wp-image-88759 alignright\" src=\"http:\/\/10.200.87.50\/mppee\/wp-content\/uploads\/2023\/03\/WhatsApp-Image-2023-03-05-at-4.25.47-PM-1-300x167.jpeg\" alt=\"\" width=\"300\" height=\"167\" srcset=\"https:\/\/mppee.gob.ve\/wp-content\/uploads\/2023\/03\/WhatsApp-Image-2023-03-05-at-4.25.47-PM-1-300x167.jpeg 300w, https:\/\/mppee.gob.ve\/wp-content\/uploads\/2023\/03\/WhatsApp-Image-2023-03-05-at-4.25.47-PM-1-1024x570.jpeg 1024w, https:\/\/mppee.gob.ve\/wp-content\/uploads\/2023\/03\/WhatsApp-Image-2023-03-05-at-4.25.47-PM-1-768x427.jpeg 768w, https:\/\/mppee.gob.ve\/wp-content\/uploads\/2023\/03\/WhatsApp-Image-2023-03-05-at-4.25.47-PM-1-800x445.jpeg 800w, https:\/\/mppee.gob.ve\/wp-content\/uploads\/2023\/03\/WhatsApp-Image-2023-03-05-at-4.25.47-PM-1.jpeg 1026w\" sizes=\"auto, (max-width: 300px) 100vw, 300px\" \/>Mientras que el integrante del Servicio de Administraci\u00f3n Tributaria del Distrito Capital, Jorge Pantoja, resalt\u00f3 que la Revoluci\u00f3n Bolivariana fue el m\u00e1s grande logro del Comandante Hugo Ch\u00e1vez para las futuras generaciones de venezolanos y venezolanas.<\/p>\n<p style=\"text-align: justify;\"><strong>\u201cEstamos conmemorando aqu\u00ed el esfuerzo que hizo el Comandante Hugo Ch\u00e1vez para dejar este legado, esta revoluci\u00f3n y hoy en d\u00eda es para todos los venezolanos un gran logro y un avance hacia el futuro\u201d<\/strong>, indic\u00f3.<\/p>\n<p style=\"text-align: justify;\"><strong>Prensa Vpsops<\/strong><\/p>\n","protected":false},"excerpt":{"rendered":"<p>Este domingo 5 de marzo se llevaron a cabo diversas concentraciones en la ciudad de Caracas, para conmemorar los diez<\/p>\n","protected":false},"author":12,"featured_media":0,"comment_status":"open","ping_status":"open","sticky":false,"template":"","format":"standard","meta":{"footnotes":""},"categories":[15],"tags":[11],"class_list":["post-88758","post","type-post","status-publish","format-standard","hentry","category-nacionales","tag-mppee"],"_links":{"self":[{"href":"https:\/\/mppee.gob.ve\/index.php?rest_route=\/wp\/v2\/posts\/88758","targetHints":{"allow":["GET"]}}],"collection":[{"href":"https:\/\/mppee.gob.ve\/index.php?rest_route=\/wp\/v2\/posts"}],"about":[{"href":"https:\/\/mppee.gob.ve\/index.php?rest_route=\/wp\/v2\/types\/post"}],"author":[{"embeddable":true,"href":"https:\/\/mppee.gob.ve\/index.php?rest_route=\/wp\/v2\/users\/12"}],"replies":[{"embeddable":true,"href":"https:\/\/mppee.gob.ve\/index.php?rest_route=%2Fwp%2Fv2%2Fcomments&post=88758"}],"version-history":[{"count":1,"href":"https:\/\/mppee.gob.ve\/index.php?rest_route=\/wp\/v2\/posts\/88758\/revisions"}],"predecessor-version":[{"id":88765,"href":"https:\/\/mppee.gob.ve\/index.php?rest_route=\/wp\/v2\/posts\/88758\/revisions\/88765"}],"wp:attachment":[{"href":"https:\/\/mppee.gob.ve\/index.php?rest_route=%2Fwp%2Fv2%2Fmedia&parent=88758"}],"wp:term":[{"taxonomy":"category","embeddable":true,"href":"https:\/\/mppee.gob.ve\/index.php?rest_route=%2Fwp%2Fv2%2Fcategories&post=88758"},{"taxonomy":"post_tag","embeddable":true,"href":"https:\/\/mppee.gob.ve\/index.php?rest_route=%2Fwp%2Fv2%2Ftags&post=88758"}],"curies":[{"name":"wp","href":"https:\/\/api.w.org\/{rel}","templated":true}]}}