{"id":88768,"date":"2023-03-06T20:00:07","date_gmt":"2023-03-06T20:00:07","guid":{"rendered":"http:\/\/10.200.87.50\/mppee\/?p=88768"},"modified":"2023-03-06T20:09:53","modified_gmt":"2023-03-06T20:09:53","slug":"reinauguran-el-electrobus-para-educar-a-los-mas-pequenos-sobre-el-uso-responsable-de-la-energia","status":"publish","type":"post","link":"https:\/\/mppee.gob.ve\/?p=88768","title":{"rendered":"Reinauguran el \u201cElectrob\u00fas\u201d para educar a los m\u00e1s peque\u00f1os sobre el uso responsable de la energ\u00eda"},"content":{"rendered":"<p style=\"text-align: justify;\">El Ministerio del Poder Popular para la Energ\u00eda El\u00e9ctrica (Mppee) a trav\u00e9s del Viceministerio de Nuevas Fuentes y Uso Racional de la Energ\u00eda, realiz\u00f3 este lunes la reinauguraci\u00f3n del \u201cElectrob\u00fas\u201d.<\/p>\n<p style=\"text-align: justify;\">Esta unidad m\u00f3vil est\u00e1 dise\u00f1ada para ense\u00f1ar c\u00f3mo hacer uso responsable de la energ\u00eda, a trav\u00e9s de material Informativo, charlas y experiencia vivenciales.<\/p>\n<p style=\"text-align: justify;\"><img loading=\"lazy\" decoding=\"async\" class=\"alignleft wp-image-88773 size-medium\" src=\"http:\/\/10.200.87.50\/mppee\/wp-content\/uploads\/2023\/03\/WhatsApp-Image-2023-03-06-at-3.38.12-PM-3-300x266.jpeg\" alt=\"\" width=\"300\" height=\"266\" \/>En ese sentido, la viceministra de Nuevas Fuentes y Uso Racional de la Energ\u00eda, Tania Masea, destac\u00f3 que est\u00e1 actividad se llev\u00f3 a cabo como parte de los actos conmemorativos por el D\u00eda Mundial de la Eficiencia Energ\u00e9tica.<\/p>\n<p style=\"text-align: justify;\">\u201cEstamos celebrando el D\u00eda Mundial de la Eficiencia Energ\u00e9tica, junto a los ni\u00f1os y ni\u00f1as de nuestro Centro de Educaci\u00f3n Inicial, \u201cGuardianes El\u00e9ctricos\u201d, a fin de impulsar y promover el uso responsable de la energ\u00eda, adem\u00e1s de contribuir en el combate del cambio clim\u00e1tico\u201d, precis\u00f3 desde la sede principal del Mppee en Caracas.<\/p>\n<p style=\"text-align: justify;\">Masea hizo igualmente un llamado a los ciudadanos a colaborar desde cada hogar, con acciones que contribuyan a disminuir el consumo energ\u00e9tico y la emisi\u00f3n de gases de efectos invernaderos.<\/p>\n<p style=\"text-align: justify;\">Recalc\u00f3 adem\u00e1s la participaci\u00f3n de los hijos e hijas de la fuerza trabajadora en la campa\u00f1a \u201cActiva la Conciencia con Energ\u00eda y Eficiencia\u201d, desarrollada por el sector el\u00e9ctrico donde los m\u00e1s peque\u00f1os de casa aprenden sobre el uso responsable de la energ\u00eda.<\/p>\n<p><em><strong>Preservaci\u00f3n del planeta<\/strong><\/em><\/p>\n<p style=\"text-align: justify;\">Por su parte, el Gerente General de Fuentes Alternas y Uso Racional y Eficiente de la Energ\u00eda de la Corporaci\u00f3n El\u00e9ctrica Nacional (Corpoelec), G\/D Abraham Chirinos Farf\u00e1n, indic\u00f3 que esta acci\u00f3n busca crear conciencia en los ni\u00f1os y ni\u00f1as, mediante el desarrollo de acciones en pro de la preservaci\u00f3n del planeta y as\u00ed combatir los efectos del cambio clim\u00e1tico.<\/p>\n<p><img loading=\"lazy\" decoding=\"async\" class=\"alignnone size-medium wp-image-88774 alignright\" src=\"http:\/\/10.200.87.50\/mppee\/wp-content\/uploads\/2023\/03\/WhatsApp-Image-2023-03-06-at-3.38.12-PM-5-300x167.jpeg\" alt=\"\" width=\"300\" height=\"167\" srcset=\"https:\/\/mppee.gob.ve\/wp-content\/uploads\/2023\/03\/WhatsApp-Image-2023-03-06-at-3.38.12-PM-5-300x167.jpeg 300w, https:\/\/mppee.gob.ve\/wp-content\/uploads\/2023\/03\/WhatsApp-Image-2023-03-06-at-3.38.12-PM-5-1024x570.jpeg 1024w, https:\/\/mppee.gob.ve\/wp-content\/uploads\/2023\/03\/WhatsApp-Image-2023-03-06-at-3.38.12-PM-5-768x427.jpeg 768w, https:\/\/mppee.gob.ve\/wp-content\/uploads\/2023\/03\/WhatsApp-Image-2023-03-06-at-3.38.12-PM-5-800x445.jpeg 800w, https:\/\/mppee.gob.ve\/wp-content\/uploads\/2023\/03\/WhatsApp-Image-2023-03-06-at-3.38.12-PM-5.jpeg 1080w\" sizes=\"auto, (max-width: 300px) 100vw, 300px\" \/><\/p>\n<p style=\"text-align: justify;\">\u201cEl objetivo es crear conciencia en la poblaci\u00f3n, desde las actividades cotidianas en la casa, hasta en los grandes consumidores de energ\u00eda\u201d, sostuvo.<\/p>\n<p style=\"text-align: justify;\">Vale destacar que el Mppee contin\u00faa incluyendo energ\u00edas alternativas dentro del Sistema El\u00e9ctrico Nacional (SEN) para contribuir en la mitigaci\u00f3n del cambio clim\u00e1tico.<\/p>\n<p>Prensa MPPEE<\/p>\n","protected":false},"excerpt":{"rendered":"<p>El Ministerio del Poder Popular para la Energ\u00eda El\u00e9ctrica (Mppee) a trav\u00e9s del Viceministerio de Nuevas Fuentes y Uso Racional<\/p>\n","protected":false},"author":22,"featured_media":88769,"comment_status":"open","ping_status":"open","sticky":false,"template":"","format":"standard","meta":{"footnotes":""},"categories":[1,8],"tags":[],"class_list":["post-88768","post","type-post","status-publish","format-standard","has-post-thumbnail","hentry","category-mppee","category-uso-eficiente-de-la-energia"],"_links":{"self":[{"href":"https:\/\/mppee.gob.ve\/index.php?rest_route=\/wp\/v2\/posts\/88768","targetHints":{"allow":["GET"]}}],"collection":[{"href":"https:\/\/mppee.gob.ve\/index.php?rest_route=\/wp\/v2\/posts"}],"about":[{"href":"https:\/\/mppee.gob.ve\/index.php?rest_route=\/wp\/v2\/types\/post"}],"author":[{"embeddable":true,"href":"https:\/\/mppee.gob.ve\/index.php?rest_route=\/wp\/v2\/users\/22"}],"replies":[{"embeddable":true,"href":"https:\/\/mppee.gob.ve\/index.php?rest_route=%2Fwp%2Fv2%2Fcomments&post=88768"}],"version-history":[{"count":2,"href":"https:\/\/mppee.gob.ve\/index.php?rest_route=\/wp\/v2\/posts\/88768\/revisions"}],"predecessor-version":[{"id":88775,"href":"https:\/\/mppee.gob.ve\/index.php?rest_route=\/wp\/v2\/posts\/88768\/revisions\/88775"}],"wp:featuredmedia":[{"embeddable":true,"href":"https:\/\/mppee.gob.ve\/index.php?rest_route=\/wp\/v2\/media\/88769"}],"wp:attachment":[{"href":"https:\/\/mppee.gob.ve\/index.php?rest_route=%2Fwp%2Fv2%2Fmedia&parent=88768"}],"wp:term":[{"taxonomy":"category","embeddable":true,"href":"https:\/\/mppee.gob.ve\/index.php?rest_route=%2Fwp%2Fv2%2Fcategories&post=88768"},{"taxonomy":"post_tag","embeddable":true,"href":"https:\/\/mppee.gob.ve\/index.php?rest_route=%2Fwp%2Fv2%2Ftags&post=88768"}],"curies":[{"name":"wp","href":"https:\/\/api.w.org\/{rel}","templated":true}]}}