{"id":88776,"date":"2023-03-07T20:56:39","date_gmt":"2023-03-07T20:56:39","guid":{"rendered":"http:\/\/10.200.87.50\/mppee\/?p=88776"},"modified":"2023-03-07T20:56:41","modified_gmt":"2023-03-07T20:56:41","slug":"juramentadas-brigadas-ecologicas-escolares-para-la-preservacion-y-cuidado-del-medio-ambiente","status":"publish","type":"post","link":"https:\/\/mppee.gob.ve\/?p=88776","title":{"rendered":"Juramentadas Brigadas Ecol\u00f3gicas Escolares para la preservaci\u00f3n y cuidado del medio ambiente"},"content":{"rendered":"\n<p><strong>Prensa MPPEE\u2013 (Caracas 07.03.23).-<\/strong> Desde las instalaciones del <strong>parque recreacional Al\u00ed Primera<\/strong>,\nubicado en la parroquia Sucre de Caracas un total de <strong>500 ni\u00f1os, ni\u00f1as y j\u00f3venes<\/strong>, se comprometieron a la <strong>preservaci\u00f3n y cuidado del medio ambiente<\/strong>,\na trav\u00e9s de las <strong>Brigadas Ecol\u00f3gicas\nEscolares.<\/strong><\/p>\n\n\n\n<p><strong>El Gerente Nacional de Fuentes Alternas de la Corporaci\u00f3n El\u00e9ctrica\nNacional (Corpoelec), Exior S\u00e1nchez,<\/strong> asever\u00f3 que el objetivo es formar al <strong>semillero de la Patria<\/strong> en todo lo\nreferente a la <strong>preservaci\u00f3n y cuidado\ndel medio ambiente<\/strong>.<\/p>\n\n\n\n<p>\u201cComo parte del Colectivo\nIntegral de Gesti\u00f3n Educativa Ambiental, (Cigea) el cual agrupa varias\ninstituciones del Estado, el <strong>Ministerio del\nPoder Popular para la Energ\u00eda (Mppee)<\/strong>, el d\u00eda de hoy est\u00e1 impulsando y formando\na los <strong>ni\u00f1os de la Patria<\/strong> en cuanto a\nla preservaci\u00f3n y cuidado del medio ambiente, de forma especial&nbsp; en el <strong>uso\neficiente y responsable de la energ\u00eda<\/strong>\u201d, precis\u00f3.<\/p>\n\n\n\n<p>S\u00e1nchez resalt\u00f3 adem\u00e1s que estas <strong>brigadas<\/strong> tambi\u00e9n ser\u00e1n constituidas y\njuramentadas en los 24 estados del pa\u00eds, a fin de fomentar en la poblaci\u00f3n venezolana\nsobre la importancia de las <strong>energ\u00edas\nrenovables.<\/strong><\/p>\n\n\n\n<p>Actos conmemorativos por la siembra del Comandante Ch\u00e1vez<\/p>\n\n\n\n<p>Vale destacar que est\u00e1 actividad forma parte los actos\nconmemorativos del d\u00e9cimo aniversario de la <strong>siembra del Comandante Hugo Ch\u00e1vez<\/strong>, L\u00edder revolucionario venezolano\nque siempre actu\u00f3 en defensa del medioambiente.<\/p>\n\n\n\n<p>En ese sentido, la poblaci\u00f3n estudiantil estar\u00e1 realizando <strong>la siembra de \u00e1rboles<\/strong> en las diferentes\ninstituciones educativas del territorio nacional <\/p>\n\n\n\n<p>El desarrollo de estas acciones fortalece el <strong>quinto objetivo del Plan de la Patria<\/strong>,\nel cual insta a la poblaci\u00f3n, a la <strong>preservaci\u00f3n\ndel medio ambiente y del uso consiente de los recursos naturales. <\/strong><\/p>\n\n\n\n<p>Prensa Mppee\/Luigi J. Ram\u00edrez<\/p>\n","protected":false},"excerpt":{"rendered":"<p>Prensa MPPEE\u2013 (Caracas 07.03.23).- Desde las instalaciones del parque recreacional Al\u00ed Primera, ubicado en la parroquia Sucre de Caracas un<\/p>\n","protected":false},"author":22,"featured_media":88777,"comment_status":"open","ping_status":"open","sticky":false,"template":"","format":"standard","meta":{"footnotes":""},"categories":[1,15],"tags":[],"class_list":["post-88776","post","type-post","status-publish","format-standard","has-post-thumbnail","hentry","category-mppee","category-nacionales"],"_links":{"self":[{"href":"https:\/\/mppee.gob.ve\/index.php?rest_route=\/wp\/v2\/posts\/88776","targetHints":{"allow":["GET"]}}],"collection":[{"href":"https:\/\/mppee.gob.ve\/index.php?rest_route=\/wp\/v2\/posts"}],"about":[{"href":"https:\/\/mppee.gob.ve\/index.php?rest_route=\/wp\/v2\/types\/post"}],"author":[{"embeddable":true,"href":"https:\/\/mppee.gob.ve\/index.php?rest_route=\/wp\/v2\/users\/22"}],"replies":[{"embeddable":true,"href":"https:\/\/mppee.gob.ve\/index.php?rest_route=%2Fwp%2Fv2%2Fcomments&post=88776"}],"version-history":[{"count":1,"href":"https:\/\/mppee.gob.ve\/index.php?rest_route=\/wp\/v2\/posts\/88776\/revisions"}],"predecessor-version":[{"id":88778,"href":"https:\/\/mppee.gob.ve\/index.php?rest_route=\/wp\/v2\/posts\/88776\/revisions\/88778"}],"wp:featuredmedia":[{"embeddable":true,"href":"https:\/\/mppee.gob.ve\/index.php?rest_route=\/wp\/v2\/media\/88777"}],"wp:attachment":[{"href":"https:\/\/mppee.gob.ve\/index.php?rest_route=%2Fwp%2Fv2%2Fmedia&parent=88776"}],"wp:term":[{"taxonomy":"category","embeddable":true,"href":"https:\/\/mppee.gob.ve\/index.php?rest_route=%2Fwp%2Fv2%2Fcategories&post=88776"},{"taxonomy":"post_tag","embeddable":true,"href":"https:\/\/mppee.gob.ve\/index.php?rest_route=%2Fwp%2Fv2%2Ftags&post=88776"}],"curies":[{"name":"wp","href":"https:\/\/api.w.org\/{rel}","templated":true}]}}