{"id":88782,"date":"2023-03-07T12:41:00","date_gmt":"2023-03-07T12:41:00","guid":{"rendered":"http:\/\/10.200.87.50\/mppee\/?p=88782"},"modified":"2023-03-08T12:46:40","modified_gmt":"2023-03-08T12:46:40","slug":"autoridades-analizan-proyectos-habitacionales-para-la-fuerza-trabajadora-del-sector-electrico","status":"publish","type":"post","link":"https:\/\/mppee.gob.ve\/?p=88782","title":{"rendered":"Autoridades analizan proyectos habitacionales para la fuerza trabajadora del sector el\u00e9ctrico"},"content":{"rendered":"<p style=\"text-align: justify;\"><img loading=\"lazy\" decoding=\"async\" class=\"size-medium wp-image-88787 alignleft\" src=\"http:\/\/10.200.87.50\/mppee\/wp-content\/uploads\/2023\/03\/Autoridades-analizan-proyectos-habitacionales-para-la-fuerza-trabajadora-del-sector-el\u00e9ctrico-5-300x199.jpeg\" alt=\"\" width=\"300\" height=\"199\" srcset=\"https:\/\/mppee.gob.ve\/wp-content\/uploads\/2023\/03\/Autoridades-analizan-proyectos-habitacionales-para-la-fuerza-trabajadora-del-sector-el\u00e9ctrico-5-300x199.jpeg 300w, https:\/\/mppee.gob.ve\/wp-content\/uploads\/2023\/03\/Autoridades-analizan-proyectos-habitacionales-para-la-fuerza-trabajadora-del-sector-el\u00e9ctrico-5-1024x681.jpeg 1024w, https:\/\/mppee.gob.ve\/wp-content\/uploads\/2023\/03\/Autoridades-analizan-proyectos-habitacionales-para-la-fuerza-trabajadora-del-sector-el\u00e9ctrico-5-768x511.jpeg 768w, https:\/\/mppee.gob.ve\/wp-content\/uploads\/2023\/03\/Autoridades-analizan-proyectos-habitacionales-para-la-fuerza-trabajadora-del-sector-el\u00e9ctrico-5.jpeg 1080w\" sizes=\"auto, (max-width: 300px) 100vw, 300px\" \/>El vicepresidente Sectorial de Obras P\u00fablicas y Servicios, G\/J N\u00e9stor Reverol, sostuvo un encuentro con el ministro del Poder Popular para H\u00e1bitat y Vivienda, Ildemaro Villarroel, con quien analiz\u00f3 el proyecto de soluciones habitacionales para la fuerza trabajadora del sector el\u00e9ctrico.<\/p>\n<p style=\"text-align: justify;\">Esta iniciativa responde al cumplimiento de la L\u00ednea de Trabajo n\u00famero 1 del Plan Estrat\u00e9gico del sector el\u00e9ctrico, que est\u00e1 dirigida a la Protecci\u00f3n Integral y Bienestar de la Fuerza Trabajadora en materia laboral, salud, vivienda y formaci\u00f3n.<\/p>\n<p style=\"text-align: justify;\"><img loading=\"lazy\" decoding=\"async\" class=\"size-medium wp-image-88786 alignright\" src=\"http:\/\/10.200.87.50\/mppee\/wp-content\/uploads\/2023\/03\/Autoridades-analizan-proyectos-habitacionales-para-la-fuerza-trabajadora-del-sector-el\u00e9ctrico-4-300x200.jpeg\" alt=\"\" width=\"300\" height=\"200\" srcset=\"https:\/\/mppee.gob.ve\/wp-content\/uploads\/2023\/03\/Autoridades-analizan-proyectos-habitacionales-para-la-fuerza-trabajadora-del-sector-el\u00e9ctrico-4-300x200.jpeg 300w, https:\/\/mppee.gob.ve\/wp-content\/uploads\/2023\/03\/Autoridades-analizan-proyectos-habitacionales-para-la-fuerza-trabajadora-del-sector-el\u00e9ctrico-4-1024x682.jpeg 1024w, https:\/\/mppee.gob.ve\/wp-content\/uploads\/2023\/03\/Autoridades-analizan-proyectos-habitacionales-para-la-fuerza-trabajadora-del-sector-el\u00e9ctrico-4-768x512.jpeg 768w, https:\/\/mppee.gob.ve\/wp-content\/uploads\/2023\/03\/Autoridades-analizan-proyectos-habitacionales-para-la-fuerza-trabajadora-del-sector-el\u00e9ctrico-4.jpeg 1280w\" sizes=\"auto, (max-width: 300px) 100vw, 300px\" \/>Reverol Torres indic\u00f3 que este plan obedece a los lineamientos del presidente de la Rep\u00fablica Nicol\u00e1s Maduro Moros, de consolidar a Venezuela como un pa\u00eds que cuenta con m\u00e9todos para construir viviendas dignas de calidad.<\/p>\n<p style=\"text-align: justify;\"><strong>\u201cEl Gobierno Bolivariano tiene el prop\u00f3sito de garantizar al pueblo venezolano en especial a la clase trabajadora de la estatal el\u00e9ctrica el derecho a la ciudad, a un hogar propio, al ambiente y a los servicios p\u00fablicos, sin importar las adversidades que enfrenta la naci\u00f3n a causa de la guerra econ\u00f3mica que tanto nos afecta\u00bb<\/strong>, afirm\u00f3.<\/p>\n<p style=\"text-align: justify;\"><img loading=\"lazy\" decoding=\"async\" class=\"size-medium wp-image-88784 alignleft\" src=\"http:\/\/10.200.87.50\/mppee\/wp-content\/uploads\/2023\/03\/Autoridades-analizan-proyectos-habitacionales-para-la-fuerza-trabajadora-del-sector-el\u00e9ctrico-2-300x200.jpeg\" alt=\"\" width=\"300\" height=\"200\" srcset=\"https:\/\/mppee.gob.ve\/wp-content\/uploads\/2023\/03\/Autoridades-analizan-proyectos-habitacionales-para-la-fuerza-trabajadora-del-sector-el\u00e9ctrico-2-300x200.jpeg 300w, https:\/\/mppee.gob.ve\/wp-content\/uploads\/2023\/03\/Autoridades-analizan-proyectos-habitacionales-para-la-fuerza-trabajadora-del-sector-el\u00e9ctrico-2-1024x682.jpeg 1024w, https:\/\/mppee.gob.ve\/wp-content\/uploads\/2023\/03\/Autoridades-analizan-proyectos-habitacionales-para-la-fuerza-trabajadora-del-sector-el\u00e9ctrico-2-768x512.jpeg 768w, https:\/\/mppee.gob.ve\/wp-content\/uploads\/2023\/03\/Autoridades-analizan-proyectos-habitacionales-para-la-fuerza-trabajadora-del-sector-el\u00e9ctrico-2.jpeg 1280w\" sizes=\"auto, (max-width: 300px) 100vw, 300px\" \/>El tambi\u00e9n Ministro del Poder Popular para la Energ\u00eda El\u00e9ctrica, agreg\u00f3 que se contin\u00faan con el fortalecimiento de los proyectos que benefician a los trabajadores y trabajadoras del sector el\u00e9ctrico.<\/p>\n<p style=\"text-align: justify;\"><strong>Prensa Mppee<\/strong><\/p>\n","protected":false},"excerpt":{"rendered":"<p>El vicepresidente Sectorial de Obras P\u00fablicas y Servicios, G\/J N\u00e9stor Reverol, sostuvo un encuentro con el ministro del Poder Popular<\/p>\n","protected":false},"author":12,"featured_media":88785,"comment_status":"open","ping_status":"open","sticky":false,"template":"","format":"standard","meta":{"footnotes":""},"categories":[15],"tags":[11],"class_list":["post-88782","post","type-post","status-publish","format-standard","has-post-thumbnail","hentry","category-nacionales","tag-mppee"],"_links":{"self":[{"href":"https:\/\/mppee.gob.ve\/index.php?rest_route=\/wp\/v2\/posts\/88782","targetHints":{"allow":["GET"]}}],"collection":[{"href":"https:\/\/mppee.gob.ve\/index.php?rest_route=\/wp\/v2\/posts"}],"about":[{"href":"https:\/\/mppee.gob.ve\/index.php?rest_route=\/wp\/v2\/types\/post"}],"author":[{"embeddable":true,"href":"https:\/\/mppee.gob.ve\/index.php?rest_route=\/wp\/v2\/users\/12"}],"replies":[{"embeddable":true,"href":"https:\/\/mppee.gob.ve\/index.php?rest_route=%2Fwp%2Fv2%2Fcomments&post=88782"}],"version-history":[{"count":1,"href":"https:\/\/mppee.gob.ve\/index.php?rest_route=\/wp\/v2\/posts\/88782\/revisions"}],"predecessor-version":[{"id":88788,"href":"https:\/\/mppee.gob.ve\/index.php?rest_route=\/wp\/v2\/posts\/88782\/revisions\/88788"}],"wp:featuredmedia":[{"embeddable":true,"href":"https:\/\/mppee.gob.ve\/index.php?rest_route=\/wp\/v2\/media\/88785"}],"wp:attachment":[{"href":"https:\/\/mppee.gob.ve\/index.php?rest_route=%2Fwp%2Fv2%2Fmedia&parent=88782"}],"wp:term":[{"taxonomy":"category","embeddable":true,"href":"https:\/\/mppee.gob.ve\/index.php?rest_route=%2Fwp%2Fv2%2Fcategories&post=88782"},{"taxonomy":"post_tag","embeddable":true,"href":"https:\/\/mppee.gob.ve\/index.php?rest_route=%2Fwp%2Fv2%2Ftags&post=88782"}],"curies":[{"name":"wp","href":"https:\/\/api.w.org\/{rel}","templated":true}]}}