{"id":88796,"date":"2023-03-08T23:47:04","date_gmt":"2023-03-08T23:47:04","guid":{"rendered":"http:\/\/10.200.87.50\/mppee\/?p=88796"},"modified":"2023-03-08T23:47:06","modified_gmt":"2023-03-08T23:47:06","slug":"disenan-plan-estrategico-para-fortalecer-y-garantizar-suministro-electrico-en-los-roques","status":"publish","type":"post","link":"https:\/\/mppee.gob.ve\/?p=88796","title":{"rendered":"Dise\u00f1an plan estrat\u00e9gico para fortalecer y garantizar suministro el\u00e9ctrico en Los Roques"},"content":{"rendered":"\n<p>Prensa MPPEE\u2013 (Caracas\n08\/03\/2023).- Un plan estrat\u00e9gico para fortalecer y garantizar el <strong>suministro el\u00e9ctrico<\/strong> fue dise\u00f1ado en el\n<strong>Archipi\u00e9lago Los Roques<\/strong>, inform\u00f3 el <strong>Vicepresidente Sectorial de Obras P\u00fablicas\ny Servicios, G\/J N\u00e9stor Reverol. <\/strong><\/p>\n\n\n\n<p>Indic\u00f3 que dicho plan lo evalu\u00f3\ncon el <strong>jefe de Gobierno Territorial\nInsular \u201cFrancisco de Miranda\u201d, C\/A An\u00edbal Coronado<\/strong>, y los <strong>propietarios de las posadas<\/strong> de este\nimportante sector tur\u00edstico, durante un encuentro desarrollado este mi\u00e9rcoles\nen la sede del <strong>Ministerio de Poder Popular\npara la Energ\u00eda El\u00e9ctrica en Caracas. <\/strong><\/p>\n\n\n\n<p>El tambi\u00e9n titular de ese\ndespacho explic\u00f3 que en esta primera fase, inspeccionaron 511 usuarios que se\nencuentran registrados en la plataforma del <strong>servicio el\u00e9ctrico<\/strong>. <\/p>\n\n\n\n<p>\u201cAcordamos la <strong>instalaci\u00f3n de nuevos medidores el\u00e9ctricos<\/strong>,\nhacer entrega de bombillos LED, luminarias y kits solares, adem\u00e1s de modernizar\nel <strong>Sistema de Distribuci\u00f3n y Transmisi\u00f3n\nde Los Roques<\/strong>\u201d, asegur\u00f3. <\/p>\n\n\n\n<p>Agreg\u00f3 que, igualmente, evaluaron\nlos avances de los trabajos de construcci\u00f3n del <strong>parque fotovoltaico<\/strong>, que forma parte de las pol\u00edticas p\u00fablicas de\nenerg\u00eda renovable y cambio de la matriz energ\u00e9tica.<\/p>\n\n\n\n<p>\u201cSeguimos fortaleciendo el <strong>sistema el\u00e9ctrico<\/strong> en cada rinc\u00f3n de la\nPatria venezolana\u201d, concluy\u00f3 Reverol. <\/p>\n\n\n\n<p>Prensa Mppee<\/p>\n","protected":false},"excerpt":{"rendered":"<p>Prensa MPPEE\u2013 (Caracas 08\/03\/2023).- Un plan estrat\u00e9gico para fortalecer y garantizar el suministro el\u00e9ctrico fue dise\u00f1ado en el Archipi\u00e9lago Los<\/p>\n","protected":false},"author":22,"featured_media":88797,"comment_status":"open","ping_status":"open","sticky":false,"template":"","format":"standard","meta":{"footnotes":""},"categories":[15],"tags":[],"class_list":["post-88796","post","type-post","status-publish","format-standard","has-post-thumbnail","hentry","category-nacionales"],"_links":{"self":[{"href":"https:\/\/mppee.gob.ve\/index.php?rest_route=\/wp\/v2\/posts\/88796","targetHints":{"allow":["GET"]}}],"collection":[{"href":"https:\/\/mppee.gob.ve\/index.php?rest_route=\/wp\/v2\/posts"}],"about":[{"href":"https:\/\/mppee.gob.ve\/index.php?rest_route=\/wp\/v2\/types\/post"}],"author":[{"embeddable":true,"href":"https:\/\/mppee.gob.ve\/index.php?rest_route=\/wp\/v2\/users\/22"}],"replies":[{"embeddable":true,"href":"https:\/\/mppee.gob.ve\/index.php?rest_route=%2Fwp%2Fv2%2Fcomments&post=88796"}],"version-history":[{"count":1,"href":"https:\/\/mppee.gob.ve\/index.php?rest_route=\/wp\/v2\/posts\/88796\/revisions"}],"predecessor-version":[{"id":88798,"href":"https:\/\/mppee.gob.ve\/index.php?rest_route=\/wp\/v2\/posts\/88796\/revisions\/88798"}],"wp:featuredmedia":[{"embeddable":true,"href":"https:\/\/mppee.gob.ve\/index.php?rest_route=\/wp\/v2\/media\/88797"}],"wp:attachment":[{"href":"https:\/\/mppee.gob.ve\/index.php?rest_route=%2Fwp%2Fv2%2Fmedia&parent=88796"}],"wp:term":[{"taxonomy":"category","embeddable":true,"href":"https:\/\/mppee.gob.ve\/index.php?rest_route=%2Fwp%2Fv2%2Fcategories&post=88796"},{"taxonomy":"post_tag","embeddable":true,"href":"https:\/\/mppee.gob.ve\/index.php?rest_route=%2Fwp%2Fv2%2Ftags&post=88796"}],"curies":[{"name":"wp","href":"https:\/\/api.w.org\/{rel}","templated":true}]}}