{"id":88799,"date":"2023-03-09T19:40:37","date_gmt":"2023-03-09T19:40:37","guid":{"rendered":"http:\/\/10.200.87.50\/mppee\/?p=88799"},"modified":"2023-03-09T19:40:39","modified_gmt":"2023-03-09T19:40:39","slug":"promueven-cultura-energetica-en-la-unidad-educativa-nacional-claudio-feliciano-en-caracas","status":"publish","type":"post","link":"https:\/\/mppee.gob.ve\/?p=88799","title":{"rendered":"Promueven cultura energ\u00e9tica en la Unidad Educativa Nacional \u201cClaudio Feliciano\u201d en Caracas"},"content":{"rendered":"\n<p>Prensa\nMPPEE\u2013 (Caracas 09\/03\/2023).-&nbsp; Con el\nobjetivo de fortalecer en la <strong>poblaci\u00f3n\nescolar<\/strong> el <strong>uso responsable de la\nenerg\u00eda el\u00e9ctrica<\/strong>, desde la <strong>Unidad\nEducativa Nacional \u201cClaudio Feliciano\u201d<\/strong>, en la Parroquia Macarao de Caracas,\nla <strong>Gerencia General de Fuentes Alternas\nUso Racional de la Energ\u00eda El\u00e9ctrica (Fauree) <\/strong>desarroll\u00f3 diversas\nactividades, como parte de la conmemoraci\u00f3n por el <strong>Mes de la Eficiencia Energ\u00e9tica.<\/strong>&nbsp;\n<\/p>\n\n\n\n<p>\u201cEstamos\nrealizando este tipo de actividades, dirigida especialmente a los <strong>ni\u00f1os y ni\u00f1as<\/strong>, a fin de crear en ellos\nun sentido de responsabilidad hacia el uso eficiente de los recursos como lo es\nla energ\u00eda\u201d, expres\u00f3 la&nbsp; <strong>Jefa de Divisi\u00f3n Nacional de Formaci\u00f3n y\nSustituci\u00f3n Tqecnol\u00f3gica, Danieska Monserrat.<\/strong><\/p>\n\n\n\n<p>Durante el\ndesarrollo de la actividad, los m\u00e1s peque\u00f1os de la instituci\u00f3n a trav\u00e9s de\ndiferentes stands, recibieron informaci\u00f3n sobre el uso correcto de diferentes\nelectrodom\u00e9sticos a trav\u00e9s del <strong>Electro\nM\u00f3vil, Electro Cuenta Cuento, y un Taller de Reparaci\u00f3n de Bombillos.<\/strong><\/p>\n\n\n\n<p>&nbsp;\u201cNuestros ni\u00f1os son los <strong>semilleros y el futuro de la Patria<\/strong>, es por ello que les educamos\nsobre el uso responsable y consciente de la energ\u00eda, a fin que desde sus\nhogares puedan contribuir a la disminuci\u00f3n del consumo, reduciendo as\u00ed los\nefectos del cambio clim\u00e1tico y favorecer con el fortalecimiento del <strong>Sistema El\u00e9ctrico Nacional<\/strong>\u201d, afirm\u00f3.<\/p>\n\n\n\n<p>Por su\nparte, la subdirectora de la Unidad Educativa Claudio Feliciano, Aguela\nAvenda\u00f1o, agradeci\u00f3 a las autoridades del <strong>sector\nel\u00e9ctrico<\/strong>, por esta gran iniciativa donde los m\u00e1s peque\u00f1os de casa junto a\nsus representantes pudieron tomar conciencia y reflexionar&nbsp; sobre este tema tan importante y significativo\npara la sociedad. <\/p>\n\n\n\n<p>Prensa\nMPPEE\u2013 Mar\u00eda E. Delgado<\/p>\n","protected":false},"excerpt":{"rendered":"<p>Prensa MPPEE\u2013 (Caracas 09\/03\/2023).-&nbsp; Con el objetivo de fortalecer en la poblaci\u00f3n escolar el uso responsable de la energ\u00eda el\u00e9ctrica,<\/p>\n","protected":false},"author":22,"featured_media":88800,"comment_status":"open","ping_status":"open","sticky":false,"template":"","format":"standard","meta":{"footnotes":""},"categories":[1],"tags":[111],"class_list":["post-88799","post","type-post","status-publish","format-standard","has-post-thumbnail","hentry","category-mppee","tag-caracas"],"_links":{"self":[{"href":"https:\/\/mppee.gob.ve\/index.php?rest_route=\/wp\/v2\/posts\/88799","targetHints":{"allow":["GET"]}}],"collection":[{"href":"https:\/\/mppee.gob.ve\/index.php?rest_route=\/wp\/v2\/posts"}],"about":[{"href":"https:\/\/mppee.gob.ve\/index.php?rest_route=\/wp\/v2\/types\/post"}],"author":[{"embeddable":true,"href":"https:\/\/mppee.gob.ve\/index.php?rest_route=\/wp\/v2\/users\/22"}],"replies":[{"embeddable":true,"href":"https:\/\/mppee.gob.ve\/index.php?rest_route=%2Fwp%2Fv2%2Fcomments&post=88799"}],"version-history":[{"count":1,"href":"https:\/\/mppee.gob.ve\/index.php?rest_route=\/wp\/v2\/posts\/88799\/revisions"}],"predecessor-version":[{"id":88801,"href":"https:\/\/mppee.gob.ve\/index.php?rest_route=\/wp\/v2\/posts\/88799\/revisions\/88801"}],"wp:featuredmedia":[{"embeddable":true,"href":"https:\/\/mppee.gob.ve\/index.php?rest_route=\/wp\/v2\/media\/88800"}],"wp:attachment":[{"href":"https:\/\/mppee.gob.ve\/index.php?rest_route=%2Fwp%2Fv2%2Fmedia&parent=88799"}],"wp:term":[{"taxonomy":"category","embeddable":true,"href":"https:\/\/mppee.gob.ve\/index.php?rest_route=%2Fwp%2Fv2%2Fcategories&post=88799"},{"taxonomy":"post_tag","embeddable":true,"href":"https:\/\/mppee.gob.ve\/index.php?rest_route=%2Fwp%2Fv2%2Ftags&post=88799"}],"curies":[{"name":"wp","href":"https:\/\/api.w.org\/{rel}","templated":true}]}}